{"id":1020,"date":"2011-09-03T21:47:23","date_gmt":"2011-09-03T21:47:23","guid":{"rendered":"http:\/\/www.fotograf-tomaszkojtek.pl\/?p=1020"},"modified":"2011-09-03T21:53:13","modified_gmt":"2011-09-03T21:53:13","slug":"martina-i-mirek-zdjecia-slubne-raciborz-gliwice-katowice-rybnik","status":"publish","type":"post","link":"http:\/\/www.naszdzien.com.pl\/blog\/martina-i-mirek-zdjecia-slubne-raciborz-gliwice-katowice-rybnik\/","title":{"rendered":"Martina i Mirek | zdj\u0119cia \u015blubne, Racib\u00f3rz, Gliwice, Katowice, Rybnik"},"content":{"rendered":"<p>Uda\u0142o mi si\u0119 znale\u017a\u0107 chwilk\u0119 i publikuj\u0119 pr\u00f3bk\u0119 sesji plenerowej jak\u0105 mia\u0142em przyjemno\u015b\u0107 wykona\u0107 dla Martiny i Mirka.<br \/>\nZapraszam do ogl\u0105dania.<\/p>\n<p><a href=\"http:\/\/www.blog.naszdzien.com.pl\/wp-content\/uploads\/2011\/09\/DSC_4340.jpg\"><img loading=\"lazy\" src=\"http:\/\/www.blog.naszdzien.com.pl\/wp-content\/uploads\/2011\/09\/DSC_4340.jpg\" alt=\"zdj\u0119cia \u015blubne, fotografia \u015blubna, fotograf, Racib\u00f3rz, Rybnik, Katowice, Gliwice, sesja w plenerze\" title=\"DSC_4340\" width=\"540\" height=\"360\" class=\"aligncenter size-full wp-image-1036\" srcset=\"http:\/\/www.naszdzien.com.pl\/blog\/wp-content\/uploads\/2011\/09\/DSC_4340.jpg 540w, http:\/\/www.naszdzien.com.pl\/blog\/wp-content\/uploads\/2011\/09\/DSC_4340-300x200.jpg 300w\" sizes=\"(max-width: 540px) 100vw, 540px\" \/><\/a><\/p>\n<p><a href=\"http:\/\/www.blog.naszdzien.com.pl\/wp-content\/uploads\/2011\/09\/DSC_4026.jpg\"><img loading=\"lazy\" src=\"http:\/\/www.blog.naszdzien.com.pl\/wp-content\/uploads\/2011\/09\/DSC_4026.jpg\" alt=\"zdj\u0119cia \u015blubne, fotografia \u015blubna, fotograf, Racib\u00f3rz, Rybnik, Katowice, Gliwice, sesja w plenerze\" title=\"DSC_4026\" width=\"359\" height=\"540\" class=\"aligncenter size-full wp-image-1021\" srcset=\"http:\/\/www.naszdzien.com.pl\/blog\/wp-content\/uploads\/2011\/09\/DSC_4026.jpg 359w, http:\/\/www.naszdzien.com.pl\/blog\/wp-content\/uploads\/2011\/09\/DSC_4026-199x300.jpg 199w\" sizes=\"(max-width: 359px) 100vw, 359px\" \/><\/a><\/p>\n<p><a href=\"http:\/\/www.blog.naszdzien.com.pl\/wp-content\/uploads\/2011\/09\/DSC_4034.jpg\"><img loading=\"lazy\" src=\"http:\/\/www.blog.naszdzien.com.pl\/wp-content\/uploads\/2011\/09\/DSC_4034.jpg\" alt=\"zdj\u0119cia \u015blubne, fotografia \u015blubna, fotograf, Racib\u00f3rz, Rybnik, Katowice, Gliwice, sesja w plenerze\" title=\"DSC_4034\" width=\"360\" height=\"540\" class=\"aligncenter size-full wp-image-1022\" srcset=\"http:\/\/www.naszdzien.com.pl\/blog\/wp-content\/uploads\/2011\/09\/DSC_4034.jpg 360w, http:\/\/www.naszdzien.com.pl\/blog\/wp-content\/uploads\/2011\/09\/DSC_4034-200x300.jpg 200w\" sizes=\"(max-width: 360px) 100vw, 360px\" \/><\/a><\/p>\n<p><a href=\"http:\/\/www.blog.naszdzien.com.pl\/wp-content\/uploads\/2011\/09\/DSC_4044.jpg\"><img loading=\"lazy\" src=\"http:\/\/www.blog.naszdzien.com.pl\/wp-content\/uploads\/2011\/09\/DSC_4044.jpg\" alt=\"zdj\u0119cia \u015blubne, fotografia \u015blubna, fotograf, Racib\u00f3rz, Rybnik, Katowice, Gliwice, sesja w plenerze\" title=\"DSC_4044\" width=\"540\" height=\"359\" class=\"aligncenter size-full wp-image-1023\" srcset=\"http:\/\/www.naszdzien.com.pl\/blog\/wp-content\/uploads\/2011\/09\/DSC_4044.jpg 540w, http:\/\/www.naszdzien.com.pl\/blog\/wp-content\/uploads\/2011\/09\/DSC_4044-300x199.jpg 300w\" sizes=\"(max-width: 540px) 100vw, 540px\" \/><\/a><\/p>\n<p><a href=\"http:\/\/www.blog.naszdzien.com.pl\/wp-content\/uploads\/2011\/09\/DSC_4045.jpg\"><img loading=\"lazy\" src=\"http:\/\/www.blog.naszdzien.com.pl\/wp-content\/uploads\/2011\/09\/DSC_4045.jpg\" alt=\"zdj\u0119cia \u015blubne, fotografia \u015blubna, fotograf, Racib\u00f3rz, Rybnik, Katowice, Gliwice, sesja w plenerze\" title=\"DSC_4045\" width=\"360\" height=\"540\" class=\"aligncenter size-full wp-image-1024\" srcset=\"http:\/\/www.naszdzien.com.pl\/blog\/wp-content\/uploads\/2011\/09\/DSC_4045.jpg 360w, http:\/\/www.naszdzien.com.pl\/blog\/wp-content\/uploads\/2011\/09\/DSC_4045-200x300.jpg 200w\" sizes=\"(max-width: 360px) 100vw, 360px\" \/><\/a><\/p>\n<p><a href=\"http:\/\/www.blog.naszdzien.com.pl\/wp-content\/uploads\/2011\/09\/DSC_4063.jpg\"><img loading=\"lazy\" src=\"http:\/\/www.blog.naszdzien.com.pl\/wp-content\/uploads\/2011\/09\/DSC_4063.jpg\" alt=\"zdj\u0119cia \u015blubne, fotografia \u015blubna, fotograf, Racib\u00f3rz, Rybnik, Katowice, Gliwice, sesja w plenerze\" title=\"DSC_4063\" width=\"540\" height=\"359\" class=\"aligncenter size-full wp-image-1025\" srcset=\"http:\/\/www.naszdzien.com.pl\/blog\/wp-content\/uploads\/2011\/09\/DSC_4063.jpg 540w, http:\/\/www.naszdzien.com.pl\/blog\/wp-content\/uploads\/2011\/09\/DSC_4063-300x199.jpg 300w\" sizes=\"(max-width: 540px) 100vw, 540px\" \/><\/a><\/p>\n<p><a href=\"http:\/\/www.blog.naszdzien.com.pl\/wp-content\/uploads\/2011\/09\/DSC_4067.jpg\"><img loading=\"lazy\" src=\"http:\/\/www.blog.naszdzien.com.pl\/wp-content\/uploads\/2011\/09\/DSC_4067.jpg\" alt=\"zdj\u0119cia \u015blubne, fotografia \u015blubna, fotograf, Racib\u00f3rz, Rybnik, Katowice, Gliwice, sesja w plenerze\" title=\"DSC_4067\" width=\"360\" height=\"540\" class=\"aligncenter size-full wp-image-1026\" srcset=\"http:\/\/www.naszdzien.com.pl\/blog\/wp-content\/uploads\/2011\/09\/DSC_4067.jpg 360w, http:\/\/www.naszdzien.com.pl\/blog\/wp-content\/uploads\/2011\/09\/DSC_4067-200x300.jpg 200w\" sizes=\"(max-width: 360px) 100vw, 360px\" \/><\/a><\/p>\n<p><a href=\"http:\/\/www.blog.naszdzien.com.pl\/wp-content\/uploads\/2011\/09\/DSC_4126.jpg\"><img loading=\"lazy\" src=\"http:\/\/www.blog.naszdzien.com.pl\/wp-content\/uploads\/2011\/09\/DSC_4126.jpg\" alt=\"zdj\u0119cia \u015blubne, fotografia \u015blubna, fotograf, Racib\u00f3rz, Rybnik, Katowice, Gliwice, sesja w plenerze\" title=\"DSC_4126\" width=\"359\" height=\"540\" class=\"aligncenter size-full wp-image-1027\" srcset=\"http:\/\/www.naszdzien.com.pl\/blog\/wp-content\/uploads\/2011\/09\/DSC_4126.jpg 359w, http:\/\/www.naszdzien.com.pl\/blog\/wp-content\/uploads\/2011\/09\/DSC_4126-199x300.jpg 199w\" sizes=\"(max-width: 359px) 100vw, 359px\" \/><\/a><\/p>\n<p><a href=\"http:\/\/www.blog.naszdzien.com.pl\/wp-content\/uploads\/2011\/09\/DSC_4194.jpg\"><img loading=\"lazy\" src=\"http:\/\/www.blog.naszdzien.com.pl\/wp-content\/uploads\/2011\/09\/DSC_4194.jpg\" alt=\"zdj\u0119cia \u015blubne, fotografia \u015blubna, fotograf, Racib\u00f3rz, Rybnik, Katowice, Gliwice, sesja w plenerze\" title=\"DSC_4194\" width=\"540\" height=\"359\" class=\"aligncenter size-full wp-image-1028\" srcset=\"http:\/\/www.naszdzien.com.pl\/blog\/wp-content\/uploads\/2011\/09\/DSC_4194.jpg 540w, http:\/\/www.naszdzien.com.pl\/blog\/wp-content\/uploads\/2011\/09\/DSC_4194-300x199.jpg 300w\" sizes=\"(max-width: 540px) 100vw, 540px\" \/><\/a><\/p>\n<p><a href=\"http:\/\/www.blog.naszdzien.com.pl\/wp-content\/uploads\/2011\/09\/DSC_4197.jpg\"><img loading=\"lazy\" src=\"http:\/\/www.blog.naszdzien.com.pl\/wp-content\/uploads\/2011\/09\/DSC_4197.jpg\" alt=\"zdj\u0119cia \u015blubne, fotografia \u015blubna, fotograf, Racib\u00f3rz, Rybnik, Katowice, Gliwice, sesja w plenerze\" title=\"DSC_4197\" width=\"540\" height=\"359\" class=\"aligncenter size-full wp-image-1029\" srcset=\"http:\/\/www.naszdzien.com.pl\/blog\/wp-content\/uploads\/2011\/09\/DSC_4197.jpg 540w, http:\/\/www.naszdzien.com.pl\/blog\/wp-content\/uploads\/2011\/09\/DSC_4197-300x199.jpg 300w\" sizes=\"(max-width: 540px) 100vw, 540px\" \/><\/a><\/p>\n<p><a href=\"http:\/\/www.blog.naszdzien.com.pl\/wp-content\/uploads\/2011\/09\/DSC_4201.jpg\"><img loading=\"lazy\" src=\"http:\/\/www.blog.naszdzien.com.pl\/wp-content\/uploads\/2011\/09\/DSC_4201.jpg\" alt=\"zdj\u0119cia \u015blubne, fotografia \u015blubna, fotograf, Racib\u00f3rz, Rybnik, Katowice, Gliwice, sesja w plenerze\" title=\"DSC_4201\" width=\"359\" height=\"540\" class=\"aligncenter size-full wp-image-1030\" srcset=\"http:\/\/www.naszdzien.com.pl\/blog\/wp-content\/uploads\/2011\/09\/DSC_4201.jpg 359w, http:\/\/www.naszdzien.com.pl\/blog\/wp-content\/uploads\/2011\/09\/DSC_4201-199x300.jpg 199w\" sizes=\"(max-width: 359px) 100vw, 359px\" \/><\/a><\/p>\n<p><a href=\"http:\/\/www.blog.naszdzien.com.pl\/wp-content\/uploads\/2011\/09\/DSC_4238.jpg\"><img loading=\"lazy\" src=\"http:\/\/www.blog.naszdzien.com.pl\/wp-content\/uploads\/2011\/09\/DSC_4238.jpg\" alt=\"zdj\u0119cia \u015blubne, fotografia \u015blubna, fotograf, Racib\u00f3rz, Rybnik, Katowice, Gliwice, sesja w plenerze\" title=\"DSC_4238\" width=\"540\" height=\"359\" class=\"aligncenter size-full wp-image-1031\" srcset=\"http:\/\/www.naszdzien.com.pl\/blog\/wp-content\/uploads\/2011\/09\/DSC_4238.jpg 540w, http:\/\/www.naszdzien.com.pl\/blog\/wp-content\/uploads\/2011\/09\/DSC_4238-300x199.jpg 300w\" sizes=\"(max-width: 540px) 100vw, 540px\" \/><\/a><\/p>\n<p><a href=\"http:\/\/www.blog.naszdzien.com.pl\/wp-content\/uploads\/2011\/09\/DSC_4302.jpg\"><img loading=\"lazy\" src=\"http:\/\/www.blog.naszdzien.com.pl\/wp-content\/uploads\/2011\/09\/DSC_4302.jpg\" alt=\"zdj\u0119cia \u015blubne, fotografia \u015blubna, fotograf, Racib\u00f3rz, Rybnik, Katowice, Gliwice, sesja w plenerze\" title=\"DSC_4302\" width=\"359\" height=\"540\" class=\"aligncenter size-full wp-image-1032\" srcset=\"http:\/\/www.naszdzien.com.pl\/blog\/wp-content\/uploads\/2011\/09\/DSC_4302.jpg 359w, http:\/\/www.naszdzien.com.pl\/blog\/wp-content\/uploads\/2011\/09\/DSC_4302-199x300.jpg 199w\" sizes=\"(max-width: 359px) 100vw, 359px\" \/><\/a><\/p>\n<p><a href=\"http:\/\/www.blog.naszdzien.com.pl\/wp-content\/uploads\/2011\/09\/DSC_4313.jpg\"><img loading=\"lazy\" src=\"http:\/\/www.blog.naszdzien.com.pl\/wp-content\/uploads\/2011\/09\/DSC_4313.jpg\" alt=\"zdj\u0119cia \u015blubne, fotografia \u015blubna, fotograf, Racib\u00f3rz, Rybnik, Katowice, Gliwice, sesja w plenerze\" title=\"DSC_4313\" width=\"540\" height=\"359\" class=\"aligncenter size-full wp-image-1033\" srcset=\"http:\/\/www.naszdzien.com.pl\/blog\/wp-content\/uploads\/2011\/09\/DSC_4313.jpg 540w, http:\/\/www.naszdzien.com.pl\/blog\/wp-content\/uploads\/2011\/09\/DSC_4313-300x199.jpg 300w\" sizes=\"(max-width: 540px) 100vw, 540px\" \/><\/a><\/p>\n<p><a href=\"http:\/\/www.blog.naszdzien.com.pl\/wp-content\/uploads\/2011\/09\/DSC_4319.jpg\"><img loading=\"lazy\" src=\"http:\/\/www.blog.naszdzien.com.pl\/wp-content\/uploads\/2011\/09\/DSC_4319.jpg\" alt=\"zdj\u0119cia \u015blubne, fotografia \u015blubna, fotograf, Racib\u00f3rz, Rybnik, Katowice, Gliwice, sesja w plenerze\" title=\"DSC_4319\" width=\"359\" height=\"540\" class=\"aligncenter size-full wp-image-1034\" srcset=\"http:\/\/www.naszdzien.com.pl\/blog\/wp-content\/uploads\/2011\/09\/DSC_4319.jpg 359w, http:\/\/www.naszdzien.com.pl\/blog\/wp-content\/uploads\/2011\/09\/DSC_4319-199x300.jpg 199w\" sizes=\"(max-width: 359px) 100vw, 359px\" \/><\/a><\/p>\n<p><a href=\"http:\/\/www.blog.naszdzien.com.pl\/wp-content\/uploads\/2011\/09\/DSC_4324.jpg\"><img loading=\"lazy\" src=\"http:\/\/www.blog.naszdzien.com.pl\/wp-content\/uploads\/2011\/09\/DSC_4324.jpg\" alt=\"zdj\u0119cia \u015blubne, fotografia \u015blubna, fotograf, Racib\u00f3rz, Rybnik, Katowice, Gliwice, sesja w plenerze\" title=\"DSC_4324\" width=\"540\" height=\"359\" class=\"aligncenter size-full wp-image-1035\" srcset=\"http:\/\/www.naszdzien.com.pl\/blog\/wp-content\/uploads\/2011\/09\/DSC_4324.jpg 540w, http:\/\/www.naszdzien.com.pl\/blog\/wp-content\/uploads\/2011\/09\/DSC_4324-300x199.jpg 300w\" sizes=\"(max-width: 540px) 100vw, 540px\" \/><\/a><\/p>\n","protected":false},"excerpt":{"rendered":"<p>Uda\u0142o mi si\u0119 znale\u017a\u0107 chwilk\u0119 i publikuj\u0119 pr\u00f3bk\u0119 sesji plenerowej jak\u0105 mia\u0142em przyjemno\u015b\u0107 wykona\u0107 dla Martiny i Mirka. Zapraszam do ogl\u0105dania.<\/p>\n","protected":false},"author":1,"featured_media":1035,"comment_status":"open","ping_status":"closed","sticky":false,"template":"","format":"standard","meta":[],"categories":[5],"tags":[62,26,40,37,20,11,19,14,41,48,52,65,67,35,87,46,44,43,23,13,22,24],"_links":{"self":[{"href":"http:\/\/www.naszdzien.com.pl\/blog\/wp-json\/wp\/v2\/posts\/1020"}],"collection":[{"href":"http:\/\/www.naszdzien.com.pl\/blog\/wp-json\/wp\/v2\/posts"}],"about":[{"href":"http:\/\/www.naszdzien.com.pl\/blog\/wp-json\/wp\/v2\/types\/post"}],"author":[{"embeddable":true,"href":"http:\/\/www.naszdzien.com.pl\/blog\/wp-json\/wp\/v2\/users\/1"}],"replies":[{"embeddable":true,"href":"http:\/\/www.naszdzien.com.pl\/blog\/wp-json\/wp\/v2\/comments?post=1020"}],"version-history":[{"count":7,"href":"http:\/\/www.naszdzien.com.pl\/blog\/wp-json\/wp\/v2\/posts\/1020\/revisions"}],"predecessor-version":[{"id":1045,"href":"http:\/\/www.naszdzien.com.pl\/blog\/wp-json\/wp\/v2\/posts\/1020\/revisions\/1045"}],"wp:featuredmedia":[{"embeddable":true,"href":"http:\/\/www.naszdzien.com.pl\/blog\/wp-json\/wp\/v2\/media\/1035"}],"wp:attachment":[{"href":"http:\/\/www.naszdzien.com.pl\/blog\/wp-json\/wp\/v2\/media?parent=1020"}],"wp:term":[{"taxonomy":"category","embeddable":true,"href":"http:\/\/www.naszdzien.com.pl\/blog\/wp-json\/wp\/v2\/categories?post=1020"},{"taxonomy":"post_tag","embeddable":true,"href":"http:\/\/www.naszdzien.com.pl\/blog\/wp-json\/wp\/v2\/tags?post=1020"}],"curies":[{"name":"wp","href":"https:\/\/api.w.org\/{rel}","templated":true}]}}