{"id":1114,"date":"2011-11-30T21:50:49","date_gmt":"2011-11-30T21:50:49","guid":{"rendered":"http:\/\/www.fotograf-tomaszkojtek.pl\/?p=1114"},"modified":"2011-11-30T21:50:49","modified_gmt":"2011-11-30T21:50:49","slug":"agnieszka-patryk-zdjecia-w-plenerze","status":"publish","type":"post","link":"http:\/\/www.naszdzien.com.pl\/blog\/agnieszka-patryk-zdjecia-w-plenerze\/","title":{"rendered":"Agnieszka &#038; Patryk | zdj\u0119cia w plenerze"},"content":{"rendered":"<p>Tym razem przedstawiam bardzo ciekawy \u015blub. Agnieszka z Patrykiem bardzo ochoczo wsp\u00f3\u0142pracowali ze mn\u0105 i moim kamerzyst\u0105 \u0141ukaszem ( filmik w p\u00f3\u017aniejszym terminie). Podczas sesji, kt\u00f3r\u0105 wykonywali\u015bmy w innym dniu naprawd\u0119 \u015bwietnie si\u0119 bawili\u015bmy i mam nadziej\u0119, \u017ce uda\u0142o mi si\u0119 spe\u0142ni\u0107 ich oczekiwania.<br \/>\nZapraszam:)<\/p>\n<p><a href=\"http:\/\/www.blog.naszdzien.com.pl\/wp-content\/uploads\/2011\/11\/zdjecia-slubne-fotografia-slubna-plener_01.jpg\"><img loading=\"lazy\" src=\"http:\/\/www.blog.naszdzien.com.pl\/wp-content\/uploads\/2011\/11\/zdjecia-slubne-fotografia-slubna-plener_01.jpg\" alt=\"fotografia \u015blubna, Racib\u00f3rz, Gliwice, Katowice, Rybnik, fotokojtek, Opole, G\u0142ubczyce, Tychy, \u017bory, B\u0119dzin, zdj\u0119cia, \u015blub, sesja \u015blubna\" title=\"zdjecia slubne, fotografia slubna, plener_01\" width=\"540\" height=\"360\" class=\"aligncenter size-full wp-image-1116\" srcset=\"http:\/\/www.naszdzien.com.pl\/blog\/wp-content\/uploads\/2011\/11\/zdjecia-slubne-fotografia-slubna-plener_01.jpg 540w, http:\/\/www.naszdzien.com.pl\/blog\/wp-content\/uploads\/2011\/11\/zdjecia-slubne-fotografia-slubna-plener_01-300x200.jpg 300w\" sizes=\"(max-width: 540px) 100vw, 540px\" \/><\/a><\/p>\n<p><a href=\"http:\/\/www.blog.naszdzien.com.pl\/wp-content\/uploads\/2011\/11\/zdjecia-slubne-fotografia-slubna-plener_02.jpg\"><img loading=\"lazy\" src=\"http:\/\/www.blog.naszdzien.com.pl\/wp-content\/uploads\/2011\/11\/zdjecia-slubne-fotografia-slubna-plener_02.jpg\" alt=\"fotografia \u015blubna, Racib\u00f3rz, Gliwice, Katowice, Rybnik, fotokojtek, Opole, G\u0142ubczyce, Tychy, \u017bory, B\u0119dzin, zdj\u0119cia, \u015blub, sesja \u015blubna\" title=\"zdjecia slubne, fotografia slubna, plener_02\" width=\"540\" height=\"359\" class=\"aligncenter size-full wp-image-1117\" srcset=\"http:\/\/www.naszdzien.com.pl\/blog\/wp-content\/uploads\/2011\/11\/zdjecia-slubne-fotografia-slubna-plener_02.jpg 540w, http:\/\/www.naszdzien.com.pl\/blog\/wp-content\/uploads\/2011\/11\/zdjecia-slubne-fotografia-slubna-plener_02-300x199.jpg 300w\" sizes=\"(max-width: 540px) 100vw, 540px\" \/><\/a><\/p>\n<p><a href=\"http:\/\/www.blog.naszdzien.com.pl\/wp-content\/uploads\/2011\/11\/zdjecia-slubne-fotografia-slubna-plener_03.jpg\"><img loading=\"lazy\" src=\"http:\/\/www.blog.naszdzien.com.pl\/wp-content\/uploads\/2011\/11\/zdjecia-slubne-fotografia-slubna-plener_03.jpg\" alt=\"fotografia \u015blubna, Racib\u00f3rz, Gliwice, Katowice, Rybnik, fotokojtek, Opole, G\u0142ubczyce, Tychy, \u017bory, B\u0119dzin, zdj\u0119cia, \u015blub, sesja \u015blubna\" title=\"zdjecia slubne, fotografia slubna, plener_03\" width=\"540\" height=\"359\" class=\"aligncenter size-full wp-image-1118\" srcset=\"http:\/\/www.naszdzien.com.pl\/blog\/wp-content\/uploads\/2011\/11\/zdjecia-slubne-fotografia-slubna-plener_03.jpg 540w, http:\/\/www.naszdzien.com.pl\/blog\/wp-content\/uploads\/2011\/11\/zdjecia-slubne-fotografia-slubna-plener_03-300x199.jpg 300w\" sizes=\"(max-width: 540px) 100vw, 540px\" \/><\/a><\/p>\n<p><a href=\"http:\/\/www.blog.naszdzien.com.pl\/wp-content\/uploads\/2011\/11\/zdjecia-slubne-fotografia-slubna-plener_04.jpg\"><img loading=\"lazy\" src=\"http:\/\/www.blog.naszdzien.com.pl\/wp-content\/uploads\/2011\/11\/zdjecia-slubne-fotografia-slubna-plener_04.jpg\" alt=\"fotografia \u015blubna, Racib\u00f3rz, Gliwice, Katowice, Rybnik, fotokojtek, Opole, G\u0142ubczyce, Tychy, \u017bory, B\u0119dzin, zdj\u0119cia, \u015blub, sesja \u015blubna\" title=\"zdjecia slubne, fotografia slubna, plener_04\" width=\"359\" height=\"540\" class=\"aligncenter size-full wp-image-1119\" srcset=\"http:\/\/www.naszdzien.com.pl\/blog\/wp-content\/uploads\/2011\/11\/zdjecia-slubne-fotografia-slubna-plener_04.jpg 359w, http:\/\/www.naszdzien.com.pl\/blog\/wp-content\/uploads\/2011\/11\/zdjecia-slubne-fotografia-slubna-plener_04-199x300.jpg 199w\" sizes=\"(max-width: 359px) 100vw, 359px\" \/><\/a><\/p>\n<p><a href=\"http:\/\/www.blog.naszdzien.com.pl\/wp-content\/uploads\/2011\/11\/zdjecia-slubne-fotografia-slubna-plener_05.jpg\"><img loading=\"lazy\" src=\"http:\/\/www.blog.naszdzien.com.pl\/wp-content\/uploads\/2011\/11\/zdjecia-slubne-fotografia-slubna-plener_05.jpg\" alt=\"fotografia \u015blubna, Racib\u00f3rz, Gliwice, Katowice, Rybnik, fotokojtek, Opole, G\u0142ubczyce, Tychy, \u017bory, B\u0119dzin, zdj\u0119cia, \u015blub, sesja \u015blubna\" title=\"zdjecia slubne, fotografia slubna, plener_05\" width=\"540\" height=\"359\" class=\"aligncenter size-full wp-image-1120\" srcset=\"http:\/\/www.naszdzien.com.pl\/blog\/wp-content\/uploads\/2011\/11\/zdjecia-slubne-fotografia-slubna-plener_05.jpg 540w, http:\/\/www.naszdzien.com.pl\/blog\/wp-content\/uploads\/2011\/11\/zdjecia-slubne-fotografia-slubna-plener_05-300x199.jpg 300w\" sizes=\"(max-width: 540px) 100vw, 540px\" \/><\/a><\/p>\n<p><a href=\"http:\/\/www.blog.naszdzien.com.pl\/wp-content\/uploads\/2011\/11\/zdjecia-slubne-fotografia-slubna-plener_06.jpg\"><img loading=\"lazy\" src=\"http:\/\/www.blog.naszdzien.com.pl\/wp-content\/uploads\/2011\/11\/zdjecia-slubne-fotografia-slubna-plener_06.jpg\" alt=\"fotografia \u015blubna, Racib\u00f3rz, Gliwice, Katowice, Rybnik, fotokojtek, Opole, G\u0142ubczyce, Tychy, \u017bory, B\u0119dzin, zdj\u0119cia, \u015blub, sesja \u015blubna\" title=\"zdjecia slubne, fotografia slubna, plener_06\" width=\"360\" height=\"540\" class=\"aligncenter size-full wp-image-1121\" srcset=\"http:\/\/www.naszdzien.com.pl\/blog\/wp-content\/uploads\/2011\/11\/zdjecia-slubne-fotografia-slubna-plener_06.jpg 360w, http:\/\/www.naszdzien.com.pl\/blog\/wp-content\/uploads\/2011\/11\/zdjecia-slubne-fotografia-slubna-plener_06-200x300.jpg 200w\" sizes=\"(max-width: 360px) 100vw, 360px\" \/><\/a><\/p>\n<p><a href=\"http:\/\/www.blog.naszdzien.com.pl\/wp-content\/uploads\/2011\/11\/zdjecia-slubne-fotografia-slubna-plener_07.jpg\"><img loading=\"lazy\" src=\"http:\/\/www.blog.naszdzien.com.pl\/wp-content\/uploads\/2011\/11\/zdjecia-slubne-fotografia-slubna-plener_07.jpg\" alt=\"fotografia \u015blubna, Racib\u00f3rz, Gliwice, Katowice, Rybnik, fotokojtek, Opole, G\u0142ubczyce, Tychy, \u017bory, B\u0119dzin, zdj\u0119cia, \u015blub, sesja \u015blubna\" title=\"zdjecia slubne, fotografia slubna, plener_07\" width=\"540\" height=\"359\" class=\"aligncenter size-full wp-image-1122\" srcset=\"http:\/\/www.naszdzien.com.pl\/blog\/wp-content\/uploads\/2011\/11\/zdjecia-slubne-fotografia-slubna-plener_07.jpg 540w, http:\/\/www.naszdzien.com.pl\/blog\/wp-content\/uploads\/2011\/11\/zdjecia-slubne-fotografia-slubna-plener_07-300x199.jpg 300w\" sizes=\"(max-width: 540px) 100vw, 540px\" \/><\/a><\/p>\n<p><a href=\"http:\/\/www.blog.naszdzien.com.pl\/wp-content\/uploads\/2011\/11\/zdjecia-slubne-fotografia-slubna-plener_08.jpg\"><img loading=\"lazy\" src=\"http:\/\/www.blog.naszdzien.com.pl\/wp-content\/uploads\/2011\/11\/zdjecia-slubne-fotografia-slubna-plener_08.jpg\" alt=\"fotografia \u015blubna, Racib\u00f3rz, Gliwice, Katowice, Rybnik, fotokojtek, Opole, G\u0142ubczyce, Tychy, \u017bory, B\u0119dzin, zdj\u0119cia, \u015blub, sesja \u015blubna\" title=\"zdjecia slubne, fotografia slubna, plener_08\" width=\"540\" height=\"360\" class=\"aligncenter size-full wp-image-1123\" srcset=\"http:\/\/www.naszdzien.com.pl\/blog\/wp-content\/uploads\/2011\/11\/zdjecia-slubne-fotografia-slubna-plener_08.jpg 540w, http:\/\/www.naszdzien.com.pl\/blog\/wp-content\/uploads\/2011\/11\/zdjecia-slubne-fotografia-slubna-plener_08-300x200.jpg 300w\" sizes=\"(max-width: 540px) 100vw, 540px\" \/><\/a><\/p>\n<p><a href=\"http:\/\/www.blog.naszdzien.com.pl\/wp-content\/uploads\/2011\/11\/zdjecia-slubne-fotografia-slubna-plener_09.jpg\"><img loading=\"lazy\" src=\"http:\/\/www.blog.naszdzien.com.pl\/wp-content\/uploads\/2011\/11\/zdjecia-slubne-fotografia-slubna-plener_09.jpg\" alt=\"fotografia \u015blubna, Racib\u00f3rz, Gliwice, Katowice, Rybnik, fotokojtek, Opole, G\u0142ubczyce, Tychy, \u017bory, B\u0119dzin, zdj\u0119cia, \u015blub, sesja \u015blubna\" title=\"zdjecia slubne, fotografia slubna, plener_09\" width=\"359\" height=\"540\" class=\"aligncenter size-full wp-image-1124\" srcset=\"http:\/\/www.naszdzien.com.pl\/blog\/wp-content\/uploads\/2011\/11\/zdjecia-slubne-fotografia-slubna-plener_09.jpg 359w, http:\/\/www.naszdzien.com.pl\/blog\/wp-content\/uploads\/2011\/11\/zdjecia-slubne-fotografia-slubna-plener_09-199x300.jpg 199w\" sizes=\"(max-width: 359px) 100vw, 359px\" \/><\/a><\/p>\n<p><a href=\"http:\/\/www.blog.naszdzien.com.pl\/wp-content\/uploads\/2011\/11\/zdjecia-slubne-fotografia-slubna-plener_10.jpg\"><img loading=\"lazy\" src=\"http:\/\/www.blog.naszdzien.com.pl\/wp-content\/uploads\/2011\/11\/zdjecia-slubne-fotografia-slubna-plener_10.jpg\" alt=\"fotografia \u015blubna, Racib\u00f3rz, Gliwice, Katowice, Rybnik, fotokojtek, Opole, G\u0142ubczyce, Tychy, \u017bory, B\u0119dzin, zdj\u0119cia, \u015blub, sesja \u015blubna\" title=\"zdjecia slubne, fotografia slubna, plener_10\" width=\"360\" height=\"540\" class=\"aligncenter size-full wp-image-1125\" srcset=\"http:\/\/www.naszdzien.com.pl\/blog\/wp-content\/uploads\/2011\/11\/zdjecia-slubne-fotografia-slubna-plener_10.jpg 360w, http:\/\/www.naszdzien.com.pl\/blog\/wp-content\/uploads\/2011\/11\/zdjecia-slubne-fotografia-slubna-plener_10-200x300.jpg 200w\" sizes=\"(max-width: 360px) 100vw, 360px\" \/><\/a><\/p>\n<p><a href=\"http:\/\/www.blog.naszdzien.com.pl\/wp-content\/uploads\/2011\/11\/zdjecia-slubne-fotografia-slubna-plener_11.jpg\"><img loading=\"lazy\" src=\"http:\/\/www.blog.naszdzien.com.pl\/wp-content\/uploads\/2011\/11\/zdjecia-slubne-fotografia-slubna-plener_11.jpg\" alt=\"fotografia \u015blubna, Racib\u00f3rz, Gliwice, Katowice, Rybnik, fotokojtek, Opole, G\u0142ubczyce, Tychy, \u017bory, B\u0119dzin, zdj\u0119cia, \u015blub, sesja \u015blubna\" title=\"zdjecia slubne, fotografia slubna, plener_11\" width=\"540\" height=\"359\" class=\"aligncenter size-full wp-image-1126\" srcset=\"http:\/\/www.naszdzien.com.pl\/blog\/wp-content\/uploads\/2011\/11\/zdjecia-slubne-fotografia-slubna-plener_11.jpg 540w, http:\/\/www.naszdzien.com.pl\/blog\/wp-content\/uploads\/2011\/11\/zdjecia-slubne-fotografia-slubna-plener_11-300x199.jpg 300w\" sizes=\"(max-width: 540px) 100vw, 540px\" \/><\/a><\/p>\n<p><a href=\"http:\/\/www.blog.naszdzien.com.pl\/wp-content\/uploads\/2011\/11\/zdjecia-slubne-fotografia-slubna-plener_12.jpg\"><img loading=\"lazy\" src=\"http:\/\/www.blog.naszdzien.com.pl\/wp-content\/uploads\/2011\/11\/zdjecia-slubne-fotografia-slubna-plener_12.jpg\" alt=\"fotografia \u015blubna, Racib\u00f3rz, Gliwice, Katowice, Rybnik, fotokojtek, Opole, G\u0142ubczyce, Tychy, \u017bory, B\u0119dzin, zdj\u0119cia, \u015blub, sesja \u015blubna\" title=\"zdjecia slubne, fotografia slubna, plener_12\" width=\"540\" height=\"360\" class=\"aligncenter size-full wp-image-1127\" srcset=\"http:\/\/www.naszdzien.com.pl\/blog\/wp-content\/uploads\/2011\/11\/zdjecia-slubne-fotografia-slubna-plener_12.jpg 540w, http:\/\/www.naszdzien.com.pl\/blog\/wp-content\/uploads\/2011\/11\/zdjecia-slubne-fotografia-slubna-plener_12-300x200.jpg 300w\" sizes=\"(max-width: 540px) 100vw, 540px\" \/><\/a><\/p>\n<p><a href=\"http:\/\/www.blog.naszdzien.com.pl\/wp-content\/uploads\/2011\/11\/zdjecia-slubne-fotografia-slubna-plener_13.jpg\"><img loading=\"lazy\" src=\"http:\/\/www.blog.naszdzien.com.pl\/wp-content\/uploads\/2011\/11\/zdjecia-slubne-fotografia-slubna-plener_13.jpg\" alt=\"fotografia \u015blubna, Racib\u00f3rz, Gliwice, Katowice, Rybnik, fotokojtek, Opole, G\u0142ubczyce, Tychy, \u017bory, B\u0119dzin, zdj\u0119cia, \u015blub, sesja \u015blubna\" title=\"zdjecia slubne, fotografia slubna, plener_13\" width=\"540\" height=\"359\" class=\"aligncenter size-full wp-image-1128\" srcset=\"http:\/\/www.naszdzien.com.pl\/blog\/wp-content\/uploads\/2011\/11\/zdjecia-slubne-fotografia-slubna-plener_13.jpg 540w, http:\/\/www.naszdzien.com.pl\/blog\/wp-content\/uploads\/2011\/11\/zdjecia-slubne-fotografia-slubna-plener_13-300x199.jpg 300w\" sizes=\"(max-width: 540px) 100vw, 540px\" \/><\/a><\/p>\n<p><a href=\"http:\/\/www.blog.naszdzien.com.pl\/wp-content\/uploads\/2011\/11\/zdjecia-slubne-fotografia-slubna-plener_14.jpg\"><img loading=\"lazy\" src=\"http:\/\/www.blog.naszdzien.com.pl\/wp-content\/uploads\/2011\/11\/zdjecia-slubne-fotografia-slubna-plener_14.jpg\" alt=\"fotografia \u015blubna, Racib\u00f3rz, Gliwice, Katowice, Rybnik, fotokojtek, Opole, G\u0142ubczyce, Tychy, \u017bory, B\u0119dzin, zdj\u0119cia, \u015blub, sesja \u015blubna\" title=\"zdjecia slubne, fotografia slubna, plener_14\" width=\"540\" height=\"359\" class=\"aligncenter size-full wp-image-1129\" srcset=\"http:\/\/www.naszdzien.com.pl\/blog\/wp-content\/uploads\/2011\/11\/zdjecia-slubne-fotografia-slubna-plener_14.jpg 540w, http:\/\/www.naszdzien.com.pl\/blog\/wp-content\/uploads\/2011\/11\/zdjecia-slubne-fotografia-slubna-plener_14-300x199.jpg 300w\" sizes=\"(max-width: 540px) 100vw, 540px\" \/><\/a><\/p>\n<p><a href=\"http:\/\/www.blog.naszdzien.com.pl\/wp-content\/uploads\/2011\/11\/zdjecia-slubne-fotografia-slubna-plener_15.jpg\"><img loading=\"lazy\" src=\"http:\/\/www.blog.naszdzien.com.pl\/wp-content\/uploads\/2011\/11\/zdjecia-slubne-fotografia-slubna-plener_15.jpg\" alt=\"fotografia \u015blubna, Racib\u00f3rz, Gliwice, Katowice, Rybnik, fotokojtek, Opole, G\u0142ubczyce, Tychy, \u017bory, B\u0119dzin, zdj\u0119cia, \u015blub, sesja \u015blubna\" title=\"zdjecia slubne, fotografia slubna, plener_15\" width=\"540\" height=\"359\" class=\"aligncenter size-full wp-image-1130\" srcset=\"http:\/\/www.naszdzien.com.pl\/blog\/wp-content\/uploads\/2011\/11\/zdjecia-slubne-fotografia-slubna-plener_15.jpg 540w, http:\/\/www.naszdzien.com.pl\/blog\/wp-content\/uploads\/2011\/11\/zdjecia-slubne-fotografia-slubna-plener_15-300x199.jpg 300w\" sizes=\"(max-width: 540px) 100vw, 540px\" \/><\/a><\/p>\n<p><a href=\"http:\/\/www.blog.naszdzien.com.pl\/wp-content\/uploads\/2011\/11\/zdjecia-slubne-fotografia-slubna-plener_16.jpg\"><img loading=\"lazy\" src=\"http:\/\/www.blog.naszdzien.com.pl\/wp-content\/uploads\/2011\/11\/zdjecia-slubne-fotografia-slubna-plener_16.jpg\" alt=\"fotografia \u015blubna, Racib\u00f3rz, Gliwice, Katowice, Rybnik, fotokojtek, Opole, G\u0142ubczyce, Tychy, \u017bory, B\u0119dzin, zdj\u0119cia, \u015blub, sesja \u015blubna\" title=\"zdjecia slubne, fotografia slubna, plener_16\" width=\"359\" height=\"540\" class=\"aligncenter size-full wp-image-1131\" srcset=\"http:\/\/www.naszdzien.com.pl\/blog\/wp-content\/uploads\/2011\/11\/zdjecia-slubne-fotografia-slubna-plener_16.jpg 359w, http:\/\/www.naszdzien.com.pl\/blog\/wp-content\/uploads\/2011\/11\/zdjecia-slubne-fotografia-slubna-plener_16-199x300.jpg 199w\" sizes=\"(max-width: 359px) 100vw, 359px\" \/><\/a><\/p>\n<p><a href=\"http:\/\/www.blog.naszdzien.com.pl\/wp-content\/uploads\/2011\/11\/zdjecia-slubne-fotografia-slubna-plener_17.jpg\"><img loading=\"lazy\" src=\"http:\/\/www.blog.naszdzien.com.pl\/wp-content\/uploads\/2011\/11\/zdjecia-slubne-fotografia-slubna-plener_17.jpg\" alt=\"fotografia \u015blubna, Racib\u00f3rz, Gliwice, Katowice, Rybnik, fotokojtek, Opole, G\u0142ubczyce, Tychy, \u017bory, B\u0119dzin, zdj\u0119cia, \u015blub, sesja \u015blubna\" title=\"zdjecia slubne, fotografia slubna, plener_17\" width=\"540\" height=\"359\" class=\"aligncenter size-full wp-image-1132\" srcset=\"http:\/\/www.naszdzien.com.pl\/blog\/wp-content\/uploads\/2011\/11\/zdjecia-slubne-fotografia-slubna-plener_17.jpg 540w, http:\/\/www.naszdzien.com.pl\/blog\/wp-content\/uploads\/2011\/11\/zdjecia-slubne-fotografia-slubna-plener_17-300x199.jpg 300w\" sizes=\"(max-width: 540px) 100vw, 540px\" \/><\/a><\/p>\n<p><a href=\"http:\/\/www.blog.naszdzien.com.pl\/wp-content\/uploads\/2011\/11\/zdjecia-slubne-fotografia-slubna-plener_18.jpg\"><img loading=\"lazy\" src=\"http:\/\/www.blog.naszdzien.com.pl\/wp-content\/uploads\/2011\/11\/zdjecia-slubne-fotografia-slubna-plener_18.jpg\" alt=\"fotografia \u015blubna, Racib\u00f3rz, Gliwice, Katowice, Rybnik, fotokojtek, Opole, G\u0142ubczyce, Tychy, \u017bory, B\u0119dzin, zdj\u0119cia, \u015blub, sesja \u015blubna\" title=\"zdjecia slubne, fotografia slubna, plener_18\" width=\"540\" height=\"359\" class=\"aligncenter size-full wp-image-1133\" srcset=\"http:\/\/www.naszdzien.com.pl\/blog\/wp-content\/uploads\/2011\/11\/zdjecia-slubne-fotografia-slubna-plener_18.jpg 540w, http:\/\/www.naszdzien.com.pl\/blog\/wp-content\/uploads\/2011\/11\/zdjecia-slubne-fotografia-slubna-plener_18-300x199.jpg 300w\" sizes=\"(max-width: 540px) 100vw, 540px\" \/><\/a><\/p>\n<p><a href=\"http:\/\/www.blog.naszdzien.com.pl\/wp-content\/uploads\/2011\/11\/zdjecia-slubne-fotografia-slubna-plener_19.jpg\"><img loading=\"lazy\" src=\"http:\/\/www.blog.naszdzien.com.pl\/wp-content\/uploads\/2011\/11\/zdjecia-slubne-fotografia-slubna-plener_19.jpg\" alt=\"fotografia \u015blubna, Racib\u00f3rz, Gliwice, Katowice, Rybnik, fotokojtek, Opole, G\u0142ubczyce, Tychy, \u017bory, B\u0119dzin, zdj\u0119cia, \u015blub, sesja \u015blubna\" title=\"zdjecia slubne, fotografia slubna, plener_19\" width=\"540\" height=\"359\" class=\"aligncenter size-full wp-image-1134\" srcset=\"http:\/\/www.naszdzien.com.pl\/blog\/wp-content\/uploads\/2011\/11\/zdjecia-slubne-fotografia-slubna-plener_19.jpg 540w, http:\/\/www.naszdzien.com.pl\/blog\/wp-content\/uploads\/2011\/11\/zdjecia-slubne-fotografia-slubna-plener_19-300x199.jpg 300w\" sizes=\"(max-width: 540px) 100vw, 540px\" \/><\/a><\/p>\n<p><a href=\"http:\/\/www.blog.naszdzien.com.pl\/wp-content\/uploads\/2011\/11\/zdjecia-slubne-fotografia-slubna-plener_20.jpg\"><img loading=\"lazy\" src=\"http:\/\/www.blog.naszdzien.com.pl\/wp-content\/uploads\/2011\/11\/zdjecia-slubne-fotografia-slubna-plener_20.jpg\" alt=\"fotografia \u015blubna, Racib\u00f3rz, Gliwice, Katowice, Rybnik, fotokojtek, Opole, G\u0142ubczyce, Tychy, \u017bory, B\u0119dzin, zdj\u0119cia, \u015blub, sesja \u015blubna\" title=\"zdjecia slubne, fotografia slubna, plener_20\" width=\"540\" height=\"359\" class=\"aligncenter size-full wp-image-1135\" srcset=\"http:\/\/www.naszdzien.com.pl\/blog\/wp-content\/uploads\/2011\/11\/zdjecia-slubne-fotografia-slubna-plener_20.jpg 540w, http:\/\/www.naszdzien.com.pl\/blog\/wp-content\/uploads\/2011\/11\/zdjecia-slubne-fotografia-slubna-plener_20-300x199.jpg 300w\" sizes=\"(max-width: 540px) 100vw, 540px\" \/><\/a><\/p>\n<p><a href=\"http:\/\/www.blog.naszdzien.com.pl\/wp-content\/uploads\/2011\/11\/zdjecia-slubne-fotografia-slubna-plener_21.jpg\"><img loading=\"lazy\" src=\"http:\/\/www.blog.naszdzien.com.pl\/wp-content\/uploads\/2011\/11\/zdjecia-slubne-fotografia-slubna-plener_21.jpg\" alt=\"fotografia \u015blubna, Racib\u00f3rz, Gliwice, Katowice, Rybnik, fotokojtek, Opole, G\u0142ubczyce, Tychy, \u017bory, B\u0119dzin, zdj\u0119cia, \u015blub, sesja \u015blubna\" title=\"zdjecia slubne, fotografia slubna, plener_21\" width=\"540\" height=\"359\" class=\"aligncenter size-full wp-image-1136\" srcset=\"http:\/\/www.naszdzien.com.pl\/blog\/wp-content\/uploads\/2011\/11\/zdjecia-slubne-fotografia-slubna-plener_21.jpg 540w, http:\/\/www.naszdzien.com.pl\/blog\/wp-content\/uploads\/2011\/11\/zdjecia-slubne-fotografia-slubna-plener_21-300x199.jpg 300w\" sizes=\"(max-width: 540px) 100vw, 540px\" \/><\/a><\/p>\n<p><a href=\"http:\/\/www.blog.naszdzien.com.pl\/wp-content\/uploads\/2011\/11\/zdjecia-slubne-fotografia-slubna-plener_22.jpg\"><img loading=\"lazy\" src=\"http:\/\/www.blog.naszdzien.com.pl\/wp-content\/uploads\/2011\/11\/zdjecia-slubne-fotografia-slubna-plener_22.jpg\" alt=\"fotografia \u015blubna, Racib\u00f3rz, Gliwice, Katowice, Rybnik, fotokojtek, Opole, G\u0142ubczyce, Tychy, \u017bory, B\u0119dzin, zdj\u0119cia, \u015blub, sesja \u015blubna\" title=\"zdjecia slubne, fotografia slubna, plener_22\" width=\"360\" height=\"540\" class=\"aligncenter size-full wp-image-1137\" srcset=\"http:\/\/www.naszdzien.com.pl\/blog\/wp-content\/uploads\/2011\/11\/zdjecia-slubne-fotografia-slubna-plener_22.jpg 360w, http:\/\/www.naszdzien.com.pl\/blog\/wp-content\/uploads\/2011\/11\/zdjecia-slubne-fotografia-slubna-plener_22-200x300.jpg 200w\" sizes=\"(max-width: 360px) 100vw, 360px\" \/><\/a><\/p>\n<p><a href=\"http:\/\/www.blog.naszdzien.com.pl\/wp-content\/uploads\/2011\/11\/zdjecia-slubne-fotografia-slubna-plener_23.jpg\"><img loading=\"lazy\" src=\"http:\/\/www.blog.naszdzien.com.pl\/wp-content\/uploads\/2011\/11\/zdjecia-slubne-fotografia-slubna-plener_23.jpg\" alt=\"fotografia \u015blubna, Racib\u00f3rz, Gliwice, Katowice, Rybnik, fotokojtek, Opole, G\u0142ubczyce, Tychy, \u017bory, B\u0119dzin, zdj\u0119cia, \u015blub, sesja \u015blubna\" title=\"zdjecia slubne, fotografia slubna, plener_23\" width=\"540\" height=\"360\" class=\"aligncenter size-full wp-image-1138\" srcset=\"http:\/\/www.naszdzien.com.pl\/blog\/wp-content\/uploads\/2011\/11\/zdjecia-slubne-fotografia-slubna-plener_23.jpg 540w, http:\/\/www.naszdzien.com.pl\/blog\/wp-content\/uploads\/2011\/11\/zdjecia-slubne-fotografia-slubna-plener_23-300x200.jpg 300w\" sizes=\"(max-width: 540px) 100vw, 540px\" \/><\/a><\/p>\n<p><a href=\"http:\/\/www.blog.naszdzien.com.pl\/wp-content\/uploads\/2011\/11\/zdjecia-slubne-fotografia-slubna-plener_24.jpg\"><img loading=\"lazy\" src=\"http:\/\/www.blog.naszdzien.com.pl\/wp-content\/uploads\/2011\/11\/zdjecia-slubne-fotografia-slubna-plener_24.jpg\" alt=\"fotografia \u015blubna, Racib\u00f3rz, Gliwice, Katowice, Rybnik, fotokojtek, Opole, G\u0142ubczyce, Tychy, \u017bory, B\u0119dzin, zdj\u0119cia, \u015blub, sesja \u015blubna\" title=\"zdjecia slubne, fotografia slubna, plener_24\" width=\"360\" height=\"540\" class=\"aligncenter size-full wp-image-1139\" srcset=\"http:\/\/www.naszdzien.com.pl\/blog\/wp-content\/uploads\/2011\/11\/zdjecia-slubne-fotografia-slubna-plener_24.jpg 360w, http:\/\/www.naszdzien.com.pl\/blog\/wp-content\/uploads\/2011\/11\/zdjecia-slubne-fotografia-slubna-plener_24-200x300.jpg 200w\" sizes=\"(max-width: 360px) 100vw, 360px\" \/><\/a><\/p>\n<p><a href=\"http:\/\/www.blog.naszdzien.com.pl\/wp-content\/uploads\/2011\/11\/zdjecia-slubne-fotografia-slubna-plener_25.jpg\"><img loading=\"lazy\" src=\"http:\/\/www.blog.naszdzien.com.pl\/wp-content\/uploads\/2011\/11\/zdjecia-slubne-fotografia-slubna-plener_25.jpg\" alt=\"fotografia \u015blubna, Racib\u00f3rz, Gliwice, Katowice, Rybnik, fotokojtek, Opole, G\u0142ubczyce, Tychy, \u017bory, B\u0119dzin, zdj\u0119cia, \u015blub, sesja \u015blubna\" title=\"zdjecia slubne, fotografia slubna, plener_25\" width=\"540\" height=\"360\" class=\"aligncenter size-full wp-image-1140\" srcset=\"http:\/\/www.naszdzien.com.pl\/blog\/wp-content\/uploads\/2011\/11\/zdjecia-slubne-fotografia-slubna-plener_25.jpg 540w, http:\/\/www.naszdzien.com.pl\/blog\/wp-content\/uploads\/2011\/11\/zdjecia-slubne-fotografia-slubna-plener_25-300x200.jpg 300w\" sizes=\"(max-width: 540px) 100vw, 540px\" \/><\/a><\/p>\n<p><a href=\"http:\/\/www.blog.naszdzien.com.pl\/wp-content\/uploads\/2011\/11\/zdjecia-slubne-fotografia-slubna-plener_26.jpg\"><img loading=\"lazy\" src=\"http:\/\/www.blog.naszdzien.com.pl\/wp-content\/uploads\/2011\/11\/zdjecia-slubne-fotografia-slubna-plener_26.jpg\" alt=\"fotografia \u015blubna, Racib\u00f3rz, Gliwice, Katowice, Rybnik, fotokojtek, Opole, G\u0142ubczyce, Tychy, \u017bory, B\u0119dzin, zdj\u0119cia, \u015blub, sesja \u015blubna\" title=\"zdjecia slubne, fotografia slubna, plener_26\" width=\"540\" height=\"360\" class=\"aligncenter size-full wp-image-1141\" srcset=\"http:\/\/www.naszdzien.com.pl\/blog\/wp-content\/uploads\/2011\/11\/zdjecia-slubne-fotografia-slubna-plener_26.jpg 540w, http:\/\/www.naszdzien.com.pl\/blog\/wp-content\/uploads\/2011\/11\/zdjecia-slubne-fotografia-slubna-plener_26-300x200.jpg 300w\" sizes=\"(max-width: 540px) 100vw, 540px\" \/><\/a><\/p>\n<p><a href=\"http:\/\/www.blog.naszdzien.com.pl\/wp-content\/uploads\/2011\/11\/zdjecia-slubne-fotografia-slubna-plener_27.jpg\"><img loading=\"lazy\" src=\"http:\/\/www.blog.naszdzien.com.pl\/wp-content\/uploads\/2011\/11\/zdjecia-slubne-fotografia-slubna-plener_27.jpg\" alt=\"fotografia \u015blubna, Racib\u00f3rz, Gliwice, Katowice, Rybnik, fotokojtek, Opole, G\u0142ubczyce, Tychy, \u017bory, B\u0119dzin, zdj\u0119cia, \u015blub, sesja \u015blubna\" title=\"zdjecia slubne, fotografia slubna, plener_27\" width=\"540\" height=\"359\" class=\"aligncenter size-full wp-image-1142\" srcset=\"http:\/\/www.naszdzien.com.pl\/blog\/wp-content\/uploads\/2011\/11\/zdjecia-slubne-fotografia-slubna-plener_27.jpg 540w, http:\/\/www.naszdzien.com.pl\/blog\/wp-content\/uploads\/2011\/11\/zdjecia-slubne-fotografia-slubna-plener_27-300x199.jpg 300w\" sizes=\"(max-width: 540px) 100vw, 540px\" \/><\/a><\/p>\n<p><a href=\"http:\/\/www.blog.naszdzien.com.pl\/wp-content\/uploads\/2011\/11\/zdjecia-slubne-fotografia-slubna-plener_28.jpg\"><img loading=\"lazy\" src=\"http:\/\/www.blog.naszdzien.com.pl\/wp-content\/uploads\/2011\/11\/zdjecia-slubne-fotografia-slubna-plener_28.jpg\" alt=\"fotografia \u015blubna, Racib\u00f3rz, Gliwice, Katowice, Rybnik, fotokojtek, Opole, G\u0142ubczyce, Tychy, \u017bory, B\u0119dzin, zdj\u0119cia, \u015blub, sesja \u015blubna\" title=\"zdjecia slubne, fotografia slubna, plener_28\" width=\"540\" height=\"359\" class=\"aligncenter size-full wp-image-1143\" srcset=\"http:\/\/www.naszdzien.com.pl\/blog\/wp-content\/uploads\/2011\/11\/zdjecia-slubne-fotografia-slubna-plener_28.jpg 540w, http:\/\/www.naszdzien.com.pl\/blog\/wp-content\/uploads\/2011\/11\/zdjecia-slubne-fotografia-slubna-plener_28-300x199.jpg 300w\" sizes=\"(max-width: 540px) 100vw, 540px\" \/><\/a><\/p>\n<p><a href=\"http:\/\/www.blog.naszdzien.com.pl\/wp-content\/uploads\/2011\/11\/zdjecia-slubne-fotografia-slubna-plener_29.jpg\"><img loading=\"lazy\" src=\"http:\/\/www.blog.naszdzien.com.pl\/wp-content\/uploads\/2011\/11\/zdjecia-slubne-fotografia-slubna-plener_29.jpg\" alt=\"fotografia \u015blubna, Racib\u00f3rz, Gliwice, Katowice, Rybnik, fotokojtek, Opole, G\u0142ubczyce, Tychy, \u017bory, B\u0119dzin, zdj\u0119cia, \u015blub, sesja \u015blubna\" title=\"zdjecia slubne, fotografia slubna, plener_29\" width=\"360\" height=\"540\" class=\"aligncenter size-full wp-image-1144\" srcset=\"http:\/\/www.naszdzien.com.pl\/blog\/wp-content\/uploads\/2011\/11\/zdjecia-slubne-fotografia-slubna-plener_29.jpg 360w, http:\/\/www.naszdzien.com.pl\/blog\/wp-content\/uploads\/2011\/11\/zdjecia-slubne-fotografia-slubna-plener_29-200x300.jpg 200w\" sizes=\"(max-width: 360px) 100vw, 360px\" \/><\/a><\/p>\n<p><a href=\"http:\/\/www.blog.naszdzien.com.pl\/wp-content\/uploads\/2011\/11\/zdjecia-slubne-fotografia-slubna-plener_30.jpg\"><img loading=\"lazy\" src=\"http:\/\/www.blog.naszdzien.com.pl\/wp-content\/uploads\/2011\/11\/zdjecia-slubne-fotografia-slubna-plener_30.jpg\" alt=\"fotografia \u015blubna, Racib\u00f3rz, Gliwice, Katowice, Rybnik, fotokojtek, Opole, G\u0142ubczyce, Tychy, \u017bory, B\u0119dzin, zdj\u0119cia, \u015blub, sesja \u015blubna\" title=\"zdjecia slubne, fotografia slubna, plener_30\" width=\"540\" height=\"360\" class=\"aligncenter size-full wp-image-1145\" srcset=\"http:\/\/www.naszdzien.com.pl\/blog\/wp-content\/uploads\/2011\/11\/zdjecia-slubne-fotografia-slubna-plener_30.jpg 540w, http:\/\/www.naszdzien.com.pl\/blog\/wp-content\/uploads\/2011\/11\/zdjecia-slubne-fotografia-slubna-plener_30-300x200.jpg 300w\" sizes=\"(max-width: 540px) 100vw, 540px\" \/><\/a><\/p>\n<p><a href=\"http:\/\/www.blog.naszdzien.com.pl\/wp-content\/uploads\/2011\/11\/zdjecia-slubne-fotografia-slubna-plener_31.jpg\"><img loading=\"lazy\" src=\"http:\/\/www.blog.naszdzien.com.pl\/wp-content\/uploads\/2011\/11\/zdjecia-slubne-fotografia-slubna-plener_31.jpg\" alt=\"fotografia \u015blubna, Racib\u00f3rz, Gliwice, Katowice, Rybnik, fotokojtek, Opole, G\u0142ubczyce, Tychy, \u017bory, B\u0119dzin, zdj\u0119cia, \u015blub, sesja \u015blubna\" title=\"zdjecia slubne, fotografia slubna, plener_31\" width=\"359\" height=\"540\" class=\"aligncenter size-full wp-image-1146\" srcset=\"http:\/\/www.naszdzien.com.pl\/blog\/wp-content\/uploads\/2011\/11\/zdjecia-slubne-fotografia-slubna-plener_31.jpg 359w, http:\/\/www.naszdzien.com.pl\/blog\/wp-content\/uploads\/2011\/11\/zdjecia-slubne-fotografia-slubna-plener_31-199x300.jpg 199w\" sizes=\"(max-width: 359px) 100vw, 359px\" \/><\/a><\/p>\n<p><a href=\"http:\/\/www.blog.naszdzien.com.pl\/wp-content\/uploads\/2011\/11\/zdjecia-slubne-fotografia-slubna-plener_32.jpg\"><img loading=\"lazy\" src=\"http:\/\/www.blog.naszdzien.com.pl\/wp-content\/uploads\/2011\/11\/zdjecia-slubne-fotografia-slubna-plener_32.jpg\" alt=\"fotografia \u015blubna, Racib\u00f3rz, Gliwice, Katowice, Rybnik, fotokojtek, Opole, G\u0142ubczyce, Tychy, \u017bory, B\u0119dzin, zdj\u0119cia, \u015blub, sesja \u015blubna\" title=\"zdjecia slubne, fotografia slubna, plener_32\" width=\"360\" height=\"540\" class=\"aligncenter size-full wp-image-1147\" srcset=\"http:\/\/www.naszdzien.com.pl\/blog\/wp-content\/uploads\/2011\/11\/zdjecia-slubne-fotografia-slubna-plener_32.jpg 360w, http:\/\/www.naszdzien.com.pl\/blog\/wp-content\/uploads\/2011\/11\/zdjecia-slubne-fotografia-slubna-plener_32-200x300.jpg 200w\" sizes=\"(max-width: 360px) 100vw, 360px\" \/><\/a><\/p>\n<p><a href=\"http:\/\/www.blog.naszdzien.com.pl\/wp-content\/uploads\/2011\/11\/zdjecia-slubne-fotografia-slubna-plener_33.jpg\"><img loading=\"lazy\" src=\"http:\/\/www.blog.naszdzien.com.pl\/wp-content\/uploads\/2011\/11\/zdjecia-slubne-fotografia-slubna-plener_33.jpg\" alt=\"fotografia \u015blubna, Racib\u00f3rz, Gliwice, Katowice, Rybnik, fotokojtek, Opole, G\u0142ubczyce, Tychy, \u017bory, B\u0119dzin, zdj\u0119cia, \u015blub, sesja \u015blubna\" title=\"zdjecia slubne, fotografia slubna, plener_33\" width=\"540\" height=\"360\" class=\"aligncenter size-full wp-image-1148\" srcset=\"http:\/\/www.naszdzien.com.pl\/blog\/wp-content\/uploads\/2011\/11\/zdjecia-slubne-fotografia-slubna-plener_33.jpg 540w, http:\/\/www.naszdzien.com.pl\/blog\/wp-content\/uploads\/2011\/11\/zdjecia-slubne-fotografia-slubna-plener_33-300x200.jpg 300w\" sizes=\"(max-width: 540px) 100vw, 540px\" \/><\/a><\/p>\n<p><a href=\"http:\/\/www.blog.naszdzien.com.pl\/wp-content\/uploads\/2011\/11\/zdjecia-slubne-fotografia-slubna-plener_34.jpg\"><img loading=\"lazy\" src=\"http:\/\/www.blog.naszdzien.com.pl\/wp-content\/uploads\/2011\/11\/zdjecia-slubne-fotografia-slubna-plener_34.jpg\" alt=\"fotografia \u015blubna, Racib\u00f3rz, Gliwice, Katowice, Rybnik, fotokojtek, Opole, G\u0142ubczyce, Tychy, \u017bory, B\u0119dzin, zdj\u0119cia, \u015blub, sesja \u015blubna\" title=\"zdjecia slubne, fotografia slubna, plener_34\" width=\"540\" height=\"360\" class=\"aligncenter size-full wp-image-1149\" srcset=\"http:\/\/www.naszdzien.com.pl\/blog\/wp-content\/uploads\/2011\/11\/zdjecia-slubne-fotografia-slubna-plener_34.jpg 540w, http:\/\/www.naszdzien.com.pl\/blog\/wp-content\/uploads\/2011\/11\/zdjecia-slubne-fotografia-slubna-plener_34-300x200.jpg 300w\" sizes=\"(max-width: 540px) 100vw, 540px\" \/><\/a><\/p>\n<p><a href=\"http:\/\/www.blog.naszdzien.com.pl\/wp-content\/uploads\/2011\/11\/zdjecia-slubne-fotografia-slubna-plener_35.jpg\"><img loading=\"lazy\" src=\"http:\/\/www.blog.naszdzien.com.pl\/wp-content\/uploads\/2011\/11\/zdjecia-slubne-fotografia-slubna-plener_35.jpg\" alt=\"fotografia \u015blubna, Racib\u00f3rz, Gliwice, Katowice, Rybnik, fotokojtek, Opole, G\u0142ubczyce, Tychy, \u017bory, B\u0119dzin, zdj\u0119cia, \u015blub, sesja \u015blubna\" title=\"zdjecia slubne, fotografia slubna, plener_35\" width=\"540\" height=\"359\" class=\"aligncenter size-full wp-image-1150\" srcset=\"http:\/\/www.naszdzien.com.pl\/blog\/wp-content\/uploads\/2011\/11\/zdjecia-slubne-fotografia-slubna-plener_35.jpg 540w, http:\/\/www.naszdzien.com.pl\/blog\/wp-content\/uploads\/2011\/11\/zdjecia-slubne-fotografia-slubna-plener_35-300x199.jpg 300w\" sizes=\"(max-width: 540px) 100vw, 540px\" \/><\/a><\/p>\n<p><a href=\"http:\/\/www.blog.naszdzien.com.pl\/wp-content\/uploads\/2011\/11\/zdjecia-slubne-fotografia-slubna-plener_36.jpg\"><img loading=\"lazy\" src=\"http:\/\/www.blog.naszdzien.com.pl\/wp-content\/uploads\/2011\/11\/zdjecia-slubne-fotografia-slubna-plener_36.jpg\" alt=\"fotografia \u015blubna, Racib\u00f3rz, Gliwice, Katowice, Rybnik, fotokojtek, Opole, G\u0142ubczyce, Tychy, \u017bory, B\u0119dzin, zdj\u0119cia, \u015blub, sesja \u015blubna\" title=\"zdjecia slubne, fotografia slubna, plener_36\" width=\"540\" height=\"359\" class=\"aligncenter size-full wp-image-1151\" srcset=\"http:\/\/www.naszdzien.com.pl\/blog\/wp-content\/uploads\/2011\/11\/zdjecia-slubne-fotografia-slubna-plener_36.jpg 540w, http:\/\/www.naszdzien.com.pl\/blog\/wp-content\/uploads\/2011\/11\/zdjecia-slubne-fotografia-slubna-plener_36-300x199.jpg 300w\" sizes=\"(max-width: 540px) 100vw, 540px\" \/><\/a><\/p>\n<p><a href=\"http:\/\/www.blog.naszdzien.com.pl\/wp-content\/uploads\/2011\/11\/zdjecia-slubne-fotografia-slubna-plener_37.jpg\"><img loading=\"lazy\" src=\"http:\/\/www.blog.naszdzien.com.pl\/wp-content\/uploads\/2011\/11\/zdjecia-slubne-fotografia-slubna-plener_37.jpg\" alt=\"fotografia \u015blubna, Racib\u00f3rz, Gliwice, Katowice, Rybnik, fotokojtek, Opole, G\u0142ubczyce, Tychy, \u017bory, B\u0119dzin, zdj\u0119cia, \u015blub, sesja \u015blubna\" title=\"zdjecia slubne, fotografia slubna, plener_37\" width=\"540\" height=\"359\" class=\"aligncenter size-full wp-image-1152\" srcset=\"http:\/\/www.naszdzien.com.pl\/blog\/wp-content\/uploads\/2011\/11\/zdjecia-slubne-fotografia-slubna-plener_37.jpg 540w, http:\/\/www.naszdzien.com.pl\/blog\/wp-content\/uploads\/2011\/11\/zdjecia-slubne-fotografia-slubna-plener_37-300x199.jpg 300w\" sizes=\"(max-width: 540px) 100vw, 540px\" \/><\/a><\/p>\n<p><a href=\"http:\/\/www.blog.naszdzien.com.pl\/wp-content\/uploads\/2011\/11\/zdjecia-slubne-fotografia-slubna-plener_38.jpg\"><img loading=\"lazy\" src=\"http:\/\/www.blog.naszdzien.com.pl\/wp-content\/uploads\/2011\/11\/zdjecia-slubne-fotografia-slubna-plener_38.jpg\" alt=\"fotografia \u015blubna, Racib\u00f3rz, Gliwice, Katowice, Rybnik, fotokojtek, Opole, G\u0142ubczyce, Tychy, \u017bory, B\u0119dzin, zdj\u0119cia, \u015blub, sesja \u015blubna\" title=\"zdjecia slubne, fotografia slubna, plener_38\" width=\"540\" height=\"359\" class=\"aligncenter size-full wp-image-1153\" srcset=\"http:\/\/www.naszdzien.com.pl\/blog\/wp-content\/uploads\/2011\/11\/zdjecia-slubne-fotografia-slubna-plener_38.jpg 540w, http:\/\/www.naszdzien.com.pl\/blog\/wp-content\/uploads\/2011\/11\/zdjecia-slubne-fotografia-slubna-plener_38-300x199.jpg 300w\" sizes=\"(max-width: 540px) 100vw, 540px\" \/><\/a><\/p>\n<p><a href=\"http:\/\/www.blog.naszdzien.com.pl\/wp-content\/uploads\/2011\/11\/zdjecia-slubne-fotografia-slubna-plener_39.jpg\"><img loading=\"lazy\" src=\"http:\/\/www.blog.naszdzien.com.pl\/wp-content\/uploads\/2011\/11\/zdjecia-slubne-fotografia-slubna-plener_39.jpg\" alt=\"fotografia \u015blubna, Racib\u00f3rz, Gliwice, Katowice, Rybnik, fotokojtek, Opole, G\u0142ubczyce, Tychy, \u017bory, B\u0119dzin, zdj\u0119cia, \u015blub, sesja \u015blubna\" title=\"zdjecia slubne, fotografia slubna, plener_39\" width=\"540\" height=\"359\" class=\"aligncenter size-full wp-image-1154\" srcset=\"http:\/\/www.naszdzien.com.pl\/blog\/wp-content\/uploads\/2011\/11\/zdjecia-slubne-fotografia-slubna-plener_39.jpg 540w, http:\/\/www.naszdzien.com.pl\/blog\/wp-content\/uploads\/2011\/11\/zdjecia-slubne-fotografia-slubna-plener_39-300x199.jpg 300w\" sizes=\"(max-width: 540px) 100vw, 540px\" \/><\/a><\/p>\n<p><a href=\"http:\/\/www.blog.naszdzien.com.pl\/wp-content\/uploads\/2011\/11\/zdjecia-slubne-fotografia-slubna-plener_40.jpg\"><img loading=\"lazy\" src=\"http:\/\/www.blog.naszdzien.com.pl\/wp-content\/uploads\/2011\/11\/zdjecia-slubne-fotografia-slubna-plener_40.jpg\" alt=\"fotografia \u015blubna, Racib\u00f3rz, Gliwice, Katowice, Rybnik, fotokojtek, Opole, G\u0142ubczyce, Tychy, \u017bory, B\u0119dzin, zdj\u0119cia, \u015blub, sesja \u015blubna\" title=\"zdjecia slubne, fotografia slubna, plener_40\" width=\"540\" height=\"359\" class=\"aligncenter size-full wp-image-1155\" srcset=\"http:\/\/www.naszdzien.com.pl\/blog\/wp-content\/uploads\/2011\/11\/zdjecia-slubne-fotografia-slubna-plener_40.jpg 540w, http:\/\/www.naszdzien.com.pl\/blog\/wp-content\/uploads\/2011\/11\/zdjecia-slubne-fotografia-slubna-plener_40-300x199.jpg 300w\" sizes=\"(max-width: 540px) 100vw, 540px\" \/><\/a><\/p>\n<p><a href=\"http:\/\/www.blog.naszdzien.com.pl\/wp-content\/uploads\/2011\/11\/zdjecia-slubne-fotografia-slubna-plener_41.jpg\"><img loading=\"lazy\" src=\"http:\/\/www.blog.naszdzien.com.pl\/wp-content\/uploads\/2011\/11\/zdjecia-slubne-fotografia-slubna-plener_41.jpg\" alt=\"fotografia \u015blubna, Racib\u00f3rz, Gliwice, Katowice, Rybnik, fotokojtek, Opole, G\u0142ubczyce, Tychy, \u017bory, B\u0119dzin, zdj\u0119cia, \u015blub, sesja \u015blubna\" title=\"zdjecia slubne, fotografia slubna, plener_41\" width=\"540\" height=\"359\" class=\"aligncenter size-full wp-image-1156\" srcset=\"http:\/\/www.naszdzien.com.pl\/blog\/wp-content\/uploads\/2011\/11\/zdjecia-slubne-fotografia-slubna-plener_41.jpg 540w, http:\/\/www.naszdzien.com.pl\/blog\/wp-content\/uploads\/2011\/11\/zdjecia-slubne-fotografia-slubna-plener_41-300x199.jpg 300w\" sizes=\"(max-width: 540px) 100vw, 540px\" \/><\/a><\/p>\n<p><a href=\"http:\/\/www.blog.naszdzien.com.pl\/wp-content\/uploads\/2011\/11\/zdjecia-slubne-fotografia-slubna-plener_42.jpg\"><img loading=\"lazy\" src=\"http:\/\/www.blog.naszdzien.com.pl\/wp-content\/uploads\/2011\/11\/zdjecia-slubne-fotografia-slubna-plener_42.jpg\" alt=\"fotografia \u015blubna, Racib\u00f3rz, Gliwice, Katowice, Rybnik, fotokojtek, Opole, G\u0142ubczyce, Tychy, \u017bory, B\u0119dzin, zdj\u0119cia, \u015blub, sesja \u015blubna\" title=\"zdjecia slubne, fotografia slubna, plener_42\" width=\"359\" height=\"540\" class=\"aligncenter size-full wp-image-1157\" srcset=\"http:\/\/www.naszdzien.com.pl\/blog\/wp-content\/uploads\/2011\/11\/zdjecia-slubne-fotografia-slubna-plener_42.jpg 359w, http:\/\/www.naszdzien.com.pl\/blog\/wp-content\/uploads\/2011\/11\/zdjecia-slubne-fotografia-slubna-plener_42-199x300.jpg 199w\" sizes=\"(max-width: 359px) 100vw, 359px\" \/><\/a><\/p>\n<p><a href=\"http:\/\/www.blog.naszdzien.com.pl\/wp-content\/uploads\/2011\/11\/zdjecia-slubne-fotografia-slubna-plener_43.jpg\"><img loading=\"lazy\" src=\"http:\/\/www.blog.naszdzien.com.pl\/wp-content\/uploads\/2011\/11\/zdjecia-slubne-fotografia-slubna-plener_43.jpg\" alt=\"fotografia \u015blubna, Racib\u00f3rz, Gliwice, Katowice, Rybnik, fotokojtek, Opole, G\u0142ubczyce, Tychy, \u017bory, B\u0119dzin, zdj\u0119cia, \u015blub, sesja \u015blubna\" title=\"zdjecia slubne, fotografia slubna, plener_43\" width=\"540\" height=\"360\" class=\"aligncenter size-full wp-image-1158\" srcset=\"http:\/\/www.naszdzien.com.pl\/blog\/wp-content\/uploads\/2011\/11\/zdjecia-slubne-fotografia-slubna-plener_43.jpg 540w, http:\/\/www.naszdzien.com.pl\/blog\/wp-content\/uploads\/2011\/11\/zdjecia-slubne-fotografia-slubna-plener_43-300x200.jpg 300w\" sizes=\"(max-width: 540px) 100vw, 540px\" \/><\/a><\/p>\n<p><a href=\"http:\/\/www.blog.naszdzien.com.pl\/wp-content\/uploads\/2011\/11\/zdjecia-slubne-fotografia-slubna-plener_44.jpg\"><img loading=\"lazy\" src=\"http:\/\/www.blog.naszdzien.com.pl\/wp-content\/uploads\/2011\/11\/zdjecia-slubne-fotografia-slubna-plener_44.jpg\" alt=\"fotografia \u015blubna, Racib\u00f3rz, Gliwice, Katowice, Rybnik, fotokojtek, Opole, G\u0142ubczyce, Tychy, \u017bory, B\u0119dzin, zdj\u0119cia, \u015blub, sesja \u015blubna\" title=\"zdjecia slubne, fotografia slubna, plener_44\" width=\"540\" height=\"359\" class=\"aligncenter size-full wp-image-1159\" srcset=\"http:\/\/www.naszdzien.com.pl\/blog\/wp-content\/uploads\/2011\/11\/zdjecia-slubne-fotografia-slubna-plener_44.jpg 540w, http:\/\/www.naszdzien.com.pl\/blog\/wp-content\/uploads\/2011\/11\/zdjecia-slubne-fotografia-slubna-plener_44-300x199.jpg 300w\" sizes=\"(max-width: 540px) 100vw, 540px\" \/><\/a><\/p>\n<p><a href=\"http:\/\/www.blog.naszdzien.com.pl\/wp-content\/uploads\/2011\/11\/zdjecia-slubne-fotografia-slubna-plener_45.jpg\"><img loading=\"lazy\" src=\"http:\/\/www.blog.naszdzien.com.pl\/wp-content\/uploads\/2011\/11\/zdjecia-slubne-fotografia-slubna-plener_45.jpg\" alt=\"fotografia \u015blubna, Racib\u00f3rz, Gliwice, Katowice, Rybnik, fotokojtek, Opole, G\u0142ubczyce, Tychy, \u017bory, B\u0119dzin, zdj\u0119cia, \u015blub, sesja \u015blubna\" title=\"zdjecia slubne, fotografia slubna, plener_45\" width=\"540\" height=\"359\" class=\"aligncenter size-full wp-image-1160\" srcset=\"http:\/\/www.naszdzien.com.pl\/blog\/wp-content\/uploads\/2011\/11\/zdjecia-slubne-fotografia-slubna-plener_45.jpg 540w, http:\/\/www.naszdzien.com.pl\/blog\/wp-content\/uploads\/2011\/11\/zdjecia-slubne-fotografia-slubna-plener_45-300x199.jpg 300w\" sizes=\"(max-width: 540px) 100vw, 540px\" \/><\/a><\/p>\n<p><a href=\"http:\/\/www.blog.naszdzien.com.pl\/wp-content\/uploads\/2011\/11\/zdjecia-slubne-fotografia-slubna-plener_46.jpg\"><img loading=\"lazy\" src=\"http:\/\/www.blog.naszdzien.com.pl\/wp-content\/uploads\/2011\/11\/zdjecia-slubne-fotografia-slubna-plener_46.jpg\" alt=\"fotografia \u015blubna, Racib\u00f3rz, Gliwice, Katowice, Rybnik, fotokojtek, Opole, G\u0142ubczyce, Tychy, \u017bory, B\u0119dzin, zdj\u0119cia, \u015blub, sesja \u015blubna\" title=\"zdjecia slubne, fotografia slubna, plener_46\" width=\"540\" height=\"359\" class=\"aligncenter size-full wp-image-1161\" srcset=\"http:\/\/www.naszdzien.com.pl\/blog\/wp-content\/uploads\/2011\/11\/zdjecia-slubne-fotografia-slubna-plener_46.jpg 540w, http:\/\/www.naszdzien.com.pl\/blog\/wp-content\/uploads\/2011\/11\/zdjecia-slubne-fotografia-slubna-plener_46-300x199.jpg 300w\" sizes=\"(max-width: 540px) 100vw, 540px\" \/><\/a><\/p>\n<p><a href=\"http:\/\/www.blog.naszdzien.com.pl\/wp-content\/uploads\/2011\/11\/zdjecia-slubne-fotografia-slubna-plener_47.jpg\"><img loading=\"lazy\" src=\"http:\/\/www.blog.naszdzien.com.pl\/wp-content\/uploads\/2011\/11\/zdjecia-slubne-fotografia-slubna-plener_47.jpg\" alt=\"fotografia \u015blubna, Racib\u00f3rz, Gliwice, Katowice, Rybnik, fotokojtek, Opole, G\u0142ubczyce, Tychy, \u017bory, B\u0119dzin, zdj\u0119cia, \u015blub, sesja \u015blubna\" title=\"zdjecia slubne, fotografia slubna, plener_47\" width=\"540\" height=\"359\" class=\"aligncenter size-full wp-image-1162\" srcset=\"http:\/\/www.naszdzien.com.pl\/blog\/wp-content\/uploads\/2011\/11\/zdjecia-slubne-fotografia-slubna-plener_47.jpg 540w, http:\/\/www.naszdzien.com.pl\/blog\/wp-content\/uploads\/2011\/11\/zdjecia-slubne-fotografia-slubna-plener_47-300x199.jpg 300w\" sizes=\"(max-width: 540px) 100vw, 540px\" \/><\/a><\/p>\n<p><a href=\"http:\/\/www.blog.naszdzien.com.pl\/wp-content\/uploads\/2011\/11\/zdjecia-slubne-fotografia-slubna-plener_48.jpg\"><img loading=\"lazy\" src=\"http:\/\/www.blog.naszdzien.com.pl\/wp-content\/uploads\/2011\/11\/zdjecia-slubne-fotografia-slubna-plener_48.jpg\" alt=\"fotografia \u015blubna, Racib\u00f3rz, Gliwice, Katowice, Rybnik, fotokojtek, Opole, G\u0142ubczyce, Tychy, \u017bory, B\u0119dzin, zdj\u0119cia, \u015blub, sesja \u015blubna\" title=\"zdjecia slubne, fotografia slubna, plener_48\" width=\"540\" height=\"360\" class=\"aligncenter size-full wp-image-1163\" srcset=\"http:\/\/www.naszdzien.com.pl\/blog\/wp-content\/uploads\/2011\/11\/zdjecia-slubne-fotografia-slubna-plener_48.jpg 540w, http:\/\/www.naszdzien.com.pl\/blog\/wp-content\/uploads\/2011\/11\/zdjecia-slubne-fotografia-slubna-plener_48-300x200.jpg 300w\" sizes=\"(max-width: 540px) 100vw, 540px\" \/><\/a><\/p>\n<p><a href=\"http:\/\/www.blog.naszdzien.com.pl\/wp-content\/uploads\/2011\/11\/zdjecia-slubne-fotografia-slubna-plener_49.jpg\"><img loading=\"lazy\" src=\"http:\/\/www.blog.naszdzien.com.pl\/wp-content\/uploads\/2011\/11\/zdjecia-slubne-fotografia-slubna-plener_49.jpg\" alt=\"fotografia \u015blubna, Racib\u00f3rz, Gliwice, Katowice, Rybnik, fotokojtek, Opole, G\u0142ubczyce, Tychy, \u017bory, B\u0119dzin, zdj\u0119cia, \u015blub, sesja \u015blubna\" title=\"zdjecia slubne, fotografia slubna, plener_49\" width=\"540\" height=\"360\" class=\"aligncenter size-full wp-image-1164\" srcset=\"http:\/\/www.naszdzien.com.pl\/blog\/wp-content\/uploads\/2011\/11\/zdjecia-slubne-fotografia-slubna-plener_49.jpg 540w, http:\/\/www.naszdzien.com.pl\/blog\/wp-content\/uploads\/2011\/11\/zdjecia-slubne-fotografia-slubna-plener_49-300x200.jpg 300w\" sizes=\"(max-width: 540px) 100vw, 540px\" \/><\/a><\/p>\n<p><a href=\"http:\/\/www.blog.naszdzien.com.pl\/wp-content\/uploads\/2011\/11\/zdjecia-slubne-fotografia-slubna-plener_50.jpg\"><img loading=\"lazy\" src=\"http:\/\/www.blog.naszdzien.com.pl\/wp-content\/uploads\/2011\/11\/zdjecia-slubne-fotografia-slubna-plener_50.jpg\" alt=\"fotografia \u015blubna, Racib\u00f3rz, Gliwice, Katowice, Rybnik, fotokojtek, Opole, G\u0142ubczyce, Tychy, \u017bory, B\u0119dzin, zdj\u0119cia, \u015blub, sesja \u015blubna\" title=\"zdjecia slubne, fotografia slubna, plener_50\" width=\"359\" height=\"540\" class=\"aligncenter size-full wp-image-1165\" srcset=\"http:\/\/www.naszdzien.com.pl\/blog\/wp-content\/uploads\/2011\/11\/zdjecia-slubne-fotografia-slubna-plener_50.jpg 359w, http:\/\/www.naszdzien.com.pl\/blog\/wp-content\/uploads\/2011\/11\/zdjecia-slubne-fotografia-slubna-plener_50-199x300.jpg 199w\" sizes=\"(max-width: 359px) 100vw, 359px\" \/><\/a><\/p>\n<p><a href=\"http:\/\/www.blog.naszdzien.com.pl\/wp-content\/uploads\/2011\/11\/zdjecia-slubne-fotografia-slubna-plener_51.jpg\"><img loading=\"lazy\" src=\"http:\/\/www.blog.naszdzien.com.pl\/wp-content\/uploads\/2011\/11\/zdjecia-slubne-fotografia-slubna-plener_51.jpg\" alt=\"fotografia \u015blubna, Racib\u00f3rz, Gliwice, Katowice, Rybnik, fotokojtek, Opole, G\u0142ubczyce, Tychy, \u017bory, B\u0119dzin, zdj\u0119cia, \u015blub, sesja \u015blubna\" title=\"zdjecia slubne, fotografia slubna, plener_51\" width=\"540\" height=\"359\" class=\"aligncenter size-full wp-image-1166\" srcset=\"http:\/\/www.naszdzien.com.pl\/blog\/wp-content\/uploads\/2011\/11\/zdjecia-slubne-fotografia-slubna-plener_51.jpg 540w, http:\/\/www.naszdzien.com.pl\/blog\/wp-content\/uploads\/2011\/11\/zdjecia-slubne-fotografia-slubna-plener_51-300x199.jpg 300w\" sizes=\"(max-width: 540px) 100vw, 540px\" \/><\/a><\/p>\n<p><a href=\"http:\/\/www.blog.naszdzien.com.pl\/wp-content\/uploads\/2011\/11\/zdjecia-slubne-fotografia-slubna-plener_52.jpg\"><img loading=\"lazy\" src=\"http:\/\/www.blog.naszdzien.com.pl\/wp-content\/uploads\/2011\/11\/zdjecia-slubne-fotografia-slubna-plener_52.jpg\" alt=\"fotografia \u015blubna, Racib\u00f3rz, Gliwice, Katowice, Rybnik, fotokojtek, Opole, G\u0142ubczyce, Tychy, \u017bory, B\u0119dzin, zdj\u0119cia, \u015blub, sesja \u015blubna\" title=\"zdjecia slubne, fotografia slubna, plener_52\" width=\"540\" height=\"360\" class=\"aligncenter size-full wp-image-1167\" srcset=\"http:\/\/www.naszdzien.com.pl\/blog\/wp-content\/uploads\/2011\/11\/zdjecia-slubne-fotografia-slubna-plener_52.jpg 540w, http:\/\/www.naszdzien.com.pl\/blog\/wp-content\/uploads\/2011\/11\/zdjecia-slubne-fotografia-slubna-plener_52-300x200.jpg 300w\" sizes=\"(max-width: 540px) 100vw, 540px\" \/><\/a><\/p>\n<p><a href=\"http:\/\/www.blog.naszdzien.com.pl\/wp-content\/uploads\/2011\/11\/zdjecia-slubne-fotografia-slubna-plener_53.jpg\"><img loading=\"lazy\" src=\"http:\/\/www.blog.naszdzien.com.pl\/wp-content\/uploads\/2011\/11\/zdjecia-slubne-fotografia-slubna-plener_53.jpg\" alt=\"fotografia \u015blubna, Racib\u00f3rz, Gliwice, Katowice, Rybnik, fotokojtek, Opole, G\u0142ubczyce, Tychy, \u017bory, B\u0119dzin, zdj\u0119cia, \u015blub, sesja \u015blubna\" title=\"zdjecia slubne, fotografia slubna, plener_53\" width=\"540\" height=\"359\" class=\"aligncenter size-full wp-image-1168\" srcset=\"http:\/\/www.naszdzien.com.pl\/blog\/wp-content\/uploads\/2011\/11\/zdjecia-slubne-fotografia-slubna-plener_53.jpg 540w, http:\/\/www.naszdzien.com.pl\/blog\/wp-content\/uploads\/2011\/11\/zdjecia-slubne-fotografia-slubna-plener_53-300x199.jpg 300w\" sizes=\"(max-width: 540px) 100vw, 540px\" \/><\/a><\/p>\n<p><a href=\"http:\/\/www.blog.naszdzien.com.pl\/wp-content\/uploads\/2011\/11\/zdjecia-slubne-fotografia-slubna-plener_54.jpg\"><img loading=\"lazy\" src=\"http:\/\/www.blog.naszdzien.com.pl\/wp-content\/uploads\/2011\/11\/zdjecia-slubne-fotografia-slubna-plener_54.jpg\" alt=\"fotografia \u015blubna, Racib\u00f3rz, Gliwice, Katowice, Rybnik, fotokojtek, Opole, G\u0142ubczyce, Tychy, \u017bory, B\u0119dzin, zdj\u0119cia, \u015blub, sesja \u015blubna\" title=\"zdjecia slubne, fotografia slubna, plener_54\" width=\"360\" height=\"540\" class=\"aligncenter size-full wp-image-1169\" srcset=\"http:\/\/www.naszdzien.com.pl\/blog\/wp-content\/uploads\/2011\/11\/zdjecia-slubne-fotografia-slubna-plener_54.jpg 360w, http:\/\/www.naszdzien.com.pl\/blog\/wp-content\/uploads\/2011\/11\/zdjecia-slubne-fotografia-slubna-plener_54-200x300.jpg 200w\" sizes=\"(max-width: 360px) 100vw, 360px\" \/><\/a><\/p>\n<p><a href=\"http:\/\/www.blog.naszdzien.com.pl\/wp-content\/uploads\/2011\/11\/zdjecia-slubne-fotografia-slubna-plener_55.jpg\"><img loading=\"lazy\" src=\"http:\/\/www.blog.naszdzien.com.pl\/wp-content\/uploads\/2011\/11\/zdjecia-slubne-fotografia-slubna-plener_55.jpg\" alt=\"fotografia \u015blubna, Racib\u00f3rz, Gliwice, Katowice, Rybnik, fotokojtek, Opole, G\u0142ubczyce, Tychy, \u017bory, B\u0119dzin, zdj\u0119cia, \u015blub, sesja \u015blubna\" title=\"zdjecia slubne, fotografia slubna, plener_55\" width=\"540\" height=\"360\" class=\"aligncenter size-full wp-image-1170\" srcset=\"http:\/\/www.naszdzien.com.pl\/blog\/wp-content\/uploads\/2011\/11\/zdjecia-slubne-fotografia-slubna-plener_55.jpg 540w, http:\/\/www.naszdzien.com.pl\/blog\/wp-content\/uploads\/2011\/11\/zdjecia-slubne-fotografia-slubna-plener_55-300x200.jpg 300w\" sizes=\"(max-width: 540px) 100vw, 540px\" \/><\/a><\/p>\n<p><a href=\"http:\/\/www.blog.naszdzien.com.pl\/wp-content\/uploads\/2011\/11\/zdjecia-slubne-fotografia-slubna-plener_56.jpg\"><img loading=\"lazy\" src=\"http:\/\/www.blog.naszdzien.com.pl\/wp-content\/uploads\/2011\/11\/zdjecia-slubne-fotografia-slubna-plener_56.jpg\" alt=\"fotografia \u015blubna, Racib\u00f3rz, Gliwice, Katowice, Rybnik, fotokojtek, Opole, G\u0142ubczyce, Tychy, \u017bory, B\u0119dzin, zdj\u0119cia, \u015blub, sesja \u015blubna\" title=\"zdjecia slubne, fotografia slubna, plener_56\" width=\"360\" height=\"540\" class=\"aligncenter size-full wp-image-1171\" srcset=\"http:\/\/www.naszdzien.com.pl\/blog\/wp-content\/uploads\/2011\/11\/zdjecia-slubne-fotografia-slubna-plener_56.jpg 360w, http:\/\/www.naszdzien.com.pl\/blog\/wp-content\/uploads\/2011\/11\/zdjecia-slubne-fotografia-slubna-plener_56-200x300.jpg 200w\" sizes=\"(max-width: 360px) 100vw, 360px\" \/><\/a><\/p>\n<p><a href=\"http:\/\/www.blog.naszdzien.com.pl\/wp-content\/uploads\/2011\/11\/zdjecia-slubne-fotografia-slubna-plener_57.jpg\"><img loading=\"lazy\" src=\"http:\/\/www.blog.naszdzien.com.pl\/wp-content\/uploads\/2011\/11\/zdjecia-slubne-fotografia-slubna-plener_57.jpg\" alt=\"fotografia \u015blubna, Racib\u00f3rz, Gliwice, Katowice, Rybnik, fotokojtek, Opole, G\u0142ubczyce, Tychy, \u017bory, B\u0119dzin, zdj\u0119cia, \u015blub, sesja \u015blubna\" title=\"zdjecia slubne, fotografia slubna, plener_57\" width=\"540\" height=\"359\" class=\"aligncenter size-full wp-image-1172\" srcset=\"http:\/\/www.naszdzien.com.pl\/blog\/wp-content\/uploads\/2011\/11\/zdjecia-slubne-fotografia-slubna-plener_57.jpg 540w, http:\/\/www.naszdzien.com.pl\/blog\/wp-content\/uploads\/2011\/11\/zdjecia-slubne-fotografia-slubna-plener_57-300x199.jpg 300w\" sizes=\"(max-width: 540px) 100vw, 540px\" \/><\/a><\/p>\n<p><a href=\"http:\/\/www.blog.naszdzien.com.pl\/wp-content\/uploads\/2011\/11\/zdjecia-slubne-fotografia-slubna-plener_58.jpg\"><img loading=\"lazy\" src=\"http:\/\/www.blog.naszdzien.com.pl\/wp-content\/uploads\/2011\/11\/zdjecia-slubne-fotografia-slubna-plener_58.jpg\" alt=\"fotografia \u015blubna, Racib\u00f3rz, Gliwice, Katowice, Rybnik, fotokojtek, Opole, G\u0142ubczyce, Tychy, \u017bory, B\u0119dzin, zdj\u0119cia, \u015blub, sesja \u015blubna\" title=\"zdjecia slubne, fotografia slubna, plener_58\" width=\"540\" height=\"360\" class=\"aligncenter size-full wp-image-1173\" srcset=\"http:\/\/www.naszdzien.com.pl\/blog\/wp-content\/uploads\/2011\/11\/zdjecia-slubne-fotografia-slubna-plener_58.jpg 540w, http:\/\/www.naszdzien.com.pl\/blog\/wp-content\/uploads\/2011\/11\/zdjecia-slubne-fotografia-slubna-plener_58-300x200.jpg 300w\" sizes=\"(max-width: 540px) 100vw, 540px\" \/><\/a><\/p>\n<p><a href=\"http:\/\/www.blog.naszdzien.com.pl\/wp-content\/uploads\/2011\/11\/zdjecia-slubne-fotografia-slubna-plener_59.jpg\"><img loading=\"lazy\" src=\"http:\/\/www.blog.naszdzien.com.pl\/wp-content\/uploads\/2011\/11\/zdjecia-slubne-fotografia-slubna-plener_59.jpg\" alt=\"fotografia \u015blubna, Racib\u00f3rz, Gliwice, Katowice, Rybnik, fotokojtek, Opole, G\u0142ubczyce, Tychy, \u017bory, B\u0119dzin, zdj\u0119cia, \u015blub, sesja \u015blubna\" title=\"zdjecia slubne, fotografia slubna, plener_59\" width=\"540\" height=\"359\" class=\"aligncenter size-full wp-image-1174\" srcset=\"http:\/\/www.naszdzien.com.pl\/blog\/wp-content\/uploads\/2011\/11\/zdjecia-slubne-fotografia-slubna-plener_59.jpg 540w, http:\/\/www.naszdzien.com.pl\/blog\/wp-content\/uploads\/2011\/11\/zdjecia-slubne-fotografia-slubna-plener_59-300x199.jpg 300w\" sizes=\"(max-width: 540px) 100vw, 540px\" \/><\/a><\/p>\n<p><a href=\"http:\/\/www.blog.naszdzien.com.pl\/wp-content\/uploads\/2011\/11\/zdjecia-slubne-fotografia-slubna-plener_60.jpg\"><img loading=\"lazy\" src=\"http:\/\/www.blog.naszdzien.com.pl\/wp-content\/uploads\/2011\/11\/zdjecia-slubne-fotografia-slubna-plener_60.jpg\" alt=\"fotografia \u015blubna, Racib\u00f3rz, Gliwice, Katowice, Rybnik, fotokojtek, Opole, G\u0142ubczyce, Tychy, \u017bory, B\u0119dzin, zdj\u0119cia, \u015blub, sesja \u015blubna\" title=\"zdjecia slubne, fotografia slubna, plener_60\" width=\"540\" height=\"359\" class=\"aligncenter size-full wp-image-1175\" srcset=\"http:\/\/www.naszdzien.com.pl\/blog\/wp-content\/uploads\/2011\/11\/zdjecia-slubne-fotografia-slubna-plener_60.jpg 540w, http:\/\/www.naszdzien.com.pl\/blog\/wp-content\/uploads\/2011\/11\/zdjecia-slubne-fotografia-slubna-plener_60-300x199.jpg 300w\" sizes=\"(max-width: 540px) 100vw, 540px\" \/><\/a><\/p>\n<p><a href=\"http:\/\/www.blog.naszdzien.com.pl\/wp-content\/uploads\/2011\/11\/zdjecia-slubne-fotografia-slubna-plener_61.jpg\"><img loading=\"lazy\" src=\"http:\/\/www.blog.naszdzien.com.pl\/wp-content\/uploads\/2011\/11\/zdjecia-slubne-fotografia-slubna-plener_61.jpg\" alt=\"fotografia \u015blubna, Racib\u00f3rz, Gliwice, Katowice, Rybnik, fotokojtek, Opole, G\u0142ubczyce, Tychy, \u017bory, B\u0119dzin, zdj\u0119cia, \u015blub, sesja \u015blubna\" title=\"zdjecia slubne, fotografia slubna, plener_61\" width=\"359\" height=\"540\" class=\"aligncenter size-full wp-image-1176\" srcset=\"http:\/\/www.naszdzien.com.pl\/blog\/wp-content\/uploads\/2011\/11\/zdjecia-slubne-fotografia-slubna-plener_61.jpg 359w, http:\/\/www.naszdzien.com.pl\/blog\/wp-content\/uploads\/2011\/11\/zdjecia-slubne-fotografia-slubna-plener_61-199x300.jpg 199w\" sizes=\"(max-width: 359px) 100vw, 359px\" \/><\/a><\/p>\n<p><a href=\"http:\/\/www.blog.naszdzien.com.pl\/wp-content\/uploads\/2011\/11\/zdjecia-slubne-fotografia-slubna-plener_62.jpg\"><img loading=\"lazy\" src=\"http:\/\/www.blog.naszdzien.com.pl\/wp-content\/uploads\/2011\/11\/zdjecia-slubne-fotografia-slubna-plener_62.jpg\" alt=\"fotografia \u015blubna, Racib\u00f3rz, Gliwice, Katowice, Rybnik, fotokojtek, Opole, G\u0142ubczyce, Tychy, \u017bory, B\u0119dzin, zdj\u0119cia, \u015blub, sesja \u015blubna\" title=\"zdjecia slubne, fotografia slubna, plener_62\" width=\"540\" height=\"359\" class=\"aligncenter size-full wp-image-1177\" srcset=\"http:\/\/www.naszdzien.com.pl\/blog\/wp-content\/uploads\/2011\/11\/zdjecia-slubne-fotografia-slubna-plener_62.jpg 540w, http:\/\/www.naszdzien.com.pl\/blog\/wp-content\/uploads\/2011\/11\/zdjecia-slubne-fotografia-slubna-plener_62-300x199.jpg 300w\" sizes=\"(max-width: 540px) 100vw, 540px\" \/><\/a><\/p>\n<p><a href=\"http:\/\/www.blog.naszdzien.com.pl\/wp-content\/uploads\/2011\/11\/zdjecia-slubne-fotografia-slubna-plener_63.jpg\"><img loading=\"lazy\" src=\"http:\/\/www.blog.naszdzien.com.pl\/wp-content\/uploads\/2011\/11\/zdjecia-slubne-fotografia-slubna-plener_63.jpg\" alt=\"fotografia \u015blubna, Racib\u00f3rz, Gliwice, Katowice, Rybnik, fotokojtek, Opole, G\u0142ubczyce, Tychy, \u017bory, B\u0119dzin, zdj\u0119cia, \u015blub, sesja \u015blubna\" title=\"zdjecia slubne, fotografia slubna, plener_63\" width=\"540\" height=\"360\" class=\"aligncenter size-full wp-image-1178\" srcset=\"http:\/\/www.naszdzien.com.pl\/blog\/wp-content\/uploads\/2011\/11\/zdjecia-slubne-fotografia-slubna-plener_63.jpg 540w, http:\/\/www.naszdzien.com.pl\/blog\/wp-content\/uploads\/2011\/11\/zdjecia-slubne-fotografia-slubna-plener_63-300x200.jpg 300w\" sizes=\"(max-width: 540px) 100vw, 540px\" \/><\/a><\/p>\n<p><a href=\"http:\/\/www.blog.naszdzien.com.pl\/wp-content\/uploads\/2011\/11\/zdjecia-slubne-fotografia-slubna-plener_64.jpg\"><img loading=\"lazy\" src=\"http:\/\/www.blog.naszdzien.com.pl\/wp-content\/uploads\/2011\/11\/zdjecia-slubne-fotografia-slubna-plener_64.jpg\" alt=\"fotografia \u015blubna, Racib\u00f3rz, Gliwice, Katowice, Rybnik, fotokojtek, Opole, G\u0142ubczyce, Tychy, \u017bory, B\u0119dzin, zdj\u0119cia, \u015blub, sesja \u015blubna\" title=\"zdjecia slubne, fotografia slubna, plener_64\" width=\"540\" height=\"359\" class=\"aligncenter size-full wp-image-1179\" srcset=\"http:\/\/www.naszdzien.com.pl\/blog\/wp-content\/uploads\/2011\/11\/zdjecia-slubne-fotografia-slubna-plener_64.jpg 540w, http:\/\/www.naszdzien.com.pl\/blog\/wp-content\/uploads\/2011\/11\/zdjecia-slubne-fotografia-slubna-plener_64-300x199.jpg 300w\" sizes=\"(max-width: 540px) 100vw, 540px\" \/><\/a><\/p>\n<p><a href=\"http:\/\/www.blog.naszdzien.com.pl\/wp-content\/uploads\/2011\/11\/zdjecia-slubne-fotografia-slubna-plener_65.jpg\"><img loading=\"lazy\" src=\"http:\/\/www.blog.naszdzien.com.pl\/wp-content\/uploads\/2011\/11\/zdjecia-slubne-fotografia-slubna-plener_65.jpg\" alt=\"fotografia \u015blubna, Racib\u00f3rz, Gliwice, Katowice, Rybnik, fotokojtek, Opole, G\u0142ubczyce, Tychy, \u017bory, B\u0119dzin, zdj\u0119cia, \u015blub, sesja \u015blubna\" title=\"zdjecia slubne, fotografia slubna, plener_65\" width=\"540\" height=\"359\" class=\"aligncenter size-full wp-image-1180\" srcset=\"http:\/\/www.naszdzien.com.pl\/blog\/wp-content\/uploads\/2011\/11\/zdjecia-slubne-fotografia-slubna-plener_65.jpg 540w, http:\/\/www.naszdzien.com.pl\/blog\/wp-content\/uploads\/2011\/11\/zdjecia-slubne-fotografia-slubna-plener_65-300x199.jpg 300w\" sizes=\"(max-width: 540px) 100vw, 540px\" \/><\/a><\/p>\n<p><a href=\"http:\/\/www.blog.naszdzien.com.pl\/wp-content\/uploads\/2011\/11\/zdjecia-slubne-fotografia-slubna-plener_66.jpg\"><img loading=\"lazy\" src=\"http:\/\/www.blog.naszdzien.com.pl\/wp-content\/uploads\/2011\/11\/zdjecia-slubne-fotografia-slubna-plener_66.jpg\" alt=\"fotografia \u015blubna, Racib\u00f3rz, Gliwice, Katowice, Rybnik, fotokojtek, Opole, G\u0142ubczyce, Tychy, \u017bory, B\u0119dzin, zdj\u0119cia, \u015blub, sesja \u015blubna\" title=\"zdjecia slubne, fotografia slubna, plener_66\" width=\"540\" height=\"359\" class=\"aligncenter size-full wp-image-1181\" srcset=\"http:\/\/www.naszdzien.com.pl\/blog\/wp-content\/uploads\/2011\/11\/zdjecia-slubne-fotografia-slubna-plener_66.jpg 540w, http:\/\/www.naszdzien.com.pl\/blog\/wp-content\/uploads\/2011\/11\/zdjecia-slubne-fotografia-slubna-plener_66-300x199.jpg 300w\" sizes=\"(max-width: 540px) 100vw, 540px\" \/><\/a><\/p>\n<p><a href=\"http:\/\/www.blog.naszdzien.com.pl\/wp-content\/uploads\/2011\/11\/zdjecia-slubne-fotografia-slubna-plener_67.jpg\"><img loading=\"lazy\" src=\"http:\/\/www.blog.naszdzien.com.pl\/wp-content\/uploads\/2011\/11\/zdjecia-slubne-fotografia-slubna-plener_67.jpg\" alt=\"fotografia \u015blubna, Racib\u00f3rz, Gliwice, Katowice, Rybnik, fotokojtek, Opole, G\u0142ubczyce, Tychy, \u017bory, B\u0119dzin, zdj\u0119cia, \u015blub, sesja \u015blubna\" title=\"zdjecia slubne, fotografia slubna, plener_67\" width=\"540\" height=\"360\" class=\"aligncenter size-full wp-image-1182\" srcset=\"http:\/\/www.naszdzien.com.pl\/blog\/wp-content\/uploads\/2011\/11\/zdjecia-slubne-fotografia-slubna-plener_67.jpg 540w, http:\/\/www.naszdzien.com.pl\/blog\/wp-content\/uploads\/2011\/11\/zdjecia-slubne-fotografia-slubna-plener_67-300x200.jpg 300w\" sizes=\"(max-width: 540px) 100vw, 540px\" \/><\/a><\/p>\n<p><a href=\"http:\/\/www.blog.naszdzien.com.pl\/wp-content\/uploads\/2011\/11\/zdjecia-slubne-fotografia-slubna-plener_68.jpg\"><img loading=\"lazy\" src=\"http:\/\/www.blog.naszdzien.com.pl\/wp-content\/uploads\/2011\/11\/zdjecia-slubne-fotografia-slubna-plener_68.jpg\" alt=\"fotografia \u015blubna, Racib\u00f3rz, Gliwice, Katowice, Rybnik, fotokojtek, Opole, G\u0142ubczyce, Tychy, \u017bory, B\u0119dzin, zdj\u0119cia, \u015blub, sesja \u015blubna\" title=\"zdjecia slubne, fotografia slubna, plener_68\" width=\"540\" height=\"360\" class=\"aligncenter size-full wp-image-1183\" srcset=\"http:\/\/www.naszdzien.com.pl\/blog\/wp-content\/uploads\/2011\/11\/zdjecia-slubne-fotografia-slubna-plener_68.jpg 540w, http:\/\/www.naszdzien.com.pl\/blog\/wp-content\/uploads\/2011\/11\/zdjecia-slubne-fotografia-slubna-plener_68-300x200.jpg 300w\" sizes=\"(max-width: 540px) 100vw, 540px\" \/><\/a><\/p>\n<p><a href=\"http:\/\/www.blog.naszdzien.com.pl\/wp-content\/uploads\/2011\/11\/zdjecia-slubne-fotografia-slubna-plener_69.jpg\"><img loading=\"lazy\" src=\"http:\/\/www.blog.naszdzien.com.pl\/wp-content\/uploads\/2011\/11\/zdjecia-slubne-fotografia-slubna-plener_69.jpg\" alt=\"fotografia \u015blubna, Racib\u00f3rz, Gliwice, Katowice, Rybnik, fotokojtek, Opole, G\u0142ubczyce, Tychy, \u017bory, B\u0119dzin, zdj\u0119cia, \u015blub, sesja \u015blubna\" title=\"zdjecia slubne, fotografia slubna, plener_69\" width=\"360\" height=\"540\" class=\"aligncenter size-full wp-image-1184\" srcset=\"http:\/\/www.naszdzien.com.pl\/blog\/wp-content\/uploads\/2011\/11\/zdjecia-slubne-fotografia-slubna-plener_69.jpg 360w, http:\/\/www.naszdzien.com.pl\/blog\/wp-content\/uploads\/2011\/11\/zdjecia-slubne-fotografia-slubna-plener_69-200x300.jpg 200w\" sizes=\"(max-width: 360px) 100vw, 360px\" \/><\/a><\/p>\n<p><a href=\"http:\/\/www.blog.naszdzien.com.pl\/wp-content\/uploads\/2011\/11\/zdjecia-slubne-fotografia-slubna-plener_70.jpg\"><img loading=\"lazy\" src=\"http:\/\/www.blog.naszdzien.com.pl\/wp-content\/uploads\/2011\/11\/zdjecia-slubne-fotografia-slubna-plener_70.jpg\" alt=\"fotografia \u015blubna, Racib\u00f3rz, Gliwice, Katowice, Rybnik, fotokojtek, Opole, G\u0142ubczyce, Tychy, \u017bory, B\u0119dzin, zdj\u0119cia, \u015blub, sesja \u015blubna\" title=\"zdjecia slubne, fotografia slubna, plener_70\" width=\"540\" height=\"359\" class=\"aligncenter size-full wp-image-1185\" srcset=\"http:\/\/www.naszdzien.com.pl\/blog\/wp-content\/uploads\/2011\/11\/zdjecia-slubne-fotografia-slubna-plener_70.jpg 540w, http:\/\/www.naszdzien.com.pl\/blog\/wp-content\/uploads\/2011\/11\/zdjecia-slubne-fotografia-slubna-plener_70-300x199.jpg 300w\" sizes=\"(max-width: 540px) 100vw, 540px\" \/><\/a><\/p>\n<p><a href=\"http:\/\/www.blog.naszdzien.com.pl\/wp-content\/uploads\/2011\/11\/zdjecia-slubne-fotografia-slubna-plener_71.jpg\"><img loading=\"lazy\" src=\"http:\/\/www.blog.naszdzien.com.pl\/wp-content\/uploads\/2011\/11\/zdjecia-slubne-fotografia-slubna-plener_71.jpg\" alt=\"fotografia \u015blubna, Racib\u00f3rz, Gliwice, Katowice, Rybnik, fotokojtek, Opole, G\u0142ubczyce, Tychy, \u017bory, B\u0119dzin, zdj\u0119cia, \u015blub, sesja \u015blubna\" title=\"zdjecia slubne, fotografia slubna, plener_71\" width=\"359\" height=\"540\" class=\"aligncenter size-full wp-image-1115\" srcset=\"http:\/\/www.naszdzien.com.pl\/blog\/wp-content\/uploads\/2011\/11\/zdjecia-slubne-fotografia-slubna-plener_71.jpg 359w, http:\/\/www.naszdzien.com.pl\/blog\/wp-content\/uploads\/2011\/11\/zdjecia-slubne-fotografia-slubna-plener_71-199x300.jpg 199w\" sizes=\"(max-width: 359px) 100vw, 359px\" \/><\/a><\/p>\n","protected":false},"excerpt":{"rendered":"<p>Tym razem przedstawiam bardzo ciekawy \u015blub. Agnieszka z Patrykiem bardzo ochoczo wsp\u00f3\u0142pracowali ze mn\u0105 i moim kamerzyst\u0105 \u0141ukaszem ( filmik w p\u00f3\u017aniejszym terminie). Podczas sesji, kt\u00f3r\u0105 wykonywali\u015bmy w innym dniu naprawd\u0119 \u015bwietnie si\u0119 bawili\u015bmy i mam nadziej\u0119, \u017ce uda\u0142o mi si\u0119 spe\u0142ni\u0107 ich oczekiwania. Zapraszam:)<\/p>\n","protected":false},"author":1,"featured_media":1168,"comment_status":"open","ping_status":"closed","sticky":false,"template":"","format":"standard","meta":[],"categories":[5],"tags":[10,40,16,37,11,19,41,21,38,52,86,65,66,12,15,29,51,7,46,44,43,22,24],"_links":{"self":[{"href":"http:\/\/www.naszdzien.com.pl\/blog\/wp-json\/wp\/v2\/posts\/1114"}],"collection":[{"href":"http:\/\/www.naszdzien.com.pl\/blog\/wp-json\/wp\/v2\/posts"}],"about":[{"href":"http:\/\/www.naszdzien.com.pl\/blog\/wp-json\/wp\/v2\/types\/post"}],"author":[{"embeddable":true,"href":"http:\/\/www.naszdzien.com.pl\/blog\/wp-json\/wp\/v2\/users\/1"}],"replies":[{"embeddable":true,"href":"http:\/\/www.naszdzien.com.pl\/blog\/wp-json\/wp\/v2\/comments?post=1114"}],"version-history":[{"count":2,"href":"http:\/\/www.naszdzien.com.pl\/blog\/wp-json\/wp\/v2\/posts\/1114\/revisions"}],"predecessor-version":[{"id":1187,"href":"http:\/\/www.naszdzien.com.pl\/blog\/wp-json\/wp\/v2\/posts\/1114\/revisions\/1187"}],"wp:featuredmedia":[{"embeddable":true,"href":"http:\/\/www.naszdzien.com.pl\/blog\/wp-json\/wp\/v2\/media\/1168"}],"wp:attachment":[{"href":"http:\/\/www.naszdzien.com.pl\/blog\/wp-json\/wp\/v2\/media?parent=1114"}],"wp:term":[{"taxonomy":"category","embeddable":true,"href":"http:\/\/www.naszdzien.com.pl\/blog\/wp-json\/wp\/v2\/categories?post=1114"},{"taxonomy":"post_tag","embeddable":true,"href":"http:\/\/www.naszdzien.com.pl\/blog\/wp-json\/wp\/v2\/tags?post=1114"}],"curies":[{"name":"wp","href":"https:\/\/api.w.org\/{rel}","templated":true}]}}