{"id":1228,"date":"2012-02-03T12:25:53","date_gmt":"2012-02-03T12:25:53","guid":{"rendered":"http:\/\/www.fotograf-tomaszkojtek.pl\/?p=1228"},"modified":"2012-02-03T12:31:47","modified_gmt":"2012-02-03T12:31:47","slug":"henrieta-krzysiek-zdjecia-slubne-fotograf-raciborz-gliwice-katowice-rybnik","status":"publish","type":"post","link":"http:\/\/www.naszdzien.com.pl\/blog\/henrieta-krzysiek-zdjecia-slubne-fotograf-raciborz-gliwice-katowice-rybnik\/","title":{"rendered":"Henrieta &#038; Krzysiek | zdj\u0119cia \u015blubne, fotograf Racib\u00f3rz, Gliwice, Katowice, Rybnik"},"content":{"rendered":"<p>Henrieta i Krzysiek to kolejna para z jak\u0105 mia\u0142em przyjemno\u015b\u0107 pracowa\u0107. Tym razem sesja plenerowa w klimacie jesiennym.<br \/>\nZapraszam do ogl\u0105dania oraz zapoznania si\u0119 z innymi pracami na Blogu. <\/p>\n<p><a href=\"http:\/\/www.blog.naszdzien.com.pl\/wp-content\/uploads\/2012\/02\/fotografia-\u015blubna_01.jpg\"><img loading=\"lazy\" src=\"http:\/\/www.blog.naszdzien.com.pl\/wp-content\/uploads\/2012\/02\/fotografia-\u015blubna_01.jpg\" alt=\"fotografia \u015blubna | wideofilmowanie wesel | fotograf | kamerzysta | zdjecia | gliwice katowice rybnik raciborz\" title=\"fotografia \u015blubna_01\" width=\"540\" height=\"359\" class=\"aligncenter size-full wp-image-1230\" srcset=\"http:\/\/www.naszdzien.com.pl\/blog\/wp-content\/uploads\/2012\/02\/fotografia-\u015blubna_01.jpg 540w, http:\/\/www.naszdzien.com.pl\/blog\/wp-content\/uploads\/2012\/02\/fotografia-\u015blubna_01-300x199.jpg 300w\" sizes=\"(max-width: 540px) 100vw, 540px\" \/><\/a><\/p>\n<p><a href=\"http:\/\/www.blog.naszdzien.com.pl\/wp-content\/uploads\/2012\/02\/fotografia-\u015blubna_02.jpg\"><img loading=\"lazy\" src=\"http:\/\/www.blog.naszdzien.com.pl\/wp-content\/uploads\/2012\/02\/fotografia-\u015blubna_02.jpg\" alt=\"fotografia \u015blubna | wideofilmowanie wesel | fotograf | kamerzysta | zdjecia | gliwice katowice rybnik raciborz\" title=\"fotografia \u015blubna_02\" width=\"359\" height=\"540\" class=\"aligncenter size-full wp-image-1231\" srcset=\"http:\/\/www.naszdzien.com.pl\/blog\/wp-content\/uploads\/2012\/02\/fotografia-\u015blubna_02.jpg 359w, http:\/\/www.naszdzien.com.pl\/blog\/wp-content\/uploads\/2012\/02\/fotografia-\u015blubna_02-199x300.jpg 199w\" sizes=\"(max-width: 359px) 100vw, 359px\" \/><\/a><\/p>\n<p><a href=\"http:\/\/www.blog.naszdzien.com.pl\/wp-content\/uploads\/2012\/02\/fotografia-\u015blubna_03.jpg\"><img loading=\"lazy\" src=\"http:\/\/www.blog.naszdzien.com.pl\/wp-content\/uploads\/2012\/02\/fotografia-\u015blubna_03.jpg\" alt=\"fotografia \u015blubna | wideofilmowanie wesel | fotograf | kamerzysta | zdjecia | gliwice katowice rybnik raciborz\" title=\"fotografia \u015blubna_03\" width=\"540\" height=\"359\" class=\"aligncenter size-full wp-image-1232\" srcset=\"http:\/\/www.naszdzien.com.pl\/blog\/wp-content\/uploads\/2012\/02\/fotografia-\u015blubna_03.jpg 540w, http:\/\/www.naszdzien.com.pl\/blog\/wp-content\/uploads\/2012\/02\/fotografia-\u015blubna_03-300x199.jpg 300w\" sizes=\"(max-width: 540px) 100vw, 540px\" \/><\/a><\/p>\n<p><a href=\"http:\/\/www.blog.naszdzien.com.pl\/wp-content\/uploads\/2012\/02\/fotografia-\u015blubna_04.jpg\"><img loading=\"lazy\" src=\"http:\/\/www.blog.naszdzien.com.pl\/wp-content\/uploads\/2012\/02\/fotografia-\u015blubna_04.jpg\" alt=\"fotografia \u015blubna | wideofilmowanie wesel | fotograf | kamerzysta | zdjecia | gliwice katowice rybnik raciborz\" title=\"fotografia \u015blubna_04\" width=\"540\" height=\"360\" class=\"aligncenter size-full wp-image-1233\" srcset=\"http:\/\/www.naszdzien.com.pl\/blog\/wp-content\/uploads\/2012\/02\/fotografia-\u015blubna_04.jpg 540w, http:\/\/www.naszdzien.com.pl\/blog\/wp-content\/uploads\/2012\/02\/fotografia-\u015blubna_04-300x200.jpg 300w\" sizes=\"(max-width: 540px) 100vw, 540px\" \/><\/a><\/p>\n<p><a href=\"http:\/\/www.blog.naszdzien.com.pl\/wp-content\/uploads\/2012\/02\/fotografia-\u015blubna_05.jpg\"><img loading=\"lazy\" src=\"http:\/\/www.blog.naszdzien.com.pl\/wp-content\/uploads\/2012\/02\/fotografia-\u015blubna_05.jpg\" alt=\"fotografia \u015blubna | wideofilmowanie wesel | fotograf | kamerzysta | zdjecia | gliwice katowice rybnik raciborz\" title=\"fotografia \u015blubna_05\" width=\"540\" height=\"359\" class=\"aligncenter size-full wp-image-1234\" srcset=\"http:\/\/www.naszdzien.com.pl\/blog\/wp-content\/uploads\/2012\/02\/fotografia-\u015blubna_05.jpg 540w, http:\/\/www.naszdzien.com.pl\/blog\/wp-content\/uploads\/2012\/02\/fotografia-\u015blubna_05-300x199.jpg 300w\" sizes=\"(max-width: 540px) 100vw, 540px\" \/><\/a><\/p>\n<p><a href=\"http:\/\/www.blog.naszdzien.com.pl\/wp-content\/uploads\/2012\/02\/fotografia-\u015blubna_06.jpg\"><img loading=\"lazy\" src=\"http:\/\/www.blog.naszdzien.com.pl\/wp-content\/uploads\/2012\/02\/fotografia-\u015blubna_06.jpg\" alt=\"fotografia \u015blubna | wideofilmowanie wesel | fotograf | kamerzysta | zdjecia | gliwice katowice rybnik raciborz\" title=\"fotografia \u015blubna_06\" width=\"540\" height=\"359\" class=\"aligncenter size-full wp-image-1235\" srcset=\"http:\/\/www.naszdzien.com.pl\/blog\/wp-content\/uploads\/2012\/02\/fotografia-\u015blubna_06.jpg 540w, http:\/\/www.naszdzien.com.pl\/blog\/wp-content\/uploads\/2012\/02\/fotografia-\u015blubna_06-300x199.jpg 300w\" sizes=\"(max-width: 540px) 100vw, 540px\" \/><\/a><\/p>\n<p><a href=\"http:\/\/www.blog.naszdzien.com.pl\/wp-content\/uploads\/2012\/02\/fotografia-\u015blubna_07.jpg\"><img loading=\"lazy\" src=\"http:\/\/www.blog.naszdzien.com.pl\/wp-content\/uploads\/2012\/02\/fotografia-\u015blubna_07.jpg\" alt=\"fotografia \u015blubna | wideofilmowanie wesel | fotograf | kamerzysta | zdjecia | gliwice katowice rybnik raciborz\" title=\"fotografia \u015blubna_07\" width=\"540\" height=\"359\" class=\"aligncenter size-full wp-image-1236\" srcset=\"http:\/\/www.naszdzien.com.pl\/blog\/wp-content\/uploads\/2012\/02\/fotografia-\u015blubna_07.jpg 540w, http:\/\/www.naszdzien.com.pl\/blog\/wp-content\/uploads\/2012\/02\/fotografia-\u015blubna_07-300x199.jpg 300w\" sizes=\"(max-width: 540px) 100vw, 540px\" \/><\/a><\/p>\n<p><a href=\"http:\/\/www.blog.naszdzien.com.pl\/wp-content\/uploads\/2012\/02\/fotografia-\u015blubna_08.jpg\"><img loading=\"lazy\" src=\"http:\/\/www.blog.naszdzien.com.pl\/wp-content\/uploads\/2012\/02\/fotografia-\u015blubna_08.jpg\" alt=\"fotografia \u015blubna | wideofilmowanie wesel | fotograf | kamerzysta | zdjecia | gliwice katowice rybnik raciborz\" title=\"fotografia \u015blubna_08\" width=\"359\" height=\"540\" class=\"aligncenter size-full wp-image-1237\" srcset=\"http:\/\/www.naszdzien.com.pl\/blog\/wp-content\/uploads\/2012\/02\/fotografia-\u015blubna_08.jpg 359w, http:\/\/www.naszdzien.com.pl\/blog\/wp-content\/uploads\/2012\/02\/fotografia-\u015blubna_08-199x300.jpg 199w\" sizes=\"(max-width: 359px) 100vw, 359px\" \/><\/a><\/p>\n<p><a href=\"http:\/\/www.blog.naszdzien.com.pl\/wp-content\/uploads\/2012\/02\/fotografia-\u015blubna_09.jpg\"><img loading=\"lazy\" src=\"http:\/\/www.blog.naszdzien.com.pl\/wp-content\/uploads\/2012\/02\/fotografia-\u015blubna_09.jpg\" alt=\"fotografia \u015blubna | wideofilmowanie wesel | fotograf | kamerzysta | zdjecia | gliwice katowice rybnik raciborz\" title=\"fotografia \u015blubna_09\" width=\"540\" height=\"359\" class=\"aligncenter size-full wp-image-1238\" srcset=\"http:\/\/www.naszdzien.com.pl\/blog\/wp-content\/uploads\/2012\/02\/fotografia-\u015blubna_09.jpg 540w, http:\/\/www.naszdzien.com.pl\/blog\/wp-content\/uploads\/2012\/02\/fotografia-\u015blubna_09-300x199.jpg 300w\" sizes=\"(max-width: 540px) 100vw, 540px\" \/><\/a><\/p>\n<p><a href=\"http:\/\/www.blog.naszdzien.com.pl\/wp-content\/uploads\/2012\/02\/fotografia-\u015blubna_10.jpg\"><img loading=\"lazy\" src=\"http:\/\/www.blog.naszdzien.com.pl\/wp-content\/uploads\/2012\/02\/fotografia-\u015blubna_10.jpg\" alt=\"fotografia \u015blubna | wideofilmowanie wesel | fotograf | kamerzysta | zdjecia | gliwice katowice rybnik raciborz\" title=\"fotografia \u015blubna_10\" width=\"540\" height=\"359\" class=\"aligncenter size-full wp-image-1239\" srcset=\"http:\/\/www.naszdzien.com.pl\/blog\/wp-content\/uploads\/2012\/02\/fotografia-\u015blubna_10.jpg 540w, http:\/\/www.naszdzien.com.pl\/blog\/wp-content\/uploads\/2012\/02\/fotografia-\u015blubna_10-300x199.jpg 300w\" sizes=\"(max-width: 540px) 100vw, 540px\" \/><\/a><\/p>\n<p><a href=\"http:\/\/www.blog.naszdzien.com.pl\/wp-content\/uploads\/2012\/02\/fotografia-\u015blubna_11.jpg\"><img loading=\"lazy\" src=\"http:\/\/www.blog.naszdzien.com.pl\/wp-content\/uploads\/2012\/02\/fotografia-\u015blubna_11.jpg\" alt=\"fotografia \u015blubna | wideofilmowanie wesel | fotograf | kamerzysta | zdjecia | gliwice katowice rybnik raciborz\" title=\"fotografia \u015blubna_11\" width=\"540\" height=\"359\" class=\"aligncenter size-full wp-image-1240\" srcset=\"http:\/\/www.naszdzien.com.pl\/blog\/wp-content\/uploads\/2012\/02\/fotografia-\u015blubna_11.jpg 540w, http:\/\/www.naszdzien.com.pl\/blog\/wp-content\/uploads\/2012\/02\/fotografia-\u015blubna_11-300x199.jpg 300w\" sizes=\"(max-width: 540px) 100vw, 540px\" \/><\/a><\/p>\n<p><a href=\"http:\/\/www.blog.naszdzien.com.pl\/wp-content\/uploads\/2012\/02\/fotografia-\u015blubna_12.jpg\"><img loading=\"lazy\" src=\"http:\/\/www.blog.naszdzien.com.pl\/wp-content\/uploads\/2012\/02\/fotografia-\u015blubna_12.jpg\" alt=\"fotografia \u015blubna | wideofilmowanie wesel | fotograf | kamerzysta | zdjecia | gliwice katowice rybnik raciborz\" title=\"fotografia \u015blubna_12\" width=\"359\" height=\"540\" class=\"aligncenter size-full wp-image-1241\" srcset=\"http:\/\/www.naszdzien.com.pl\/blog\/wp-content\/uploads\/2012\/02\/fotografia-\u015blubna_12.jpg 359w, http:\/\/www.naszdzien.com.pl\/blog\/wp-content\/uploads\/2012\/02\/fotografia-\u015blubna_12-199x300.jpg 199w\" sizes=\"(max-width: 359px) 100vw, 359px\" \/><\/a><\/p>\n<p><a href=\"http:\/\/www.blog.naszdzien.com.pl\/wp-content\/uploads\/2012\/02\/fotografia-\u015blubna_13.jpg\"><img loading=\"lazy\" src=\"http:\/\/www.blog.naszdzien.com.pl\/wp-content\/uploads\/2012\/02\/fotografia-\u015blubna_13.jpg\" alt=\"fotografia \u015blubna | wideofilmowanie wesel | fotograf | kamerzysta | zdjecia | gliwice katowice rybnik raciborz\" title=\"fotografia \u015blubna_13\" width=\"540\" height=\"359\" class=\"aligncenter size-full wp-image-1242\" srcset=\"http:\/\/www.naszdzien.com.pl\/blog\/wp-content\/uploads\/2012\/02\/fotografia-\u015blubna_13.jpg 540w, http:\/\/www.naszdzien.com.pl\/blog\/wp-content\/uploads\/2012\/02\/fotografia-\u015blubna_13-300x199.jpg 300w\" sizes=\"(max-width: 540px) 100vw, 540px\" \/><\/a><\/p>\n<p><a href=\"http:\/\/www.blog.naszdzien.com.pl\/wp-content\/uploads\/2012\/02\/fotografia-\u015blubna_14.jpg\"><img loading=\"lazy\" src=\"http:\/\/www.blog.naszdzien.com.pl\/wp-content\/uploads\/2012\/02\/fotografia-\u015blubna_14.jpg\" alt=\"fotografia \u015blubna | wideofilmowanie wesel | fotograf | kamerzysta | zdjecia | gliwice katowice rybnik raciborz\" title=\"fotografia \u015blubna_14\" width=\"540\" height=\"359\" class=\"aligncenter size-full wp-image-1243\" srcset=\"http:\/\/www.naszdzien.com.pl\/blog\/wp-content\/uploads\/2012\/02\/fotografia-\u015blubna_14.jpg 540w, http:\/\/www.naszdzien.com.pl\/blog\/wp-content\/uploads\/2012\/02\/fotografia-\u015blubna_14-300x199.jpg 300w\" sizes=\"(max-width: 540px) 100vw, 540px\" \/><\/a><\/p>\n<p><a href=\"http:\/\/www.blog.naszdzien.com.pl\/wp-content\/uploads\/2012\/02\/fotografia-\u015blubna_15.jpg\"><img loading=\"lazy\" src=\"http:\/\/www.blog.naszdzien.com.pl\/wp-content\/uploads\/2012\/02\/fotografia-\u015blubna_15.jpg\" alt=\"fotografia \u015blubna | wideofilmowanie wesel | fotograf | kamerzysta | zdjecia | gliwice katowice rybnik raciborz\" title=\"fotografia \u015blubna_15\" width=\"540\" height=\"359\" class=\"aligncenter size-full wp-image-1244\" srcset=\"http:\/\/www.naszdzien.com.pl\/blog\/wp-content\/uploads\/2012\/02\/fotografia-\u015blubna_15.jpg 540w, http:\/\/www.naszdzien.com.pl\/blog\/wp-content\/uploads\/2012\/02\/fotografia-\u015blubna_15-300x199.jpg 300w\" sizes=\"(max-width: 540px) 100vw, 540px\" \/><\/a><\/p>\n<p><a href=\"http:\/\/www.blog.naszdzien.com.pl\/wp-content\/uploads\/2012\/02\/fotografia-\u015blubna_16.jpg\"><img loading=\"lazy\" src=\"http:\/\/www.blog.naszdzien.com.pl\/wp-content\/uploads\/2012\/02\/fotografia-\u015blubna_16.jpg\" alt=\"fotografia \u015blubna | wideofilmowanie wesel | fotograf | kamerzysta | zdjecia | gliwice katowice rybnik raciborz\" title=\"fotografia \u015blubna_16\" width=\"540\" height=\"360\" class=\"aligncenter size-full wp-image-1245\" srcset=\"http:\/\/www.naszdzien.com.pl\/blog\/wp-content\/uploads\/2012\/02\/fotografia-\u015blubna_16.jpg 540w, http:\/\/www.naszdzien.com.pl\/blog\/wp-content\/uploads\/2012\/02\/fotografia-\u015blubna_16-300x200.jpg 300w\" sizes=\"(max-width: 540px) 100vw, 540px\" \/><\/a><\/p>\n<p><a href=\"http:\/\/www.blog.naszdzien.com.pl\/wp-content\/uploads\/2012\/02\/fotografia-\u015blubna_17.jpg\"><img loading=\"lazy\" src=\"http:\/\/www.blog.naszdzien.com.pl\/wp-content\/uploads\/2012\/02\/fotografia-\u015blubna_17.jpg\" alt=\"fotografia \u015blubna | wideofilmowanie wesel | fotograf | kamerzysta | zdjecia | gliwice katowice rybnik raciborz\" title=\"fotografia \u015blubna_17\" width=\"540\" height=\"360\" class=\"aligncenter size-full wp-image-1246\" srcset=\"http:\/\/www.naszdzien.com.pl\/blog\/wp-content\/uploads\/2012\/02\/fotografia-\u015blubna_17.jpg 540w, http:\/\/www.naszdzien.com.pl\/blog\/wp-content\/uploads\/2012\/02\/fotografia-\u015blubna_17-300x200.jpg 300w\" sizes=\"(max-width: 540px) 100vw, 540px\" \/><\/a><\/p>\n<p><a href=\"http:\/\/www.blog.naszdzien.com.pl\/wp-content\/uploads\/2012\/02\/fotografia-\u015blubna_18.jpg\"><img loading=\"lazy\" src=\"http:\/\/www.blog.naszdzien.com.pl\/wp-content\/uploads\/2012\/02\/fotografia-\u015blubna_18.jpg\" alt=\"fotografia \u015blubna | wideofilmowanie wesel | fotograf | kamerzysta | zdjecia | gliwice katowice rybnik raciborz\" title=\"fotografia \u015blubna_18\" width=\"540\" height=\"359\" class=\"aligncenter size-full wp-image-1247\" srcset=\"http:\/\/www.naszdzien.com.pl\/blog\/wp-content\/uploads\/2012\/02\/fotografia-\u015blubna_18.jpg 540w, http:\/\/www.naszdzien.com.pl\/blog\/wp-content\/uploads\/2012\/02\/fotografia-\u015blubna_18-300x199.jpg 300w\" sizes=\"(max-width: 540px) 100vw, 540px\" \/><\/a><\/p>\n<p><a href=\"http:\/\/www.blog.naszdzien.com.pl\/wp-content\/uploads\/2012\/02\/fotografia-\u015blubna_19.jpg\"><img loading=\"lazy\" src=\"http:\/\/www.blog.naszdzien.com.pl\/wp-content\/uploads\/2012\/02\/fotografia-\u015blubna_19.jpg\" alt=\"fotografia \u015blubna | wideofilmowanie wesel | fotograf | kamerzysta | zdjecia | gliwice katowice rybnik raciborz\" title=\"fotografia \u015blubna_19\" width=\"359\" height=\"540\" class=\"aligncenter size-full wp-image-1248\" srcset=\"http:\/\/www.naszdzien.com.pl\/blog\/wp-content\/uploads\/2012\/02\/fotografia-\u015blubna_19.jpg 359w, http:\/\/www.naszdzien.com.pl\/blog\/wp-content\/uploads\/2012\/02\/fotografia-\u015blubna_19-199x300.jpg 199w\" sizes=\"(max-width: 359px) 100vw, 359px\" \/><\/a><\/p>\n<p><a href=\"http:\/\/www.blog.naszdzien.com.pl\/wp-content\/uploads\/2012\/02\/fotografia-\u015blubna_20.jpg\"><img loading=\"lazy\" src=\"http:\/\/www.blog.naszdzien.com.pl\/wp-content\/uploads\/2012\/02\/fotografia-\u015blubna_20.jpg\" alt=\"fotografia \u015blubna | wideofilmowanie wesel | fotograf | kamerzysta | zdjecia | gliwice katowice rybnik raciborz\" title=\"fotografia \u015blubna_20\" width=\"540\" height=\"359\" class=\"aligncenter size-full wp-image-1249\" srcset=\"http:\/\/www.naszdzien.com.pl\/blog\/wp-content\/uploads\/2012\/02\/fotografia-\u015blubna_20.jpg 540w, http:\/\/www.naszdzien.com.pl\/blog\/wp-content\/uploads\/2012\/02\/fotografia-\u015blubna_20-300x199.jpg 300w\" sizes=\"(max-width: 540px) 100vw, 540px\" \/><\/a><\/p>\n<p><a href=\"http:\/\/www.blog.naszdzien.com.pl\/wp-content\/uploads\/2012\/02\/fotografia-\u015blubna_21.jpg\"><img loading=\"lazy\" src=\"http:\/\/www.blog.naszdzien.com.pl\/wp-content\/uploads\/2012\/02\/fotografia-\u015blubna_21.jpg\" alt=\"fotografia \u015blubna | wideofilmowanie wesel | fotograf | kamerzysta | zdjecia | gliwice katowice rybnik raciborz\" title=\"fotografia \u015blubna_21\" width=\"540\" height=\"359\" class=\"aligncenter size-full wp-image-1250\" srcset=\"http:\/\/www.naszdzien.com.pl\/blog\/wp-content\/uploads\/2012\/02\/fotografia-\u015blubna_21.jpg 540w, http:\/\/www.naszdzien.com.pl\/blog\/wp-content\/uploads\/2012\/02\/fotografia-\u015blubna_21-300x199.jpg 300w\" sizes=\"(max-width: 540px) 100vw, 540px\" \/><\/a><\/p>\n<p><a href=\"http:\/\/www.blog.naszdzien.com.pl\/wp-content\/uploads\/2012\/02\/fotografia-slubna_22.jpg\"><img loading=\"lazy\" src=\"http:\/\/www.blog.naszdzien.com.pl\/wp-content\/uploads\/2012\/02\/fotografia-slubna_22.jpg\" alt=\"fotografia slubna | wideofilmowanie wesel | fotograf | kamerzysta | zdjecia | gliwice katowice rybnik raciborz\" title=\"fotografia slubna_22\" width=\"540\" height=\"359\" class=\"aligncenter size-full wp-image-1260\" srcset=\"http:\/\/www.naszdzien.com.pl\/blog\/wp-content\/uploads\/2012\/02\/fotografia-slubna_22.jpg 540w, http:\/\/www.naszdzien.com.pl\/blog\/wp-content\/uploads\/2012\/02\/fotografia-slubna_22-300x199.jpg 300w\" sizes=\"(max-width: 540px) 100vw, 540px\" \/><\/a><\/p>\n<p><a href=\"http:\/\/www.blog.naszdzien.com.pl\/wp-content\/uploads\/2012\/02\/fotografia-\u015blubna_23.jpg\"><img loading=\"lazy\" src=\"http:\/\/www.blog.naszdzien.com.pl\/wp-content\/uploads\/2012\/02\/fotografia-\u015blubna_23.jpg\" alt=\"fotografia \u015blubna | wideofilmowanie wesel | fotograf | kamerzysta | zdjecia | gliwice katowice rybnik raciborz\" title=\"fotografia \u015blubna_23\" width=\"540\" height=\"359\" class=\"aligncenter size-full wp-image-1252\" srcset=\"http:\/\/www.naszdzien.com.pl\/blog\/wp-content\/uploads\/2012\/02\/fotografia-\u015blubna_23.jpg 540w, http:\/\/www.naszdzien.com.pl\/blog\/wp-content\/uploads\/2012\/02\/fotografia-\u015blubna_23-300x199.jpg 300w\" sizes=\"(max-width: 540px) 100vw, 540px\" \/><\/a><\/p>\n<p><a href=\"http:\/\/www.blog.naszdzien.com.pl\/wp-content\/uploads\/2012\/02\/fotografia-\u015blubna_24.jpg\"><img loading=\"lazy\" src=\"http:\/\/www.blog.naszdzien.com.pl\/wp-content\/uploads\/2012\/02\/fotografia-\u015blubna_24.jpg\" alt=\"fotografia \u015blubna | wideofilmowanie wesel | fotograf | kamerzysta | zdjecia | gliwice katowice rybnik raciborz\" title=\"fotografia \u015blubna_24\" width=\"540\" height=\"359\" class=\"aligncenter size-full wp-image-1253\" srcset=\"http:\/\/www.naszdzien.com.pl\/blog\/wp-content\/uploads\/2012\/02\/fotografia-\u015blubna_24.jpg 540w, http:\/\/www.naszdzien.com.pl\/blog\/wp-content\/uploads\/2012\/02\/fotografia-\u015blubna_24-300x199.jpg 300w\" sizes=\"(max-width: 540px) 100vw, 540px\" \/><\/a><\/p>\n<p><a href=\"http:\/\/www.blog.naszdzien.com.pl\/wp-content\/uploads\/2012\/02\/fotografia-\u015blubna_25.jpg\"><img loading=\"lazy\" src=\"http:\/\/www.blog.naszdzien.com.pl\/wp-content\/uploads\/2012\/02\/fotografia-\u015blubna_25.jpg\" alt=\"fotografia \u015blubna | wideofilmowanie wesel | fotograf | kamerzysta | zdjecia | gliwice katowice rybnik raciborz\" title=\"fotografia \u015blubna_25\" width=\"540\" height=\"360\" class=\"aligncenter size-full wp-image-1254\" srcset=\"http:\/\/www.naszdzien.com.pl\/blog\/wp-content\/uploads\/2012\/02\/fotografia-\u015blubna_25.jpg 540w, http:\/\/www.naszdzien.com.pl\/blog\/wp-content\/uploads\/2012\/02\/fotografia-\u015blubna_25-300x200.jpg 300w\" sizes=\"(max-width: 540px) 100vw, 540px\" \/><\/a><\/p>\n<p><a href=\"http:\/\/www.blog.naszdzien.com.pl\/wp-content\/uploads\/2012\/02\/fotografia-\u015blubna_26.jpg\"><img loading=\"lazy\" src=\"http:\/\/www.blog.naszdzien.com.pl\/wp-content\/uploads\/2012\/02\/fotografia-\u015blubna_26.jpg\" alt=\"fotografia \u015blubna | wideofilmowanie wesel | fotograf | kamerzysta | zdjecia | gliwice katowice rybnik raciborz\" title=\"fotografia \u015blubna_26\" width=\"540\" height=\"359\" class=\"aligncenter size-full wp-image-1255\" srcset=\"http:\/\/www.naszdzien.com.pl\/blog\/wp-content\/uploads\/2012\/02\/fotografia-\u015blubna_26.jpg 540w, http:\/\/www.naszdzien.com.pl\/blog\/wp-content\/uploads\/2012\/02\/fotografia-\u015blubna_26-300x199.jpg 300w\" sizes=\"(max-width: 540px) 100vw, 540px\" \/><\/a><\/p>\n<p><a href=\"http:\/\/www.blog.naszdzien.com.pl\/wp-content\/uploads\/2012\/02\/fotografia-\u015blubna_27.jpg\"><img loading=\"lazy\" src=\"http:\/\/www.blog.naszdzien.com.pl\/wp-content\/uploads\/2012\/02\/fotografia-\u015blubna_27.jpg\" alt=\"fotografia \u015blubna | wideofilmowanie wesel | fotograf | kamerzysta | zdjecia | gliwice katowice rybnik raciborz\" title=\"fotografia \u015blubna_27\" width=\"360\" height=\"540\" class=\"aligncenter size-full wp-image-1256\" srcset=\"http:\/\/www.naszdzien.com.pl\/blog\/wp-content\/uploads\/2012\/02\/fotografia-\u015blubna_27.jpg 360w, http:\/\/www.naszdzien.com.pl\/blog\/wp-content\/uploads\/2012\/02\/fotografia-\u015blubna_27-200x300.jpg 200w\" sizes=\"(max-width: 360px) 100vw, 360px\" \/><\/a><\/p>\n<p><a href=\"http:\/\/www.blog.naszdzien.com.pl\/wp-content\/uploads\/2012\/02\/fotografia-\u015blubna_28.jpg\"><img loading=\"lazy\" src=\"http:\/\/www.blog.naszdzien.com.pl\/wp-content\/uploads\/2012\/02\/fotografia-\u015blubna_28.jpg\" alt=\"fotografia \u015blubna | wideofilmowanie wesel | fotograf | kamerzysta | zdjecia | gliwice katowice rybnik raciborz\" title=\"fotografia \u015blubna_28\" width=\"540\" height=\"359\" class=\"aligncenter size-full wp-image-1229\" srcset=\"http:\/\/www.naszdzien.com.pl\/blog\/wp-content\/uploads\/2012\/02\/fotografia-\u015blubna_28.jpg 540w, http:\/\/www.naszdzien.com.pl\/blog\/wp-content\/uploads\/2012\/02\/fotografia-\u015blubna_28-300x199.jpg 300w\" sizes=\"(max-width: 540px) 100vw, 540px\" \/><\/a><\/p>\n","protected":false},"excerpt":{"rendered":"<p>Henrieta i Krzysiek to kolejna para z jak\u0105 mia\u0142em przyjemno\u015b\u0107 pracowa\u0107. Tym razem sesja plenerowa w klimacie jesiennym. Zapraszam do ogl\u0105dania oraz zapoznania si\u0119 z innymi pracami na Blogu.<\/p>\n","protected":false},"author":1,"featured_media":1260,"comment_status":"open","ping_status":"closed","sticky":false,"template":"","format":"standard","meta":[],"categories":[5],"tags":[10,39,16,37,20,11,19,14,41,48,21,38,52,86,65,66,12,15,67,29,9,87,51,43,13,22,45],"_links":{"self":[{"href":"http:\/\/www.naszdzien.com.pl\/blog\/wp-json\/wp\/v2\/posts\/1228"}],"collection":[{"href":"http:\/\/www.naszdzien.com.pl\/blog\/wp-json\/wp\/v2\/posts"}],"about":[{"href":"http:\/\/www.naszdzien.com.pl\/blog\/wp-json\/wp\/v2\/types\/post"}],"author":[{"embeddable":true,"href":"http:\/\/www.naszdzien.com.pl\/blog\/wp-json\/wp\/v2\/users\/1"}],"replies":[{"embeddable":true,"href":"http:\/\/www.naszdzien.com.pl\/blog\/wp-json\/wp\/v2\/comments?post=1228"}],"version-history":[{"count":5,"href":"http:\/\/www.naszdzien.com.pl\/blog\/wp-json\/wp\/v2\/posts\/1228\/revisions"}],"predecessor-version":[{"id":1262,"href":"http:\/\/www.naszdzien.com.pl\/blog\/wp-json\/wp\/v2\/posts\/1228\/revisions\/1262"}],"wp:featuredmedia":[{"embeddable":true,"href":"http:\/\/www.naszdzien.com.pl\/blog\/wp-json\/wp\/v2\/media\/1260"}],"wp:attachment":[{"href":"http:\/\/www.naszdzien.com.pl\/blog\/wp-json\/wp\/v2\/media?parent=1228"}],"wp:term":[{"taxonomy":"category","embeddable":true,"href":"http:\/\/www.naszdzien.com.pl\/blog\/wp-json\/wp\/v2\/categories?post=1228"},{"taxonomy":"post_tag","embeddable":true,"href":"http:\/\/www.naszdzien.com.pl\/blog\/wp-json\/wp\/v2\/tags?post=1228"}],"curies":[{"name":"wp","href":"https:\/\/api.w.org\/{rel}","templated":true}]}}