{"id":2401,"date":"2017-06-15T08:21:51","date_gmt":"2017-06-15T08:21:51","guid":{"rendered":"http:\/\/www.blog.naszdzien.com.pl\/?p=2401"},"modified":"2019-03-08T14:03:38","modified_gmt":"2019-03-08T14:03:38","slug":"zdjecia-slubne-raciborzrybnikgliwicekatowiceslask","status":"publish","type":"post","link":"http:\/\/www.naszdzien.com.pl\/blog\/zdjecia-slubne-raciborzrybnikgliwicekatowiceslask\/","title":{"rendered":"Zdj\u0119cia \u015blubne fotograf Racib\u00f3rz &#8211; plener Krowiarki"},"content":{"rendered":"<figure id=\"attachment_2402\" aria-describedby=\"caption-attachment-2402\" style=\"width: 667px\" class=\"wp-caption aligncenter\"><img loading=\"lazy\" class=\"wp-image-2402 size-full\" src=\"http:\/\/www.naszdzien.com.pl\/blog\/wp-content\/uploads\/2017\/09\/zdjecia-slubne-fotografia-plener-fotograf-raciborz-katowice-rybnik-gliwice-slask-kedziezyn_012.jpg\" alt=\"\" width=\"667\" height=\"1000\" srcset=\"http:\/\/www.naszdzien.com.pl\/blog\/wp-content\/uploads\/2017\/09\/zdjecia-slubne-fotografia-plener-fotograf-raciborz-katowice-rybnik-gliwice-slask-kedziezyn_012.jpg 667w, http:\/\/www.naszdzien.com.pl\/blog\/wp-content\/uploads\/2017\/09\/zdjecia-slubne-fotografia-plener-fotograf-raciborz-katowice-rybnik-gliwice-slask-kedziezyn_012-200x300.jpg 200w\" sizes=\"(max-width: 667px) 100vw, 667px\" \/><figcaption id=\"caption-attachment-2402\" class=\"wp-caption-text\">fotograf \u015blubny Gliwice<\/figcaption><\/figure>\n<figure id=\"attachment_2403\" aria-describedby=\"caption-attachment-2403\" style=\"width: 1000px\" class=\"wp-caption aligncenter\"><img loading=\"lazy\" class=\"wp-image-2403 size-full\" src=\"http:\/\/www.naszdzien.com.pl\/blog\/wp-content\/uploads\/2017\/09\/zdjecia-slubne-fotografia-plener-fotograf-raciborz-katowice-rybnik-gliwice-slask-kedziezyn_013.jpg\" alt=\"\" width=\"1000\" height=\"665\" srcset=\"http:\/\/www.naszdzien.com.pl\/blog\/wp-content\/uploads\/2017\/09\/zdjecia-slubne-fotografia-plener-fotograf-raciborz-katowice-rybnik-gliwice-slask-kedziezyn_013.jpg 1000w, http:\/\/www.naszdzien.com.pl\/blog\/wp-content\/uploads\/2017\/09\/zdjecia-slubne-fotografia-plener-fotograf-raciborz-katowice-rybnik-gliwice-slask-kedziezyn_013-300x200.jpg 300w, http:\/\/www.naszdzien.com.pl\/blog\/wp-content\/uploads\/2017\/09\/zdjecia-slubne-fotografia-plener-fotograf-raciborz-katowice-rybnik-gliwice-slask-kedziezyn_013-768x511.jpg 768w\" sizes=\"(max-width: 1000px) 100vw, 1000px\" \/><figcaption id=\"caption-attachment-2403\" class=\"wp-caption-text\">fotograf \u015blubny Gliwice<\/figcaption><\/figure>\n<figure id=\"attachment_2404\" aria-describedby=\"caption-attachment-2404\" style=\"width: 1000px\" class=\"wp-caption aligncenter\"><img loading=\"lazy\" class=\"wp-image-2404 size-full\" src=\"http:\/\/www.naszdzien.com.pl\/blog\/wp-content\/uploads\/2017\/09\/zdjecia-slubne-fotografia-plener-fotograf-raciborz-katowice-rybnik-gliwice-slask-kedziezyn_014.jpg\" alt=\"\" width=\"1000\" height=\"667\" srcset=\"http:\/\/www.naszdzien.com.pl\/blog\/wp-content\/uploads\/2017\/09\/zdjecia-slubne-fotografia-plener-fotograf-raciborz-katowice-rybnik-gliwice-slask-kedziezyn_014.jpg 1000w, http:\/\/www.naszdzien.com.pl\/blog\/wp-content\/uploads\/2017\/09\/zdjecia-slubne-fotografia-plener-fotograf-raciborz-katowice-rybnik-gliwice-slask-kedziezyn_014-300x200.jpg 300w, http:\/\/www.naszdzien.com.pl\/blog\/wp-content\/uploads\/2017\/09\/zdjecia-slubne-fotografia-plener-fotograf-raciborz-katowice-rybnik-gliwice-slask-kedziezyn_014-768x512.jpg 768w\" sizes=\"(max-width: 1000px) 100vw, 1000px\" \/><figcaption id=\"caption-attachment-2404\" class=\"wp-caption-text\">fotograf \u015blubny Gliwice<\/figcaption><\/figure>\n<figure id=\"attachment_2405\" aria-describedby=\"caption-attachment-2405\" style=\"width: 1000px\" class=\"wp-caption aligncenter\"><img loading=\"lazy\" class=\"wp-image-2405 size-full\" src=\"http:\/\/www.naszdzien.com.pl\/blog\/wp-content\/uploads\/2017\/09\/zdjecia-slubne-fotografia-plener-fotograf-raciborz-katowice-rybnik-gliwice-slask-kedziezyn_015.jpg\" alt=\"\" width=\"1000\" height=\"665\" srcset=\"http:\/\/www.naszdzien.com.pl\/blog\/wp-content\/uploads\/2017\/09\/zdjecia-slubne-fotografia-plener-fotograf-raciborz-katowice-rybnik-gliwice-slask-kedziezyn_015.jpg 1000w, http:\/\/www.naszdzien.com.pl\/blog\/wp-content\/uploads\/2017\/09\/zdjecia-slubne-fotografia-plener-fotograf-raciborz-katowice-rybnik-gliwice-slask-kedziezyn_015-300x200.jpg 300w, http:\/\/www.naszdzien.com.pl\/blog\/wp-content\/uploads\/2017\/09\/zdjecia-slubne-fotografia-plener-fotograf-raciborz-katowice-rybnik-gliwice-slask-kedziezyn_015-768x511.jpg 768w\" sizes=\"(max-width: 1000px) 100vw, 1000px\" \/><figcaption id=\"caption-attachment-2405\" class=\"wp-caption-text\">fotograf \u015blubny Gliwice<\/figcaption><\/figure>\n<figure id=\"attachment_2406\" aria-describedby=\"caption-attachment-2406\" style=\"width: 1000px\" class=\"wp-caption aligncenter\"><img loading=\"lazy\" class=\"wp-image-2406 size-full\" src=\"http:\/\/www.naszdzien.com.pl\/blog\/wp-content\/uploads\/2017\/09\/zdjecia-slubne-fotografia-plener-fotograf-raciborz-katowice-rybnik-gliwice-slask-kedziezyn_001.jpg\" alt=\"\" width=\"1000\" height=\"665\" srcset=\"http:\/\/www.naszdzien.com.pl\/blog\/wp-content\/uploads\/2017\/09\/zdjecia-slubne-fotografia-plener-fotograf-raciborz-katowice-rybnik-gliwice-slask-kedziezyn_001.jpg 1000w, http:\/\/www.naszdzien.com.pl\/blog\/wp-content\/uploads\/2017\/09\/zdjecia-slubne-fotografia-plener-fotograf-raciborz-katowice-rybnik-gliwice-slask-kedziezyn_001-300x200.jpg 300w, http:\/\/www.naszdzien.com.pl\/blog\/wp-content\/uploads\/2017\/09\/zdjecia-slubne-fotografia-plener-fotograf-raciborz-katowice-rybnik-gliwice-slask-kedziezyn_001-768x511.jpg 768w\" sizes=\"(max-width: 1000px) 100vw, 1000px\" \/><figcaption id=\"caption-attachment-2406\" class=\"wp-caption-text\">fotograf \u015blubny Gliwice<\/figcaption><\/figure>\n<figure id=\"attachment_2407\" aria-describedby=\"caption-attachment-2407\" style=\"width: 1000px\" class=\"wp-caption aligncenter\"><img loading=\"lazy\" class=\"wp-image-2407 size-full\" src=\"http:\/\/www.naszdzien.com.pl\/blog\/wp-content\/uploads\/2017\/09\/zdjecia-slubne-fotografia-plener-fotograf-raciborz-katowice-rybnik-gliwice-slask-kedziezyn_002.jpg\" alt=\"\" width=\"1000\" height=\"665\" srcset=\"http:\/\/www.naszdzien.com.pl\/blog\/wp-content\/uploads\/2017\/09\/zdjecia-slubne-fotografia-plener-fotograf-raciborz-katowice-rybnik-gliwice-slask-kedziezyn_002.jpg 1000w, http:\/\/www.naszdzien.com.pl\/blog\/wp-content\/uploads\/2017\/09\/zdjecia-slubne-fotografia-plener-fotograf-raciborz-katowice-rybnik-gliwice-slask-kedziezyn_002-300x200.jpg 300w, http:\/\/www.naszdzien.com.pl\/blog\/wp-content\/uploads\/2017\/09\/zdjecia-slubne-fotografia-plener-fotograf-raciborz-katowice-rybnik-gliwice-slask-kedziezyn_002-768x511.jpg 768w\" sizes=\"(max-width: 1000px) 100vw, 1000px\" \/><figcaption id=\"caption-attachment-2407\" class=\"wp-caption-text\">fotograf \u015blubny Katowice<\/figcaption><\/figure>\n<figure id=\"attachment_2408\" aria-describedby=\"caption-attachment-2408\" style=\"width: 1000px\" class=\"wp-caption aligncenter\"><img loading=\"lazy\" class=\"wp-image-2408 size-full\" src=\"http:\/\/www.naszdzien.com.pl\/blog\/wp-content\/uploads\/2017\/09\/zdjecia-slubne-fotografia-plener-fotograf-raciborz-katowice-rybnik-gliwice-slask-kedziezyn_003.jpg\" alt=\"\" width=\"1000\" height=\"665\" srcset=\"http:\/\/www.naszdzien.com.pl\/blog\/wp-content\/uploads\/2017\/09\/zdjecia-slubne-fotografia-plener-fotograf-raciborz-katowice-rybnik-gliwice-slask-kedziezyn_003.jpg 1000w, http:\/\/www.naszdzien.com.pl\/blog\/wp-content\/uploads\/2017\/09\/zdjecia-slubne-fotografia-plener-fotograf-raciborz-katowice-rybnik-gliwice-slask-kedziezyn_003-300x200.jpg 300w, http:\/\/www.naszdzien.com.pl\/blog\/wp-content\/uploads\/2017\/09\/zdjecia-slubne-fotografia-plener-fotograf-raciborz-katowice-rybnik-gliwice-slask-kedziezyn_003-768x511.jpg 768w\" sizes=\"(max-width: 1000px) 100vw, 1000px\" \/><figcaption id=\"caption-attachment-2408\" class=\"wp-caption-text\">fotograf \u015blubny Katowice<\/figcaption><\/figure>\n<figure id=\"attachment_2409\" aria-describedby=\"caption-attachment-2409\" style=\"width: 1000px\" class=\"wp-caption aligncenter\"><img loading=\"lazy\" class=\"wp-image-2409 size-full\" src=\"http:\/\/www.naszdzien.com.pl\/blog\/wp-content\/uploads\/2017\/09\/zdjecia-slubne-fotografia-plener-fotograf-raciborz-katowice-rybnik-gliwice-slask-kedziezyn_004.jpg\" alt=\"\" width=\"1000\" height=\"665\" srcset=\"http:\/\/www.naszdzien.com.pl\/blog\/wp-content\/uploads\/2017\/09\/zdjecia-slubne-fotografia-plener-fotograf-raciborz-katowice-rybnik-gliwice-slask-kedziezyn_004.jpg 1000w, http:\/\/www.naszdzien.com.pl\/blog\/wp-content\/uploads\/2017\/09\/zdjecia-slubne-fotografia-plener-fotograf-raciborz-katowice-rybnik-gliwice-slask-kedziezyn_004-300x200.jpg 300w, http:\/\/www.naszdzien.com.pl\/blog\/wp-content\/uploads\/2017\/09\/zdjecia-slubne-fotografia-plener-fotograf-raciborz-katowice-rybnik-gliwice-slask-kedziezyn_004-768x511.jpg 768w\" sizes=\"(max-width: 1000px) 100vw, 1000px\" \/><figcaption id=\"caption-attachment-2409\" class=\"wp-caption-text\">fotograf \u015blubny Katowice<\/figcaption><\/figure>\n<figure id=\"attachment_2410\" aria-describedby=\"caption-attachment-2410\" style=\"width: 1000px\" class=\"wp-caption aligncenter\"><img loading=\"lazy\" class=\"wp-image-2410 size-full\" src=\"http:\/\/www.naszdzien.com.pl\/blog\/wp-content\/uploads\/2017\/09\/zdjecia-slubne-fotografia-plener-fotograf-raciborz-katowice-rybnik-gliwice-slask-kedziezyn_005.jpg\" alt=\"\" width=\"1000\" height=\"667\" srcset=\"http:\/\/www.naszdzien.com.pl\/blog\/wp-content\/uploads\/2017\/09\/zdjecia-slubne-fotografia-plener-fotograf-raciborz-katowice-rybnik-gliwice-slask-kedziezyn_005.jpg 1000w, http:\/\/www.naszdzien.com.pl\/blog\/wp-content\/uploads\/2017\/09\/zdjecia-slubne-fotografia-plener-fotograf-raciborz-katowice-rybnik-gliwice-slask-kedziezyn_005-300x200.jpg 300w, http:\/\/www.naszdzien.com.pl\/blog\/wp-content\/uploads\/2017\/09\/zdjecia-slubne-fotografia-plener-fotograf-raciborz-katowice-rybnik-gliwice-slask-kedziezyn_005-768x512.jpg 768w\" sizes=\"(max-width: 1000px) 100vw, 1000px\" \/><figcaption id=\"caption-attachment-2410\" class=\"wp-caption-text\">fotograf \u015blubny Katowice<\/figcaption><\/figure>\n<figure id=\"attachment_2411\" aria-describedby=\"caption-attachment-2411\" style=\"width: 1000px\" class=\"wp-caption aligncenter\"><img loading=\"lazy\" class=\"wp-image-2411 size-full\" src=\"http:\/\/www.naszdzien.com.pl\/blog\/wp-content\/uploads\/2017\/09\/zdjecia-slubne-fotografia-plener-fotograf-raciborz-katowice-rybnik-gliwice-slask-kedziezyn_006.jpg\" alt=\"\" width=\"1000\" height=\"667\" srcset=\"http:\/\/www.naszdzien.com.pl\/blog\/wp-content\/uploads\/2017\/09\/zdjecia-slubne-fotografia-plener-fotograf-raciborz-katowice-rybnik-gliwice-slask-kedziezyn_006.jpg 1000w, http:\/\/www.naszdzien.com.pl\/blog\/wp-content\/uploads\/2017\/09\/zdjecia-slubne-fotografia-plener-fotograf-raciborz-katowice-rybnik-gliwice-slask-kedziezyn_006-300x200.jpg 300w, http:\/\/www.naszdzien.com.pl\/blog\/wp-content\/uploads\/2017\/09\/zdjecia-slubne-fotografia-plener-fotograf-raciborz-katowice-rybnik-gliwice-slask-kedziezyn_006-768x512.jpg 768w\" sizes=\"(max-width: 1000px) 100vw, 1000px\" \/><figcaption id=\"caption-attachment-2411\" class=\"wp-caption-text\">fotograf \u015blubny Katowice<\/figcaption><\/figure>\n<figure id=\"attachment_2412\" aria-describedby=\"caption-attachment-2412\" style=\"width: 1000px\" class=\"wp-caption aligncenter\"><img loading=\"lazy\" class=\"wp-image-2412 size-full\" src=\"http:\/\/www.naszdzien.com.pl\/blog\/wp-content\/uploads\/2017\/09\/zdjecia-slubne-fotografia-plener-fotograf-raciborz-katowice-rybnik-gliwice-slask-kedziezyn_007.jpg\" alt=\"\" width=\"1000\" height=\"667\" srcset=\"http:\/\/www.naszdzien.com.pl\/blog\/wp-content\/uploads\/2017\/09\/zdjecia-slubne-fotografia-plener-fotograf-raciborz-katowice-rybnik-gliwice-slask-kedziezyn_007.jpg 1000w, http:\/\/www.naszdzien.com.pl\/blog\/wp-content\/uploads\/2017\/09\/zdjecia-slubne-fotografia-plener-fotograf-raciborz-katowice-rybnik-gliwice-slask-kedziezyn_007-300x200.jpg 300w, http:\/\/www.naszdzien.com.pl\/blog\/wp-content\/uploads\/2017\/09\/zdjecia-slubne-fotografia-plener-fotograf-raciborz-katowice-rybnik-gliwice-slask-kedziezyn_007-768x512.jpg 768w\" sizes=\"(max-width: 1000px) 100vw, 1000px\" \/><figcaption id=\"caption-attachment-2412\" class=\"wp-caption-text\">fotograf \u015blubny Rybnik<\/figcaption><\/figure>\n<figure id=\"attachment_2413\" aria-describedby=\"caption-attachment-2413\" style=\"width: 1000px\" class=\"wp-caption aligncenter\"><img loading=\"lazy\" class=\"wp-image-2413 size-full\" src=\"http:\/\/www.naszdzien.com.pl\/blog\/wp-content\/uploads\/2017\/09\/zdjecia-slubne-fotografia-plener-fotograf-raciborz-katowice-rybnik-gliwice-slask-kedziezyn_008.jpg\" alt=\"\" width=\"1000\" height=\"665\" srcset=\"http:\/\/www.naszdzien.com.pl\/blog\/wp-content\/uploads\/2017\/09\/zdjecia-slubne-fotografia-plener-fotograf-raciborz-katowice-rybnik-gliwice-slask-kedziezyn_008.jpg 1000w, http:\/\/www.naszdzien.com.pl\/blog\/wp-content\/uploads\/2017\/09\/zdjecia-slubne-fotografia-plener-fotograf-raciborz-katowice-rybnik-gliwice-slask-kedziezyn_008-300x200.jpg 300w, http:\/\/www.naszdzien.com.pl\/blog\/wp-content\/uploads\/2017\/09\/zdjecia-slubne-fotografia-plener-fotograf-raciborz-katowice-rybnik-gliwice-slask-kedziezyn_008-768x511.jpg 768w\" sizes=\"(max-width: 1000px) 100vw, 1000px\" \/><figcaption id=\"caption-attachment-2413\" class=\"wp-caption-text\">fotograf \u015blubny Rybnik<\/figcaption><\/figure>\n<figure id=\"attachment_2414\" aria-describedby=\"caption-attachment-2414\" style=\"width: 1000px\" class=\"wp-caption aligncenter\"><img loading=\"lazy\" class=\"wp-image-2414 size-full\" src=\"http:\/\/www.naszdzien.com.pl\/blog\/wp-content\/uploads\/2017\/09\/zdjecia-slubne-fotografia-plener-fotograf-raciborz-katowice-rybnik-gliwice-slask-kedziezyn_009.jpg\" alt=\"\" width=\"1000\" height=\"665\" srcset=\"http:\/\/www.naszdzien.com.pl\/blog\/wp-content\/uploads\/2017\/09\/zdjecia-slubne-fotografia-plener-fotograf-raciborz-katowice-rybnik-gliwice-slask-kedziezyn_009.jpg 1000w, http:\/\/www.naszdzien.com.pl\/blog\/wp-content\/uploads\/2017\/09\/zdjecia-slubne-fotografia-plener-fotograf-raciborz-katowice-rybnik-gliwice-slask-kedziezyn_009-300x200.jpg 300w, http:\/\/www.naszdzien.com.pl\/blog\/wp-content\/uploads\/2017\/09\/zdjecia-slubne-fotografia-plener-fotograf-raciborz-katowice-rybnik-gliwice-slask-kedziezyn_009-768x511.jpg 768w\" sizes=\"(max-width: 1000px) 100vw, 1000px\" \/><figcaption id=\"caption-attachment-2414\" class=\"wp-caption-text\">fotograf \u015blubny Rybnik<\/figcaption><\/figure>\n<figure id=\"attachment_2415\" aria-describedby=\"caption-attachment-2415\" style=\"width: 1000px\" class=\"wp-caption aligncenter\"><img loading=\"lazy\" class=\"wp-image-2415 size-full\" src=\"http:\/\/www.naszdzien.com.pl\/blog\/wp-content\/uploads\/2017\/09\/zdjecia-slubne-fotografia-plener-fotograf-raciborz-katowice-rybnik-gliwice-slask-kedziezyn_010.jpg\" alt=\"\" width=\"1000\" height=\"665\" srcset=\"http:\/\/www.naszdzien.com.pl\/blog\/wp-content\/uploads\/2017\/09\/zdjecia-slubne-fotografia-plener-fotograf-raciborz-katowice-rybnik-gliwice-slask-kedziezyn_010.jpg 1000w, http:\/\/www.naszdzien.com.pl\/blog\/wp-content\/uploads\/2017\/09\/zdjecia-slubne-fotografia-plener-fotograf-raciborz-katowice-rybnik-gliwice-slask-kedziezyn_010-300x200.jpg 300w, http:\/\/www.naszdzien.com.pl\/blog\/wp-content\/uploads\/2017\/09\/zdjecia-slubne-fotografia-plener-fotograf-raciborz-katowice-rybnik-gliwice-slask-kedziezyn_010-768x511.jpg 768w\" sizes=\"(max-width: 1000px) 100vw, 1000px\" \/><figcaption id=\"caption-attachment-2415\" class=\"wp-caption-text\">fotograf \u015blubny Rybnik<\/figcaption><\/figure>\n<figure id=\"attachment_2416\" aria-describedby=\"caption-attachment-2416\" style=\"width: 1000px\" class=\"wp-caption aligncenter\"><img loading=\"lazy\" class=\"wp-image-2416 size-full\" src=\"http:\/\/www.naszdzien.com.pl\/blog\/wp-content\/uploads\/2017\/09\/zdjecia-slubne-fotografia-plener-fotograf-raciborz-katowice-rybnik-gliwice-slask-kedziezyn_011.jpg\" alt=\"\" width=\"1000\" height=\"665\" srcset=\"http:\/\/www.naszdzien.com.pl\/blog\/wp-content\/uploads\/2017\/09\/zdjecia-slubne-fotografia-plener-fotograf-raciborz-katowice-rybnik-gliwice-slask-kedziezyn_011.jpg 1000w, http:\/\/www.naszdzien.com.pl\/blog\/wp-content\/uploads\/2017\/09\/zdjecia-slubne-fotografia-plener-fotograf-raciborz-katowice-rybnik-gliwice-slask-kedziezyn_011-300x200.jpg 300w, http:\/\/www.naszdzien.com.pl\/blog\/wp-content\/uploads\/2017\/09\/zdjecia-slubne-fotografia-plener-fotograf-raciborz-katowice-rybnik-gliwice-slask-kedziezyn_011-768x511.jpg 768w\" sizes=\"(max-width: 1000px) 100vw, 1000px\" \/><figcaption id=\"caption-attachment-2416\" class=\"wp-caption-text\">fotograf \u015blubny Rybnik<\/figcaption><\/figure>\n","protected":false},"excerpt":{"rendered":"","protected":false},"author":1,"featured_media":2588,"comment_status":"open","ping_status":"closed","sticky":false,"template":"","format":"standard","meta":[],"categories":[5,99,98],"tags":[10,40,37,11,19,86,65,66,12,15,35,100,51,7,13,22,101],"_links":{"self":[{"href":"http:\/\/www.naszdzien.com.pl\/blog\/wp-json\/wp\/v2\/posts\/2401"}],"collection":[{"href":"http:\/\/www.naszdzien.com.pl\/blog\/wp-json\/wp\/v2\/posts"}],"about":[{"href":"http:\/\/www.naszdzien.com.pl\/blog\/wp-json\/wp\/v2\/types\/post"}],"author":[{"embeddable":true,"href":"http:\/\/www.naszdzien.com.pl\/blog\/wp-json\/wp\/v2\/users\/1"}],"replies":[{"embeddable":true,"href":"http:\/\/www.naszdzien.com.pl\/blog\/wp-json\/wp\/v2\/comments?post=2401"}],"version-history":[{"count":5,"href":"http:\/\/www.naszdzien.com.pl\/blog\/wp-json\/wp\/v2\/posts\/2401\/revisions"}],"predecessor-version":[{"id":3252,"href":"http:\/\/www.naszdzien.com.pl\/blog\/wp-json\/wp\/v2\/posts\/2401\/revisions\/3252"}],"wp:featuredmedia":[{"embeddable":true,"href":"http:\/\/www.naszdzien.com.pl\/blog\/wp-json\/wp\/v2\/media\/2588"}],"wp:attachment":[{"href":"http:\/\/www.naszdzien.com.pl\/blog\/wp-json\/wp\/v2\/media?parent=2401"}],"wp:term":[{"taxonomy":"category","embeddable":true,"href":"http:\/\/www.naszdzien.com.pl\/blog\/wp-json\/wp\/v2\/categories?post=2401"},{"taxonomy":"post_tag","embeddable":true,"href":"http:\/\/www.naszdzien.com.pl\/blog\/wp-json\/wp\/v2\/tags?post=2401"}],"curies":[{"name":"wp","href":"https:\/\/api.w.org\/{rel}","templated":true}]}}