{"id":334,"date":"2010-08-31T08:12:26","date_gmt":"2010-08-31T08:12:26","guid":{"rendered":"http:\/\/www.fotograf-tomaszkojtek.pl\/?p=334"},"modified":"2019-02-25T22:08:54","modified_gmt":"2019-02-25T22:08:54","slug":"slub-joasi-i-marcina","status":"publish","type":"post","link":"http:\/\/www.naszdzien.com.pl\/blog\/slub-joasi-i-marcina\/","title":{"rendered":"Joasia i Marcin | fotograf Racib\u00f3rz, Gliwice"},"content":{"rendered":"<p>Mieli\u015bmy okazj\u0119 pozna\u0107 si\u0119 ju\u017c troszk\u0119 podczas sesji narzecze\u0144skiej wi\u0119c w dniu \u015blubu oraz na plenerze sz\u0142o wszystko g\u0142adko i przyjemnie. Uda\u0142o si\u0119, tak s\u0105dz\u0119, zrobi\u0107 super zdj\u0119cia. prezentuj\u0119 kilka poni\u017cej.<br \/>\nMarcin zatroszczy\u0142 si\u0119 o super furk\u0119 \ud83d\ude42 kabrioletem do \u015blubu &#8211; ekstra.<\/p>\n<p><a href=\"http:\/\/www.blog.naszdzien.com.pl\/wp-content\/uploads\/2010\/08\/zdj\u0119cia-w-ko\u015bciele.jpg\"><img loading=\"lazy\" src=\"http:\/\/www.blog.naszdzien.com.pl\/wp-content\/uploads\/2010\/08\/zdj\u0119cia-w-ko\u015bciele.jpg\" alt=\"\" title=\"zdj\u0119cia w ko\u015bciele\" width=\"640\" height=\"426\" class=\"aligncenter size-full wp-image-385\" srcset=\"http:\/\/www.naszdzien.com.pl\/blog\/wp-content\/uploads\/2010\/08\/zdj\u0119cia-w-ko\u015bciele.jpg 640w, http:\/\/www.naszdzien.com.pl\/blog\/wp-content\/uploads\/2010\/08\/zdj\u0119cia-w-ko\u015bciele-300x199.jpg 300w\" sizes=\"(max-width: 640px) 100vw, 640px\" \/><\/a><\/p>\n<p><a href=\"http:\/\/www.blog.naszdzien.com.pl\/wp-content\/uploads\/2010\/08\/zdj\u0119cia-\u015blubne-zawiercie.jpg\"><img loading=\"lazy\" src=\"http:\/\/www.blog.naszdzien.com.pl\/wp-content\/uploads\/2010\/08\/zdj\u0119cia-\u015blubne-zawiercie.jpg\" alt=\"\" title=\"zdj\u0119cia \u015blubne zawiercie\" width=\"640\" height=\"426\" class=\"aligncenter size-full wp-image-384\" srcset=\"http:\/\/www.naszdzien.com.pl\/blog\/wp-content\/uploads\/2010\/08\/zdj\u0119cia-\u015blubne-zawiercie.jpg 640w, http:\/\/www.naszdzien.com.pl\/blog\/wp-content\/uploads\/2010\/08\/zdj\u0119cia-\u015blubne-zawiercie-300x199.jpg 300w\" sizes=\"(max-width: 640px) 100vw, 640px\" \/><\/a><\/p>\n<p><a href=\"http:\/\/www.blog.naszdzien.com.pl\/wp-content\/uploads\/2010\/08\/zdj\u0119cia-\u015blubne-wodzis\u0142aw-.jpg\"><img loading=\"lazy\" src=\"http:\/\/www.blog.naszdzien.com.pl\/wp-content\/uploads\/2010\/08\/zdj\u0119cia-\u015blubne-wodzis\u0142aw-.jpg\" alt=\"\" title=\"zdj\u0119cia \u015blubne wodzis\u0142aw\" width=\"640\" height=\"426\" class=\"aligncenter size-full wp-image-383\" srcset=\"http:\/\/www.naszdzien.com.pl\/blog\/wp-content\/uploads\/2010\/08\/zdj\u0119cia-\u015blubne-wodzis\u0142aw-.jpg 640w, http:\/\/www.naszdzien.com.pl\/blog\/wp-content\/uploads\/2010\/08\/zdj\u0119cia-\u015blubne-wodzis\u0142aw--300x199.jpg 300w\" sizes=\"(max-width: 640px) 100vw, 640px\" \/><\/a><\/p>\n<p><a href=\"http:\/\/www.blog.naszdzien.com.pl\/wp-content\/uploads\/2010\/08\/zdj\u0119cia-\u015blubne-tychy.jpg\"><img loading=\"lazy\" src=\"http:\/\/www.blog.naszdzien.com.pl\/wp-content\/uploads\/2010\/08\/zdj\u0119cia-\u015blubne-tychy.jpg\" alt=\"\" title=\"zdj\u0119cia \u015blubne tychy\" width=\"640\" height=\"427\" class=\"aligncenter size-full wp-image-382\" srcset=\"http:\/\/www.naszdzien.com.pl\/blog\/wp-content\/uploads\/2010\/08\/zdj\u0119cia-\u015blubne-tychy.jpg 640w, http:\/\/www.naszdzien.com.pl\/blog\/wp-content\/uploads\/2010\/08\/zdj\u0119cia-\u015blubne-tychy-300x200.jpg 300w\" sizes=\"(max-width: 640px) 100vw, 640px\" \/><\/a><\/p>\n<p><a href=\"http:\/\/www.blog.naszdzien.com.pl\/wp-content\/uploads\/2010\/08\/zdj\u0119cia-\u015blubne-racib\u00f3rz.jpg\"><img loading=\"lazy\" src=\"http:\/\/www.blog.naszdzien.com.pl\/wp-content\/uploads\/2010\/08\/zdj\u0119cia-\u015blubne-racib\u00f3rz.jpg\" alt=\"\" title=\"zdj\u0119cia \u015blubne racib\u00f3rz\" width=\"426\" height=\"640\" class=\"aligncenter size-full wp-image-379\" srcset=\"http:\/\/www.naszdzien.com.pl\/blog\/wp-content\/uploads\/2010\/08\/zdj\u0119cia-\u015blubne-racib\u00f3rz.jpg 426w, http:\/\/www.naszdzien.com.pl\/blog\/wp-content\/uploads\/2010\/08\/zdj\u0119cia-\u015blubne-racib\u00f3rz-199x300.jpg 199w\" sizes=\"(max-width: 426px) 100vw, 426px\" \/><\/a><\/p>\n<p><a href=\"http:\/\/www.blog.naszdzien.com.pl\/wp-content\/uploads\/2010\/08\/zdj\u0119cia-\u015blubne-rybnik.jpg\"><img loading=\"lazy\" src=\"http:\/\/www.blog.naszdzien.com.pl\/wp-content\/uploads\/2010\/08\/zdj\u0119cia-\u015blubne-rybnik.jpg\" alt=\"\" title=\"zdj\u0119cia \u015blubne rybnik\" width=\"640\" height=\"426\" class=\"aligncenter size-full wp-image-380\" srcset=\"http:\/\/www.naszdzien.com.pl\/blog\/wp-content\/uploads\/2010\/08\/zdj\u0119cia-\u015blubne-rybnik.jpg 640w, http:\/\/www.naszdzien.com.pl\/blog\/wp-content\/uploads\/2010\/08\/zdj\u0119cia-\u015blubne-rybnik-300x199.jpg 300w\" sizes=\"(max-width: 640px) 100vw, 640px\" \/><\/a><\/p>\n<p><a href=\"http:\/\/www.blog.naszdzien.com.pl\/wp-content\/uploads\/2010\/08\/zdj\u0119cia-\u015blubne-tarnowskie-g\u00f3ry.jpg\"><img loading=\"lazy\" src=\"http:\/\/www.blog.naszdzien.com.pl\/wp-content\/uploads\/2010\/08\/zdj\u0119cia-\u015blubne-tarnowskie-g\u00f3ry.jpg\" alt=\"\" title=\"zdj\u0119cia \u015blubne tarnowskie g\u00f3ry\" width=\"640\" height=\"426\" class=\"aligncenter size-full wp-image-381\" srcset=\"http:\/\/www.naszdzien.com.pl\/blog\/wp-content\/uploads\/2010\/08\/zdj\u0119cia-\u015blubne-tarnowskie-g\u00f3ry.jpg 640w, http:\/\/www.naszdzien.com.pl\/blog\/wp-content\/uploads\/2010\/08\/zdj\u0119cia-\u015blubne-tarnowskie-g\u00f3ry-300x199.jpg 300w\" sizes=\"(max-width: 640px) 100vw, 640px\" \/><\/a><\/p>\n<p><a href=\"http:\/\/www.blog.naszdzien.com.pl\/wp-content\/uploads\/2010\/08\/zdj\u0119cia-\u015blubne-knur\u00f3w.jpg\"><img loading=\"lazy\" src=\"http:\/\/www.blog.naszdzien.com.pl\/wp-content\/uploads\/2010\/08\/zdj\u0119cia-\u015blubne-knur\u00f3w.jpg\" alt=\"\" title=\"zdj\u0119cia \u015blubne knur\u00f3w\" width=\"640\" height=\"426\" class=\"aligncenter size-full wp-image-375\" srcset=\"http:\/\/www.naszdzien.com.pl\/blog\/wp-content\/uploads\/2010\/08\/zdj\u0119cia-\u015blubne-knur\u00f3w.jpg 640w, http:\/\/www.naszdzien.com.pl\/blog\/wp-content\/uploads\/2010\/08\/zdj\u0119cia-\u015blubne-knur\u00f3w-300x199.jpg 300w\" sizes=\"(max-width: 640px) 100vw, 640px\" \/><\/a><\/p>\n<p><a href=\"http:\/\/www.blog.naszdzien.com.pl\/wp-content\/uploads\/2010\/08\/zdj\u0119cia-\u015blubne-kietrz.jpg\"><img loading=\"lazy\" src=\"http:\/\/www.blog.naszdzien.com.pl\/wp-content\/uploads\/2010\/08\/zdj\u0119cia-\u015blubne-kietrz.jpg\" alt=\"\" title=\"zdj\u0119cia \u015blubne kietrz\" width=\"427\" height=\"640\" class=\"aligncenter size-full wp-image-374\" srcset=\"http:\/\/www.naszdzien.com.pl\/blog\/wp-content\/uploads\/2010\/08\/zdj\u0119cia-\u015blubne-kietrz.jpg 427w, http:\/\/www.naszdzien.com.pl\/blog\/wp-content\/uploads\/2010\/08\/zdj\u0119cia-\u015blubne-kietrz-200x300.jpg 200w\" sizes=\"(max-width: 427px) 100vw, 427px\" \/><\/a><\/p>\n<p><a href=\"http:\/\/www.blog.naszdzien.com.pl\/wp-content\/uploads\/2010\/08\/zdj\u0119cia-\u015blubne-katowice.jpg\"><img loading=\"lazy\" src=\"http:\/\/www.blog.naszdzien.com.pl\/wp-content\/uploads\/2010\/08\/zdj\u0119cia-\u015blubne-katowice.jpg\" alt=\"\" title=\"zdj\u0119cia \u015blubne katowice\" width=\"640\" height=\"426\" class=\"aligncenter size-full wp-image-373\" srcset=\"http:\/\/www.naszdzien.com.pl\/blog\/wp-content\/uploads\/2010\/08\/zdj\u0119cia-\u015blubne-katowice.jpg 640w, http:\/\/www.naszdzien.com.pl\/blog\/wp-content\/uploads\/2010\/08\/zdj\u0119cia-\u015blubne-katowice-300x199.jpg 300w\" sizes=\"(max-width: 640px) 100vw, 640px\" \/><\/a><\/p>\n<p><a href=\"http:\/\/www.blog.naszdzien.com.pl\/wp-content\/uploads\/2010\/08\/zdj\u0119cia-\u015blubne-g\u0142ubczyce.jpg\"><img loading=\"lazy\" src=\"http:\/\/www.blog.naszdzien.com.pl\/wp-content\/uploads\/2010\/08\/zdj\u0119cia-\u015blubne-g\u0142ubczyce.jpg\" alt=\"\" title=\"zdj\u0119cia \u015blubne g\u0142ubczyce\" width=\"640\" height=\"427\" class=\"aligncenter size-full wp-image-372\" srcset=\"http:\/\/www.naszdzien.com.pl\/blog\/wp-content\/uploads\/2010\/08\/zdj\u0119cia-\u015blubne-g\u0142ubczyce.jpg 640w, http:\/\/www.naszdzien.com.pl\/blog\/wp-content\/uploads\/2010\/08\/zdj\u0119cia-\u015blubne-g\u0142ubczyce-300x200.jpg 300w\" sizes=\"(max-width: 640px) 100vw, 640px\" \/><\/a><\/p>\n<p><a href=\"http:\/\/www.blog.naszdzien.com.pl\/wp-content\/uploads\/2010\/08\/zdj\u0119cia-\u015blubne-gliwice.jpg\"><img loading=\"lazy\" src=\"http:\/\/www.blog.naszdzien.com.pl\/wp-content\/uploads\/2010\/08\/zdj\u0119cia-\u015blubne-gliwice.jpg\" alt=\"\" title=\"zdj\u0119cia \u015blubne gliwice\" width=\"640\" height=\"426\" class=\"aligncenter size-full wp-image-371\" srcset=\"http:\/\/www.naszdzien.com.pl\/blog\/wp-content\/uploads\/2010\/08\/zdj\u0119cia-\u015blubne-gliwice.jpg 640w, http:\/\/www.naszdzien.com.pl\/blog\/wp-content\/uploads\/2010\/08\/zdj\u0119cia-\u015blubne-gliwice-300x199.jpg 300w\" sizes=\"(max-width: 640px) 100vw, 640px\" \/><\/a><\/p>\n<p><a href=\"http:\/\/www.blog.naszdzien.com.pl\/wp-content\/uploads\/2010\/08\/zdj\u0119cia-\u015blubne-d\u0105drowa-g\u00f3rnicza.jpg\"><img loading=\"lazy\" src=\"http:\/\/www.blog.naszdzien.com.pl\/wp-content\/uploads\/2010\/08\/zdj\u0119cia-\u015blubne-d\u0105drowa-g\u00f3rnicza.jpg\" alt=\"\" title=\"zdj\u0119cia \u015blubne d\u0105drowa g\u00f3rnicza\" width=\"426\" height=\"640\" class=\"aligncenter size-full wp-image-370\" srcset=\"http:\/\/www.naszdzien.com.pl\/blog\/wp-content\/uploads\/2010\/08\/zdj\u0119cia-\u015blubne-d\u0105drowa-g\u00f3rnicza.jpg 426w, http:\/\/www.naszdzien.com.pl\/blog\/wp-content\/uploads\/2010\/08\/zdj\u0119cia-\u015blubne-d\u0105drowa-g\u00f3rnicza-199x300.jpg 199w\" sizes=\"(max-width: 426px) 100vw, 426px\" \/><\/a><\/p>\n<p><a href=\"http:\/\/www.blog.naszdzien.com.pl\/wp-content\/uploads\/2010\/08\/zdj\u0119cia-\u015blubne-cz\u0119stochowa.jpg\"><img loading=\"lazy\" src=\"http:\/\/www.blog.naszdzien.com.pl\/wp-content\/uploads\/2010\/08\/zdj\u0119cia-\u015blubne-cz\u0119stochowa.jpg\" alt=\"\" title=\"zdj\u0119cia \u015blubne cz\u0119stochowa\" width=\"640\" height=\"426\" class=\"aligncenter size-full wp-image-369\" srcset=\"http:\/\/www.naszdzien.com.pl\/blog\/wp-content\/uploads\/2010\/08\/zdj\u0119cia-\u015blubne-cz\u0119stochowa.jpg 640w, http:\/\/www.naszdzien.com.pl\/blog\/wp-content\/uploads\/2010\/08\/zdj\u0119cia-\u015blubne-cz\u0119stochowa-300x199.jpg 300w\" sizes=\"(max-width: 640px) 100vw, 640px\" \/><\/a><\/p>\n<p><a href=\"http:\/\/www.blog.naszdzien.com.pl\/wp-content\/uploads\/2010\/08\/zdj\u0119cia-\u015blubne-b\u0119dzin.jpg\"><img loading=\"lazy\" src=\"http:\/\/www.blog.naszdzien.com.pl\/wp-content\/uploads\/2010\/08\/zdj\u0119cia-\u015blubne-b\u0119dzin.jpg\" alt=\"\" title=\"zdj\u0119cia \u015blubne b\u0119dzin\" width=\"426\" height=\"640\" class=\"aligncenter size-full wp-image-368\" srcset=\"http:\/\/www.naszdzien.com.pl\/blog\/wp-content\/uploads\/2010\/08\/zdj\u0119cia-\u015blubne-b\u0119dzin.jpg 426w, http:\/\/www.naszdzien.com.pl\/blog\/wp-content\/uploads\/2010\/08\/zdj\u0119cia-\u015blubne-b\u0119dzin-199x300.jpg 199w\" sizes=\"(max-width: 426px) 100vw, 426px\" \/><\/a><\/p>\n<p><a href=\"http:\/\/www.blog.naszdzien.com.pl\/wp-content\/uploads\/2010\/08\/zdj\u0119cia-\u015blubne-babor\u00f3w.jpg\"><img loading=\"lazy\" src=\"http:\/\/www.blog.naszdzien.com.pl\/wp-content\/uploads\/2010\/08\/zdj\u0119cia-\u015blubne-babor\u00f3w.jpg\" alt=\"\" title=\"zdj\u0119cia \u015blubne babor\u00f3w\" width=\"640\" height=\"426\" class=\"aligncenter size-full wp-image-367\" srcset=\"http:\/\/www.naszdzien.com.pl\/blog\/wp-content\/uploads\/2010\/08\/zdj\u0119cia-\u015blubne-babor\u00f3w.jpg 640w, http:\/\/www.naszdzien.com.pl\/blog\/wp-content\/uploads\/2010\/08\/zdj\u0119cia-\u015blubne-babor\u00f3w-300x199.jpg 300w\" sizes=\"(max-width: 640px) 100vw, 640px\" \/><\/a><\/p>\n<p><a href=\"http:\/\/www.blog.naszdzien.com.pl\/wp-content\/uploads\/2010\/08\/weselnie.jpg\"><img loading=\"lazy\" src=\"http:\/\/www.blog.naszdzien.com.pl\/wp-content\/uploads\/2010\/08\/weselnie.jpg\" alt=\"\" title=\"weselnie\" width=\"426\" height=\"640\" class=\"aligncenter size-full wp-image-366\" srcset=\"http:\/\/www.naszdzien.com.pl\/blog\/wp-content\/uploads\/2010\/08\/weselnie.jpg 426w, http:\/\/www.naszdzien.com.pl\/blog\/wp-content\/uploads\/2010\/08\/weselnie-266x400.jpg 266w, http:\/\/www.naszdzien.com.pl\/blog\/wp-content\/uploads\/2010\/08\/weselnie-40x60.jpg 40w, http:\/\/www.naszdzien.com.pl\/blog\/wp-content\/uploads\/2010\/08\/weselnie-199x300.jpg 199w\" sizes=\"(max-width: 426px) 100vw, 426px\" \/><\/a><\/p>\n<p><a href=\"http:\/\/www.blog.naszdzien.com.pl\/wp-content\/uploads\/2010\/08\/wesele.jpg\"><img loading=\"lazy\" src=\"http:\/\/www.blog.naszdzien.com.pl\/wp-content\/uploads\/2010\/08\/wesele.jpg\" alt=\"\" title=\"wesele\" width=\"640\" height=\"426\" class=\"aligncenter size-full wp-image-365\" srcset=\"http:\/\/www.naszdzien.com.pl\/blog\/wp-content\/uploads\/2010\/08\/wesele.jpg 640w, http:\/\/www.naszdzien.com.pl\/blog\/wp-content\/uploads\/2010\/08\/wesele-400x266.jpg 400w, http:\/\/www.naszdzien.com.pl\/blog\/wp-content\/uploads\/2010\/08\/wesele-450x300.jpg 450w, http:\/\/www.naszdzien.com.pl\/blog\/wp-content\/uploads\/2010\/08\/wesele-90x60.jpg 90w, http:\/\/www.naszdzien.com.pl\/blog\/wp-content\/uploads\/2010\/08\/wesele-300x199.jpg 300w\" sizes=\"(max-width: 640px) 100vw, 640px\" \/><\/a><\/p>\n<p><a href=\"http:\/\/www.blog.naszdzien.com.pl\/wp-content\/uploads\/2010\/08\/\u015blubnie.jpg\"><img loading=\"lazy\" src=\"http:\/\/www.blog.naszdzien.com.pl\/wp-content\/uploads\/2010\/08\/\u015blubnie.jpg\" alt=\"\" title=\"\u015blubnie\" width=\"640\" height=\"426\" class=\"aligncenter size-full wp-image-364\" srcset=\"http:\/\/www.naszdzien.com.pl\/blog\/wp-content\/uploads\/2010\/08\/\u015blubnie.jpg 640w, http:\/\/www.naszdzien.com.pl\/blog\/wp-content\/uploads\/2010\/08\/\u015blubnie-300x199.jpg 300w\" sizes=\"(max-width: 640px) 100vw, 640px\" \/><\/a><\/p>\n<p><a href=\"http:\/\/www.blog.naszdzien.com.pl\/wp-content\/uploads\/2010\/08\/\u015blubne.jpg\"><img loading=\"lazy\" src=\"http:\/\/www.blog.naszdzien.com.pl\/wp-content\/uploads\/2010\/08\/\u015blubne.jpg\" alt=\"\" title=\"\u015blubne\" width=\"640\" height=\"426\" class=\"aligncenter size-full wp-image-363\" srcset=\"http:\/\/www.naszdzien.com.pl\/blog\/wp-content\/uploads\/2010\/08\/\u015blubne.jpg 640w, http:\/\/www.naszdzien.com.pl\/blog\/wp-content\/uploads\/2010\/08\/\u015blubne-300x199.jpg 300w\" sizes=\"(max-width: 640px) 100vw, 640px\" \/><\/a><\/p>\n<p><a href=\"http:\/\/www.blog.naszdzien.com.pl\/wp-content\/uploads\/2010\/08\/\u015blub-cywilny.jpg\"><img loading=\"lazy\" src=\"http:\/\/www.blog.naszdzien.com.pl\/wp-content\/uploads\/2010\/08\/\u015blub-cywilny.jpg\" alt=\"\" title=\"\u015blub cywilny\" width=\"640\" height=\"427\" class=\"aligncenter size-full wp-image-362\" srcset=\"http:\/\/www.naszdzien.com.pl\/blog\/wp-content\/uploads\/2010\/08\/\u015blub-cywilny.jpg 640w, http:\/\/www.naszdzien.com.pl\/blog\/wp-content\/uploads\/2010\/08\/\u015blub-cywilny-300x200.jpg 300w\" sizes=\"(max-width: 640px) 100vw, 640px\" \/><\/a><\/p>\n<p><a href=\"http:\/\/www.blog.naszdzien.com.pl\/wp-content\/uploads\/2010\/08\/\u015blub.jpg\"><img loading=\"lazy\" src=\"http:\/\/www.blog.naszdzien.com.pl\/wp-content\/uploads\/2010\/08\/\u015blub.jpg\" alt=\"\" title=\"\u015blub\" width=\"640\" height=\"427\" class=\"aligncenter size-full wp-image-361\" srcset=\"http:\/\/www.naszdzien.com.pl\/blog\/wp-content\/uploads\/2010\/08\/\u015blub.jpg 640w, http:\/\/www.naszdzien.com.pl\/blog\/wp-content\/uploads\/2010\/08\/\u015blub-300x200.jpg 300w\" sizes=\"(max-width: 640px) 100vw, 640px\" \/><\/a><\/p>\n<p><a href=\"http:\/\/www.blog.naszdzien.com.pl\/wp-content\/uploads\/2010\/08\/sesja.jpg\"><img loading=\"lazy\" src=\"http:\/\/www.blog.naszdzien.com.pl\/wp-content\/uploads\/2010\/08\/sesja.jpg\" alt=\"\" title=\"sesja\" width=\"640\" height=\"427\" class=\"aligncenter size-full wp-image-360\" srcset=\"http:\/\/www.naszdzien.com.pl\/blog\/wp-content\/uploads\/2010\/08\/sesja.jpg 640w, http:\/\/www.naszdzien.com.pl\/blog\/wp-content\/uploads\/2010\/08\/sesja-300x200.jpg 300w\" sizes=\"(max-width: 640px) 100vw, 640px\" \/><\/a><\/p>\n<p><a href=\"http:\/\/www.blog.naszdzien.com.pl\/wp-content\/uploads\/2010\/08\/reporta\u017c.jpg\"><img loading=\"lazy\" src=\"http:\/\/www.blog.naszdzien.com.pl\/wp-content\/uploads\/2010\/08\/reporta\u017c.jpg\" alt=\"\" title=\"reporta\u017c\" width=\"640\" height=\"426\" class=\"aligncenter size-full wp-image-359\" srcset=\"http:\/\/www.naszdzien.com.pl\/blog\/wp-content\/uploads\/2010\/08\/reporta\u017c.jpg 640w, http:\/\/www.naszdzien.com.pl\/blog\/wp-content\/uploads\/2010\/08\/reporta\u017c-300x199.jpg 300w\" sizes=\"(max-width: 640px) 100vw, 640px\" \/><\/a><\/p>\n<p><a href=\"http:\/\/www.blog.naszdzien.com.pl\/wp-content\/uploads\/2010\/08\/plener.jpg\"><img loading=\"lazy\" src=\"http:\/\/www.blog.naszdzien.com.pl\/wp-content\/uploads\/2010\/08\/plener.jpg\" alt=\"\" title=\"plener\" width=\"640\" height=\"426\" class=\"aligncenter size-full wp-image-358\" srcset=\"http:\/\/www.naszdzien.com.pl\/blog\/wp-content\/uploads\/2010\/08\/plener.jpg 640w, http:\/\/www.naszdzien.com.pl\/blog\/wp-content\/uploads\/2010\/08\/plener-400x266.jpg 400w, http:\/\/www.naszdzien.com.pl\/blog\/wp-content\/uploads\/2010\/08\/plener-450x300.jpg 450w, http:\/\/www.naszdzien.com.pl\/blog\/wp-content\/uploads\/2010\/08\/plener-90x60.jpg 90w, http:\/\/www.naszdzien.com.pl\/blog\/wp-content\/uploads\/2010\/08\/plener-300x199.jpg 300w\" sizes=\"(max-width: 640px) 100vw, 640px\" \/><\/a><\/p>\n<p><a href=\"http:\/\/www.blog.naszdzien.com.pl\/wp-content\/uploads\/2010\/08\/ko\u015bci\u00f3\u0142.jpg\"><img loading=\"lazy\" src=\"http:\/\/www.blog.naszdzien.com.pl\/wp-content\/uploads\/2010\/08\/ko\u015bci\u00f3\u0142.jpg\" alt=\"\" title=\"ko\u015bci\u00f3\u0142\" width=\"426\" height=\"640\" class=\"aligncenter size-full wp-image-357\" srcset=\"http:\/\/www.naszdzien.com.pl\/blog\/wp-content\/uploads\/2010\/08\/ko\u015bci\u00f3\u0142.jpg 426w, http:\/\/www.naszdzien.com.pl\/blog\/wp-content\/uploads\/2010\/08\/ko\u015bci\u00f3\u0142-199x300.jpg 199w\" sizes=\"(max-width: 426px) 100vw, 426px\" \/><\/a><\/p>\n<p><a href=\"http:\/\/www.blog.naszdzien.com.pl\/wp-content\/uploads\/2010\/08\/fotografia-\u015blubna.jpg\"><img loading=\"lazy\" src=\"http:\/\/www.blog.naszdzien.com.pl\/wp-content\/uploads\/2010\/08\/fotografia-\u015blubna.jpg\" alt=\"\" title=\"fotografia \u015blubna\" width=\"640\" height=\"427\" class=\"aligncenter size-full wp-image-356\" srcset=\"http:\/\/www.naszdzien.com.pl\/blog\/wp-content\/uploads\/2010\/08\/fotografia-\u015blubna.jpg 640w, http:\/\/www.naszdzien.com.pl\/blog\/wp-content\/uploads\/2010\/08\/fotografia-\u015blubna-300x200.jpg 300w\" sizes=\"(max-width: 640px) 100vw, 640px\" \/><\/a><\/p>\n<p><a href=\"http:\/\/www.blog.naszdzien.com.pl\/wp-content\/uploads\/2010\/08\/fotograf-\u017cory.jpg\"><img loading=\"lazy\" src=\"http:\/\/www.blog.naszdzien.com.pl\/wp-content\/uploads\/2010\/08\/fotograf-\u017cory.jpg\" alt=\"\" title=\"fotograf \u017cory\" width=\"426\" height=\"640\" class=\"aligncenter size-full wp-image-355\" srcset=\"http:\/\/www.naszdzien.com.pl\/blog\/wp-content\/uploads\/2010\/08\/fotograf-\u017cory.jpg 426w, http:\/\/www.naszdzien.com.pl\/blog\/wp-content\/uploads\/2010\/08\/fotograf-\u017cory-199x300.jpg 199w\" sizes=\"(max-width: 426px) 100vw, 426px\" \/><\/a><\/p>\n<p><a href=\"http:\/\/www.blog.naszdzien.com.pl\/wp-content\/uploads\/2010\/08\/fotograf-zawiercie.jpg\"><img loading=\"lazy\" src=\"http:\/\/www.blog.naszdzien.com.pl\/wp-content\/uploads\/2010\/08\/fotograf-zawiercie.jpg\" alt=\"\" title=\"fotograf zawiercie\" width=\"640\" height=\"426\" class=\"aligncenter size-full wp-image-354\" srcset=\"http:\/\/www.naszdzien.com.pl\/blog\/wp-content\/uploads\/2010\/08\/fotograf-zawiercie.jpg 640w, http:\/\/www.naszdzien.com.pl\/blog\/wp-content\/uploads\/2010\/08\/fotograf-zawiercie-400x266.jpg 400w, http:\/\/www.naszdzien.com.pl\/blog\/wp-content\/uploads\/2010\/08\/fotograf-zawiercie-450x300.jpg 450w, http:\/\/www.naszdzien.com.pl\/blog\/wp-content\/uploads\/2010\/08\/fotograf-zawiercie-90x60.jpg 90w, http:\/\/www.naszdzien.com.pl\/blog\/wp-content\/uploads\/2010\/08\/fotograf-zawiercie-300x199.jpg 300w\" sizes=\"(max-width: 640px) 100vw, 640px\" \/><\/a><\/p>\n<p><a href=\"http:\/\/www.blog.naszdzien.com.pl\/wp-content\/uploads\/2010\/08\/fotograf-wodzis\u0142aw-.jpg\"><img loading=\"lazy\" src=\"http:\/\/www.blog.naszdzien.com.pl\/wp-content\/uploads\/2010\/08\/fotograf-wodzis\u0142aw-.jpg\" alt=\"\" title=\"fotograf wodzis\u0142aw\" width=\"640\" height=\"426\" class=\"aligncenter size-full wp-image-353\" srcset=\"http:\/\/www.naszdzien.com.pl\/blog\/wp-content\/uploads\/2010\/08\/fotograf-wodzis\u0142aw-.jpg 640w, http:\/\/www.naszdzien.com.pl\/blog\/wp-content\/uploads\/2010\/08\/fotograf-wodzis\u0142aw--300x199.jpg 300w\" sizes=\"(max-width: 640px) 100vw, 640px\" \/><\/a><\/p>\n<p><a href=\"http:\/\/www.blog.naszdzien.com.pl\/wp-content\/uploads\/2010\/08\/fotograf-rybnik.jpg\"><img loading=\"lazy\" src=\"http:\/\/www.blog.naszdzien.com.pl\/wp-content\/uploads\/2010\/08\/fotograf-rybnik.jpg\" alt=\"\" title=\"fotograf rybnik\" width=\"427\" height=\"640\" class=\"aligncenter size-full wp-image-352\" srcset=\"http:\/\/www.naszdzien.com.pl\/blog\/wp-content\/uploads\/2010\/08\/fotograf-rybnik.jpg 427w, http:\/\/www.naszdzien.com.pl\/blog\/wp-content\/uploads\/2010\/08\/fotograf-rybnik-267x400.jpg 267w, http:\/\/www.naszdzien.com.pl\/blog\/wp-content\/uploads\/2010\/08\/fotograf-rybnik-40x60.jpg 40w, http:\/\/www.naszdzien.com.pl\/blog\/wp-content\/uploads\/2010\/08\/fotograf-rybnik-200x300.jpg 200w\" sizes=\"(max-width: 427px) 100vw, 427px\" \/><\/a><\/p>\n<p><a href=\"http:\/\/www.blog.naszdzien.com.pl\/wp-content\/uploads\/2010\/08\/fotograf-racib\u00f3rz.jpg\"><img loading=\"lazy\" src=\"http:\/\/www.blog.naszdzien.com.pl\/wp-content\/uploads\/2010\/08\/fotograf-racib\u00f3rz.jpg\" alt=\"\" title=\"fotograf racib\u00f3rz\" width=\"640\" height=\"426\" class=\"aligncenter size-full wp-image-351\" srcset=\"http:\/\/www.naszdzien.com.pl\/blog\/wp-content\/uploads\/2010\/08\/fotograf-racib\u00f3rz.jpg 640w, http:\/\/www.naszdzien.com.pl\/blog\/wp-content\/uploads\/2010\/08\/fotograf-racib\u00f3rz-300x199.jpg 300w\" sizes=\"(max-width: 640px) 100vw, 640px\" \/><\/a><\/p>\n<p><a href=\"http:\/\/www.blog.naszdzien.com.pl\/wp-content\/uploads\/2010\/08\/fotograf-psz\u00f3w.jpg\"><img loading=\"lazy\" src=\"http:\/\/www.blog.naszdzien.com.pl\/wp-content\/uploads\/2010\/08\/fotograf-psz\u00f3w.jpg\" alt=\"\" title=\"fotograf psz\u00f3w\" width=\"640\" height=\"427\" class=\"aligncenter size-full wp-image-350\" srcset=\"http:\/\/www.naszdzien.com.pl\/blog\/wp-content\/uploads\/2010\/08\/fotograf-psz\u00f3w.jpg 640w, http:\/\/www.naszdzien.com.pl\/blog\/wp-content\/uploads\/2010\/08\/fotograf-psz\u00f3w-300x200.jpg 300w\" sizes=\"(max-width: 640px) 100vw, 640px\" \/><\/a><\/p>\n<p><a href=\"http:\/\/www.blog.naszdzien.com.pl\/wp-content\/uploads\/2010\/08\/fotograf-pszczyna.jpg\"><img loading=\"lazy\" src=\"http:\/\/www.blog.naszdzien.com.pl\/wp-content\/uploads\/2010\/08\/fotograf-pszczyna.jpg\" alt=\"\" title=\"fotograf pszczyna\" width=\"640\" height=\"426\" class=\"aligncenter size-full wp-image-349\" srcset=\"http:\/\/www.naszdzien.com.pl\/blog\/wp-content\/uploads\/2010\/08\/fotograf-pszczyna.jpg 640w, http:\/\/www.naszdzien.com.pl\/blog\/wp-content\/uploads\/2010\/08\/fotograf-pszczyna-400x266.jpg 400w, http:\/\/www.naszdzien.com.pl\/blog\/wp-content\/uploads\/2010\/08\/fotograf-pszczyna-450x300.jpg 450w, http:\/\/www.naszdzien.com.pl\/blog\/wp-content\/uploads\/2010\/08\/fotograf-pszczyna-90x60.jpg 90w, http:\/\/www.naszdzien.com.pl\/blog\/wp-content\/uploads\/2010\/08\/fotograf-pszczyna-300x199.jpg 300w\" sizes=\"(max-width: 640px) 100vw, 640px\" \/><\/a><\/p>\n<p><a href=\"http:\/\/www.blog.naszdzien.com.pl\/wp-content\/uploads\/2010\/08\/fotograf-opole.jpg\"><img loading=\"lazy\" src=\"http:\/\/www.blog.naszdzien.com.pl\/wp-content\/uploads\/2010\/08\/fotograf-opole.jpg\" alt=\"\" title=\"fotograf opole\" width=\"640\" height=\"426\" class=\"aligncenter size-full wp-image-348\" srcset=\"http:\/\/www.naszdzien.com.pl\/blog\/wp-content\/uploads\/2010\/08\/fotograf-opole.jpg 640w, http:\/\/www.naszdzien.com.pl\/blog\/wp-content\/uploads\/2010\/08\/fotograf-opole-400x266.jpg 400w, http:\/\/www.naszdzien.com.pl\/blog\/wp-content\/uploads\/2010\/08\/fotograf-opole-450x300.jpg 450w, http:\/\/www.naszdzien.com.pl\/blog\/wp-content\/uploads\/2010\/08\/fotograf-opole-90x60.jpg 90w, http:\/\/www.naszdzien.com.pl\/blog\/wp-content\/uploads\/2010\/08\/fotograf-opole-300x199.jpg 300w\" sizes=\"(max-width: 640px) 100vw, 640px\" \/><\/a><\/p>\n<p><a href=\"http:\/\/www.blog.naszdzien.com.pl\/wp-content\/uploads\/2010\/08\/fotograf-knur\u00f3w.jpg\"><img loading=\"lazy\" src=\"http:\/\/www.blog.naszdzien.com.pl\/wp-content\/uploads\/2010\/08\/fotograf-knur\u00f3w.jpg\" alt=\"\" title=\"fotograf knur\u00f3w\" width=\"640\" height=\"427\" class=\"aligncenter size-full wp-image-347\" srcset=\"http:\/\/www.naszdzien.com.pl\/blog\/wp-content\/uploads\/2010\/08\/fotograf-knur\u00f3w.jpg 640w, http:\/\/www.naszdzien.com.pl\/blog\/wp-content\/uploads\/2010\/08\/fotograf-knur\u00f3w-300x200.jpg 300w\" sizes=\"(max-width: 640px) 100vw, 640px\" \/><\/a><\/p>\n<p><a href=\"http:\/\/www.blog.naszdzien.com.pl\/wp-content\/uploads\/2010\/08\/fotograf-kietrz.jpg\"><img loading=\"lazy\" src=\"http:\/\/www.blog.naszdzien.com.pl\/wp-content\/uploads\/2010\/08\/fotograf-kietrz.jpg\" alt=\"\" title=\"fotograf kietrz\" width=\"427\" height=\"640\" class=\"aligncenter size-full wp-image-346\" srcset=\"http:\/\/www.naszdzien.com.pl\/blog\/wp-content\/uploads\/2010\/08\/fotograf-kietrz.jpg 427w, http:\/\/www.naszdzien.com.pl\/blog\/wp-content\/uploads\/2010\/08\/fotograf-kietrz-267x400.jpg 267w, http:\/\/www.naszdzien.com.pl\/blog\/wp-content\/uploads\/2010\/08\/fotograf-kietrz-40x60.jpg 40w, http:\/\/www.naszdzien.com.pl\/blog\/wp-content\/uploads\/2010\/08\/fotograf-kietrz-200x300.jpg 200w\" sizes=\"(max-width: 427px) 100vw, 427px\" \/><\/a><\/p>\n<p><a href=\"http:\/\/www.blog.naszdzien.com.pl\/wp-content\/uploads\/2010\/08\/fotograf-k\u0119dzie\u017cyn-ko\u017ale.jpg\"><img loading=\"lazy\" src=\"http:\/\/www.blog.naszdzien.com.pl\/wp-content\/uploads\/2010\/08\/fotograf-k\u0119dzie\u017cyn-ko\u017ale.jpg\" alt=\"\" title=\"fotograf k\u0119dzie\u017cyn ko\u017ale\" width=\"426\" height=\"640\" class=\"aligncenter size-full wp-image-345\" srcset=\"http:\/\/www.naszdzien.com.pl\/blog\/wp-content\/uploads\/2010\/08\/fotograf-k\u0119dzie\u017cyn-ko\u017ale.jpg 426w, http:\/\/www.naszdzien.com.pl\/blog\/wp-content\/uploads\/2010\/08\/fotograf-k\u0119dzie\u017cyn-ko\u017ale-199x300.jpg 199w\" sizes=\"(max-width: 426px) 100vw, 426px\" \/><\/a><\/p>\n<p><a href=\"http:\/\/www.blog.naszdzien.com.pl\/wp-content\/uploads\/2010\/08\/fotograf-katowice.jpg\"><img loading=\"lazy\" src=\"http:\/\/www.blog.naszdzien.com.pl\/wp-content\/uploads\/2010\/08\/fotograf-katowice.jpg\" alt=\"\" title=\"fotograf katowice\" width=\"640\" height=\"427\" class=\"aligncenter size-full wp-image-344\" srcset=\"http:\/\/www.naszdzien.com.pl\/blog\/wp-content\/uploads\/2010\/08\/fotograf-katowice.jpg 640w, http:\/\/www.naszdzien.com.pl\/blog\/wp-content\/uploads\/2010\/08\/fotograf-katowice-400x267.jpg 400w, http:\/\/www.naszdzien.com.pl\/blog\/wp-content\/uploads\/2010\/08\/fotograf-katowice-450x300.jpg 450w, http:\/\/www.naszdzien.com.pl\/blog\/wp-content\/uploads\/2010\/08\/fotograf-katowice-90x60.jpg 90w, http:\/\/www.naszdzien.com.pl\/blog\/wp-content\/uploads\/2010\/08\/fotograf-katowice-300x200.jpg 300w\" sizes=\"(max-width: 640px) 100vw, 640px\" \/><\/a><\/p>\n<p><a href=\"http:\/\/www.blog.naszdzien.com.pl\/wp-content\/uploads\/2010\/08\/fotograf-g\u0142ubczyce.jpg\"><img loading=\"lazy\" src=\"http:\/\/www.blog.naszdzien.com.pl\/wp-content\/uploads\/2010\/08\/fotograf-g\u0142ubczyce.jpg\" alt=\"\" title=\"fotograf g\u0142ubczyce\" width=\"427\" height=\"640\" class=\"aligncenter size-full wp-image-343\" srcset=\"http:\/\/www.naszdzien.com.pl\/blog\/wp-content\/uploads\/2010\/08\/fotograf-g\u0142ubczyce.jpg 427w, http:\/\/www.naszdzien.com.pl\/blog\/wp-content\/uploads\/2010\/08\/fotograf-g\u0142ubczyce-200x300.jpg 200w\" sizes=\"(max-width: 427px) 100vw, 427px\" \/><\/a><\/p>\n<p><a href=\"http:\/\/www.blog.naszdzien.com.pl\/wp-content\/uploads\/2010\/08\/fotograf-gliwice.jpg\"><img loading=\"lazy\" src=\"http:\/\/www.blog.naszdzien.com.pl\/wp-content\/uploads\/2010\/08\/fotograf-gliwice.jpg\" alt=\"\" title=\"fotograf gliwice\" width=\"427\" height=\"640\" class=\"aligncenter size-full wp-image-342\" srcset=\"http:\/\/www.naszdzien.com.pl\/blog\/wp-content\/uploads\/2010\/08\/fotograf-gliwice.jpg 427w, http:\/\/www.naszdzien.com.pl\/blog\/wp-content\/uploads\/2010\/08\/fotograf-gliwice-267x400.jpg 267w, http:\/\/www.naszdzien.com.pl\/blog\/wp-content\/uploads\/2010\/08\/fotograf-gliwice-40x60.jpg 40w, http:\/\/www.naszdzien.com.pl\/blog\/wp-content\/uploads\/2010\/08\/fotograf-gliwice-200x300.jpg 200w\" sizes=\"(max-width: 427px) 100vw, 427px\" \/><\/a><\/p>\n<p><a href=\"http:\/\/www.blog.naszdzien.com.pl\/wp-content\/uploads\/2010\/08\/fotograf-d\u0105browa-g\u00f3rnicza.jpg\"><img loading=\"lazy\" src=\"http:\/\/www.blog.naszdzien.com.pl\/wp-content\/uploads\/2010\/08\/fotograf-d\u0105browa-g\u00f3rnicza.jpg\" alt=\"\" title=\"fotograf d\u0105browa g\u00f3rnicza\" width=\"640\" height=\"426\" class=\"aligncenter size-full wp-image-341\" srcset=\"http:\/\/www.naszdzien.com.pl\/blog\/wp-content\/uploads\/2010\/08\/fotograf-d\u0105browa-g\u00f3rnicza.jpg 640w, http:\/\/www.naszdzien.com.pl\/blog\/wp-content\/uploads\/2010\/08\/fotograf-d\u0105browa-g\u00f3rnicza-300x199.jpg 300w\" sizes=\"(max-width: 640px) 100vw, 640px\" \/><\/a><\/p>\n<p><a href=\"http:\/\/www.blog.naszdzien.com.pl\/wp-content\/uploads\/2010\/08\/fotograf-cz\u0119stochowa.jpg\"><img loading=\"lazy\" src=\"http:\/\/www.blog.naszdzien.com.pl\/wp-content\/uploads\/2010\/08\/fotograf-cz\u0119stochowa.jpg\" alt=\"\" title=\"fotograf cz\u0119stochowa\" width=\"640\" height=\"426\" class=\"aligncenter size-full wp-image-340\" srcset=\"http:\/\/www.naszdzien.com.pl\/blog\/wp-content\/uploads\/2010\/08\/fotograf-cz\u0119stochowa.jpg 640w, http:\/\/www.naszdzien.com.pl\/blog\/wp-content\/uploads\/2010\/08\/fotograf-cz\u0119stochowa-300x199.jpg 300w\" sizes=\"(max-width: 640px) 100vw, 640px\" \/><\/a><\/p>\n<p><a href=\"http:\/\/www.blog.naszdzien.com.pl\/wp-content\/uploads\/2010\/08\/fotograf-cisek.jpg\"><img loading=\"lazy\" src=\"http:\/\/www.blog.naszdzien.com.pl\/wp-content\/uploads\/2010\/08\/fotograf-cisek.jpg\" alt=\"\" title=\"fotograf cisek\" width=\"640\" height=\"426\" class=\"aligncenter size-full wp-image-339\" srcset=\"http:\/\/www.naszdzien.com.pl\/blog\/wp-content\/uploads\/2010\/08\/fotograf-cisek.jpg 640w, http:\/\/www.naszdzien.com.pl\/blog\/wp-content\/uploads\/2010\/08\/fotograf-cisek-400x266.jpg 400w, http:\/\/www.naszdzien.com.pl\/blog\/wp-content\/uploads\/2010\/08\/fotograf-cisek-450x300.jpg 450w, http:\/\/www.naszdzien.com.pl\/blog\/wp-content\/uploads\/2010\/08\/fotograf-cisek-90x60.jpg 90w, http:\/\/www.naszdzien.com.pl\/blog\/wp-content\/uploads\/2010\/08\/fotograf-cisek-300x199.jpg 300w\" sizes=\"(max-width: 640px) 100vw, 640px\" \/><\/a><\/p>\n<p><a href=\"http:\/\/www.blog.naszdzien.com.pl\/wp-content\/uploads\/2010\/08\/fotograf-bielsko.jpg\"><img loading=\"lazy\" src=\"http:\/\/www.blog.naszdzien.com.pl\/wp-content\/uploads\/2010\/08\/fotograf-bielsko.jpg\" alt=\"\" title=\"fotograf bielsko\" width=\"640\" height=\"426\" class=\"aligncenter size-full wp-image-338\" srcset=\"http:\/\/www.naszdzien.com.pl\/blog\/wp-content\/uploads\/2010\/08\/fotograf-bielsko.jpg 640w, http:\/\/www.naszdzien.com.pl\/blog\/wp-content\/uploads\/2010\/08\/fotograf-bielsko-400x266.jpg 400w, http:\/\/www.naszdzien.com.pl\/blog\/wp-content\/uploads\/2010\/08\/fotograf-bielsko-450x300.jpg 450w, http:\/\/www.naszdzien.com.pl\/blog\/wp-content\/uploads\/2010\/08\/fotograf-bielsko-90x60.jpg 90w, http:\/\/www.naszdzien.com.pl\/blog\/wp-content\/uploads\/2010\/08\/fotograf-bielsko-300x199.jpg 300w\" sizes=\"(max-width: 640px) 100vw, 640px\" \/><\/a><\/p>\n<p><a href=\"http:\/\/www.blog.naszdzien.com.pl\/wp-content\/uploads\/2010\/08\/fotograf-b\u0119dzin.jpg\"><img loading=\"lazy\" src=\"http:\/\/www.blog.naszdzien.com.pl\/wp-content\/uploads\/2010\/08\/fotograf-b\u0119dzin.jpg\" alt=\"\" title=\"fotograf b\u0119dzin\" width=\"640\" height=\"426\" class=\"aligncenter size-full wp-image-337\" srcset=\"http:\/\/www.naszdzien.com.pl\/blog\/wp-content\/uploads\/2010\/08\/fotograf-b\u0119dzin.jpg 640w, http:\/\/www.naszdzien.com.pl\/blog\/wp-content\/uploads\/2010\/08\/fotograf-b\u0119dzin-300x199.jpg 300w\" sizes=\"(max-width: 640px) 100vw, 640px\" \/><\/a><\/p>\n<p><a href=\"http:\/\/www.blog.naszdzien.com.pl\/wp-content\/uploads\/2010\/08\/fotograf-babor\u00f3w.jpg\"><img loading=\"lazy\" src=\"http:\/\/www.blog.naszdzien.com.pl\/wp-content\/uploads\/2010\/08\/fotograf-babor\u00f3w.jpg\" alt=\"\" title=\"fotograf babor\u00f3w\" width=\"640\" height=\"426\" class=\"aligncenter size-full wp-image-336\" srcset=\"http:\/\/www.naszdzien.com.pl\/blog\/wp-content\/uploads\/2010\/08\/fotograf-babor\u00f3w.jpg 640w, http:\/\/www.naszdzien.com.pl\/blog\/wp-content\/uploads\/2010\/08\/fotograf-babor\u00f3w-300x199.jpg 300w\" sizes=\"(max-width: 640px) 100vw, 640px\" \/><\/a><\/p>\n<p><a href=\"http:\/\/www.blog.naszdzien.com.pl\/wp-content\/uploads\/2010\/08\/fotograf.jpg\"><img loading=\"lazy\" src=\"http:\/\/www.blog.naszdzien.com.pl\/wp-content\/uploads\/2010\/08\/fotograf.jpg\" alt=\"\" title=\"fotograf\" width=\"426\" height=\"640\" class=\"aligncenter size-full wp-image-335\" srcset=\"http:\/\/www.naszdzien.com.pl\/blog\/wp-content\/uploads\/2010\/08\/fotograf.jpg 426w, http:\/\/www.naszdzien.com.pl\/blog\/wp-content\/uploads\/2010\/08\/fotograf-266x400.jpg 266w, http:\/\/www.naszdzien.com.pl\/blog\/wp-content\/uploads\/2010\/08\/fotograf-40x60.jpg 40w, http:\/\/www.naszdzien.com.pl\/blog\/wp-content\/uploads\/2010\/08\/fotograf-199x300.jpg 199w\" sizes=\"(max-width: 426px) 100vw, 426px\" \/><\/a><\/p>\n","protected":false},"excerpt":{"rendered":"<p>Mieli\u015bmy okazj\u0119 pozna\u0107 si\u0119 ju\u017c troszk\u0119 podczas sesji narzecze\u0144skiej wi\u0119c w dniu \u015blubu oraz na plenerze sz\u0142o wszystko g\u0142adko i przyjemnie. Uda\u0142o si\u0119, tak s\u0105dz\u0119, zrobi\u0107 super zdj\u0119cia. prezentuj\u0119 kilka poni\u017cej. Marcin zatroszczy\u0142 si\u0119 o super furk\u0119 \ud83d\ude42 kabrioletem do \u015blubu &#8211; ekstra.<\/p>\n","protected":false},"author":1,"featured_media":358,"comment_status":"open","ping_status":"closed","sticky":false,"template":"","format":"standard","meta":[],"categories":[5],"tags":[10,17,39,40,16,37,18,20,11,19,14,41,21,38,86,65,66,12,15,30,29,9,7,46,44,43,31,23,13,22,24,45],"_links":{"self":[{"href":"http:\/\/www.naszdzien.com.pl\/blog\/wp-json\/wp\/v2\/posts\/334"}],"collection":[{"href":"http:\/\/www.naszdzien.com.pl\/blog\/wp-json\/wp\/v2\/posts"}],"about":[{"href":"http:\/\/www.naszdzien.com.pl\/blog\/wp-json\/wp\/v2\/types\/post"}],"author":[{"embeddable":true,"href":"http:\/\/www.naszdzien.com.pl\/blog\/wp-json\/wp\/v2\/users\/1"}],"replies":[{"embeddable":true,"href":"http:\/\/www.naszdzien.com.pl\/blog\/wp-json\/wp\/v2\/comments?post=334"}],"version-history":[{"count":11,"href":"http:\/\/www.naszdzien.com.pl\/blog\/wp-json\/wp\/v2\/posts\/334\/revisions"}],"predecessor-version":[{"id":3087,"href":"http:\/\/www.naszdzien.com.pl\/blog\/wp-json\/wp\/v2\/posts\/334\/revisions\/3087"}],"wp:featuredmedia":[{"embeddable":true,"href":"http:\/\/www.naszdzien.com.pl\/blog\/wp-json\/wp\/v2\/media\/358"}],"wp:attachment":[{"href":"http:\/\/www.naszdzien.com.pl\/blog\/wp-json\/wp\/v2\/media?parent=334"}],"wp:term":[{"taxonomy":"category","embeddable":true,"href":"http:\/\/www.naszdzien.com.pl\/blog\/wp-json\/wp\/v2\/categories?post=334"},{"taxonomy":"post_tag","embeddable":true,"href":"http:\/\/www.naszdzien.com.pl\/blog\/wp-json\/wp\/v2\/tags?post=334"}],"curies":[{"name":"wp","href":"https:\/\/api.w.org\/{rel}","templated":true}]}}