{"id":475,"date":"2010-10-22T19:23:43","date_gmt":"2010-10-22T19:23:43","guid":{"rendered":"http:\/\/www.fotograf-tomaszkojtek.pl\/?p=475"},"modified":"2011-04-08T14:50:40","modified_gmt":"2011-04-08T14:50:40","slug":"zdjecia-slubne-justyny-i-michala","status":"publish","type":"post","link":"http:\/\/www.naszdzien.com.pl\/blog\/zdjecia-slubne-justyny-i-michala\/","title":{"rendered":"Justyna i Micha\u0142 | reporta\u017c \u015blubny"},"content":{"rendered":"<p>A oto kolejny \u015blubik sezonu.<br \/>\nJak wida\u0107 Justyna i Micha\u0142 maj\u0105 pomys\u0142owych s\u0105siad\u00f3w &#8211; artyst\u00f3w:) Ceremonia odby\u0142a si\u0119 wyj\u0105tkowym ko\u015bciele w Rudach Raciborskich, ko\u015bci\u00f3\u0142 ten posiada naprawd\u0119 niepowtarzalny klimat.<br \/>\nPublikuje na szybko kilka zdj\u0119\u0107 ale jeszcze wr\u00f3c\u0119 do tego wesela. Pozdrowienia dla parki:)<\/p>\n<p><a href=\"http:\/\/www.blog.naszdzien.com.pl\/wp-content\/uploads\/2010\/10\/zdj\u0119cia-fotograf-\u015blub-gliwice-katowice-rybnik-\u017cory-wodzis\u0142aw-tychy-b\u0119dzin-d\u0105browa-g\u00f3rnicza_01.jpg\"><img loading=\"lazy\" src=\"http:\/\/www.blog.naszdzien.com.pl\/wp-content\/uploads\/2010\/10\/zdj\u0119cia-fotograf-\u015blub-gliwice-katowice-rybnik-\u017cory-wodzis\u0142aw-tychy-b\u0119dzin-d\u0105browa-g\u00f3rnicza_01.jpg\" alt=\"\" title=\"zdj\u0119cia, fotograf, \u015blub, gliwice, katowice, rybnik, \u017cory, wodzis\u0142aw, tychy, b\u0119dzin, d\u0105browa g\u00f3rnicza_01\" width=\"640\" height=\"426\" class=\"aligncenter size-full wp-image-453\" srcset=\"http:\/\/www.naszdzien.com.pl\/blog\/wp-content\/uploads\/2010\/10\/zdj\u0119cia-fotograf-\u015blub-gliwice-katowice-rybnik-\u017cory-wodzis\u0142aw-tychy-b\u0119dzin-d\u0105browa-g\u00f3rnicza_01.jpg 640w, http:\/\/www.naszdzien.com.pl\/blog\/wp-content\/uploads\/2010\/10\/zdj\u0119cia-fotograf-\u015blub-gliwice-katowice-rybnik-\u017cory-wodzis\u0142aw-tychy-b\u0119dzin-d\u0105browa-g\u00f3rnicza_01-300x199.jpg 300w\" sizes=\"(max-width: 640px) 100vw, 640px\" \/><\/a><\/p>\n<p><a href=\"http:\/\/www.blog.naszdzien.com.pl\/wp-content\/uploads\/2010\/10\/zdj\u0119cia-fotograf-\u015blub-gliwice-katowice-rybnik-\u017cory-wodzis\u0142aw-tychy-b\u0119dzin-d\u0105browa-g\u00f3rnicza_02.jpg\"><img loading=\"lazy\" src=\"http:\/\/www.blog.naszdzien.com.pl\/wp-content\/uploads\/2010\/10\/zdj\u0119cia-fotograf-\u015blub-gliwice-katowice-rybnik-\u017cory-wodzis\u0142aw-tychy-b\u0119dzin-d\u0105browa-g\u00f3rnicza_02.jpg\" alt=\"\" title=\"zdj\u0119cia, fotograf, \u015blub, gliwice, katowice, rybnik, \u017cory, wodzis\u0142aw, tychy, b\u0119dzin, d\u0105browa g\u00f3rnicza_02\" width=\"640\" height=\"426\" class=\"aligncenter size-full wp-image-454\" srcset=\"http:\/\/www.naszdzien.com.pl\/blog\/wp-content\/uploads\/2010\/10\/zdj\u0119cia-fotograf-\u015blub-gliwice-katowice-rybnik-\u017cory-wodzis\u0142aw-tychy-b\u0119dzin-d\u0105browa-g\u00f3rnicza_02.jpg 640w, http:\/\/www.naszdzien.com.pl\/blog\/wp-content\/uploads\/2010\/10\/zdj\u0119cia-fotograf-\u015blub-gliwice-katowice-rybnik-\u017cory-wodzis\u0142aw-tychy-b\u0119dzin-d\u0105browa-g\u00f3rnicza_02-300x199.jpg 300w\" sizes=\"(max-width: 640px) 100vw, 640px\" \/><\/a><\/p>\n<p><a href=\"http:\/\/www.blog.naszdzien.com.pl\/wp-content\/uploads\/2010\/10\/zdj\u0119cia-fotograf-\u015blub-gliwice-katowice-rybnik-\u017cory-wodzis\u0142aw-tychy-b\u0119dzin-d\u0105browa-g\u00f3rnicza_03.jpg\"><img loading=\"lazy\" src=\"http:\/\/www.blog.naszdzien.com.pl\/wp-content\/uploads\/2010\/10\/zdj\u0119cia-fotograf-\u015blub-gliwice-katowice-rybnik-\u017cory-wodzis\u0142aw-tychy-b\u0119dzin-d\u0105browa-g\u00f3rnicza_03.jpg\" alt=\"\" title=\"zdj\u0119cia, fotograf, \u015blub, gliwice, katowice, rybnik, \u017cory, wodzis\u0142aw, tychy, b\u0119dzin, d\u0105browa g\u00f3rnicza_03\" width=\"640\" height=\"427\" class=\"aligncenter size-full wp-image-455\" srcset=\"http:\/\/www.naszdzien.com.pl\/blog\/wp-content\/uploads\/2010\/10\/zdj\u0119cia-fotograf-\u015blub-gliwice-katowice-rybnik-\u017cory-wodzis\u0142aw-tychy-b\u0119dzin-d\u0105browa-g\u00f3rnicza_03.jpg 640w, http:\/\/www.naszdzien.com.pl\/blog\/wp-content\/uploads\/2010\/10\/zdj\u0119cia-fotograf-\u015blub-gliwice-katowice-rybnik-\u017cory-wodzis\u0142aw-tychy-b\u0119dzin-d\u0105browa-g\u00f3rnicza_03-300x200.jpg 300w\" sizes=\"(max-width: 640px) 100vw, 640px\" \/><\/a><\/p>\n<p><a href=\"http:\/\/www.blog.naszdzien.com.pl\/wp-content\/uploads\/2010\/10\/zdj\u0119cia-fotograf-\u015blub-gliwice-katowice-rybnik-\u017cory-wodzis\u0142aw-tychy-b\u0119dzin-d\u0105browa-g\u00f3rnicza_04.jpg\"><img loading=\"lazy\" src=\"http:\/\/www.blog.naszdzien.com.pl\/wp-content\/uploads\/2010\/10\/zdj\u0119cia-fotograf-\u015blub-gliwice-katowice-rybnik-\u017cory-wodzis\u0142aw-tychy-b\u0119dzin-d\u0105browa-g\u00f3rnicza_04.jpg\" alt=\"\" title=\"zdj\u0119cia, fotograf, \u015blub, gliwice, katowice, rybnik, \u017cory, wodzis\u0142aw, tychy, b\u0119dzin, d\u0105browa g\u00f3rnicza_04\" width=\"640\" height=\"427\" class=\"aligncenter size-full wp-image-456\" srcset=\"http:\/\/www.naszdzien.com.pl\/blog\/wp-content\/uploads\/2010\/10\/zdj\u0119cia-fotograf-\u015blub-gliwice-katowice-rybnik-\u017cory-wodzis\u0142aw-tychy-b\u0119dzin-d\u0105browa-g\u00f3rnicza_04.jpg 640w, http:\/\/www.naszdzien.com.pl\/blog\/wp-content\/uploads\/2010\/10\/zdj\u0119cia-fotograf-\u015blub-gliwice-katowice-rybnik-\u017cory-wodzis\u0142aw-tychy-b\u0119dzin-d\u0105browa-g\u00f3rnicza_04-300x200.jpg 300w\" sizes=\"(max-width: 640px) 100vw, 640px\" \/><\/a><\/p>\n<p><a href=\"http:\/\/www.blog.naszdzien.com.pl\/wp-content\/uploads\/2010\/10\/zdj\u0119cia-fotograf-\u015blub-gliwice-katowice-rybnik-\u017cory-wodzis\u0142aw-tychy-b\u0119dzin-d\u0105browa-g\u00f3rnicza_05.jpg\"><img loading=\"lazy\" src=\"http:\/\/www.blog.naszdzien.com.pl\/wp-content\/uploads\/2010\/10\/zdj\u0119cia-fotograf-\u015blub-gliwice-katowice-rybnik-\u017cory-wodzis\u0142aw-tychy-b\u0119dzin-d\u0105browa-g\u00f3rnicza_05.jpg\" alt=\"\" title=\"zdj\u0119cia, fotograf, \u015blub, gliwice, katowice, rybnik, \u017cory, wodzis\u0142aw, tychy, b\u0119dzin, d\u0105browa g\u00f3rnicza_05\" width=\"640\" height=\"426\" class=\"aligncenter size-full wp-image-457\" srcset=\"http:\/\/www.naszdzien.com.pl\/blog\/wp-content\/uploads\/2010\/10\/zdj\u0119cia-fotograf-\u015blub-gliwice-katowice-rybnik-\u017cory-wodzis\u0142aw-tychy-b\u0119dzin-d\u0105browa-g\u00f3rnicza_05.jpg 640w, http:\/\/www.naszdzien.com.pl\/blog\/wp-content\/uploads\/2010\/10\/zdj\u0119cia-fotograf-\u015blub-gliwice-katowice-rybnik-\u017cory-wodzis\u0142aw-tychy-b\u0119dzin-d\u0105browa-g\u00f3rnicza_05-300x199.jpg 300w\" sizes=\"(max-width: 640px) 100vw, 640px\" \/><\/a><\/p>\n<p><a href=\"http:\/\/www.blog.naszdzien.com.pl\/wp-content\/uploads\/2010\/10\/zdj\u0119cia-fotograf-\u015blub-gliwice-katowice-rybnik-\u017cory-wodzis\u0142aw-tychy-b\u0119dzin-d\u0105browa-g\u00f3rnicza_06.jpg\"><img loading=\"lazy\" src=\"http:\/\/www.blog.naszdzien.com.pl\/wp-content\/uploads\/2010\/10\/zdj\u0119cia-fotograf-\u015blub-gliwice-katowice-rybnik-\u017cory-wodzis\u0142aw-tychy-b\u0119dzin-d\u0105browa-g\u00f3rnicza_06.jpg\" alt=\"\" title=\"zdj\u0119cia, fotograf, \u015blub, gliwice, katowice, rybnik, \u017cory, wodzis\u0142aw, tychy, b\u0119dzin, d\u0105browa g\u00f3rnicza_06\" width=\"640\" height=\"426\" class=\"aligncenter size-full wp-image-458\" srcset=\"http:\/\/www.naszdzien.com.pl\/blog\/wp-content\/uploads\/2010\/10\/zdj\u0119cia-fotograf-\u015blub-gliwice-katowice-rybnik-\u017cory-wodzis\u0142aw-tychy-b\u0119dzin-d\u0105browa-g\u00f3rnicza_06.jpg 640w, http:\/\/www.naszdzien.com.pl\/blog\/wp-content\/uploads\/2010\/10\/zdj\u0119cia-fotograf-\u015blub-gliwice-katowice-rybnik-\u017cory-wodzis\u0142aw-tychy-b\u0119dzin-d\u0105browa-g\u00f3rnicza_06-300x199.jpg 300w\" sizes=\"(max-width: 640px) 100vw, 640px\" \/><\/a><\/p>\n<p><a href=\"http:\/\/www.blog.naszdzien.com.pl\/wp-content\/uploads\/2010\/10\/zdj\u0119cia-fotograf-\u015blub-gliwice-katowice-rybnik-\u017cory-wodzis\u0142aw-tychy-b\u0119dzin-d\u0105browa-g\u00f3rnicza_07.jpg\"><img loading=\"lazy\" src=\"http:\/\/www.blog.naszdzien.com.pl\/wp-content\/uploads\/2010\/10\/zdj\u0119cia-fotograf-\u015blub-gliwice-katowice-rybnik-\u017cory-wodzis\u0142aw-tychy-b\u0119dzin-d\u0105browa-g\u00f3rnicza_07.jpg\" alt=\"\" title=\"zdj\u0119cia, fotograf, \u015blub, gliwice, katowice, rybnik, \u017cory, wodzis\u0142aw, tychy, b\u0119dzin, d\u0105browa g\u00f3rnicza_07\" width=\"426\" height=\"640\" class=\"aligncenter size-full wp-image-459\" srcset=\"http:\/\/www.naszdzien.com.pl\/blog\/wp-content\/uploads\/2010\/10\/zdj\u0119cia-fotograf-\u015blub-gliwice-katowice-rybnik-\u017cory-wodzis\u0142aw-tychy-b\u0119dzin-d\u0105browa-g\u00f3rnicza_07.jpg 426w, http:\/\/www.naszdzien.com.pl\/blog\/wp-content\/uploads\/2010\/10\/zdj\u0119cia-fotograf-\u015blub-gliwice-katowice-rybnik-\u017cory-wodzis\u0142aw-tychy-b\u0119dzin-d\u0105browa-g\u00f3rnicza_07-199x300.jpg 199w\" sizes=\"(max-width: 426px) 100vw, 426px\" \/><\/a><\/p>\n<p><a href=\"http:\/\/www.blog.naszdzien.com.pl\/wp-content\/uploads\/2010\/10\/zdj\u0119cia-fotograf-\u015blub-gliwice-katowice-rybnik-\u017cory-wodzis\u0142aw-tychy-b\u0119dzin-d\u0105browa-g\u00f3rnicza_08.jpg\"><img loading=\"lazy\" src=\"http:\/\/www.blog.naszdzien.com.pl\/wp-content\/uploads\/2010\/10\/zdj\u0119cia-fotograf-\u015blub-gliwice-katowice-rybnik-\u017cory-wodzis\u0142aw-tychy-b\u0119dzin-d\u0105browa-g\u00f3rnicza_08.jpg\" alt=\"\" title=\"zdj\u0119cia, fotograf, \u015blub, gliwice, katowice, rybnik, \u017cory, wodzis\u0142aw, tychy, b\u0119dzin, d\u0105browa g\u00f3rnicza_08\" width=\"426\" height=\"640\" class=\"aligncenter size-full wp-image-460\" srcset=\"http:\/\/www.naszdzien.com.pl\/blog\/wp-content\/uploads\/2010\/10\/zdj\u0119cia-fotograf-\u015blub-gliwice-katowice-rybnik-\u017cory-wodzis\u0142aw-tychy-b\u0119dzin-d\u0105browa-g\u00f3rnicza_08.jpg 426w, http:\/\/www.naszdzien.com.pl\/blog\/wp-content\/uploads\/2010\/10\/zdj\u0119cia-fotograf-\u015blub-gliwice-katowice-rybnik-\u017cory-wodzis\u0142aw-tychy-b\u0119dzin-d\u0105browa-g\u00f3rnicza_08-199x300.jpg 199w\" sizes=\"(max-width: 426px) 100vw, 426px\" \/><\/a><\/p>\n<p><a href=\"http:\/\/www.blog.naszdzien.com.pl\/wp-content\/uploads\/2010\/10\/zdj\u0119cia-fotograf-\u015blub-gliwice-katowice-rybnik-\u017cory-wodzis\u0142aw-tychy-b\u0119dzin-d\u0105browa-g\u00f3rnicza_09.jpg\"><img loading=\"lazy\" src=\"http:\/\/www.blog.naszdzien.com.pl\/wp-content\/uploads\/2010\/10\/zdj\u0119cia-fotograf-\u015blub-gliwice-katowice-rybnik-\u017cory-wodzis\u0142aw-tychy-b\u0119dzin-d\u0105browa-g\u00f3rnicza_09.jpg\" alt=\"\" title=\"zdj\u0119cia, fotograf, \u015blub, gliwice, katowice, rybnik, \u017cory, wodzis\u0142aw, tychy, b\u0119dzin, d\u0105browa g\u00f3rnicza_09\" width=\"640\" height=\"426\" class=\"aligncenter size-full wp-image-461\" srcset=\"http:\/\/www.naszdzien.com.pl\/blog\/wp-content\/uploads\/2010\/10\/zdj\u0119cia-fotograf-\u015blub-gliwice-katowice-rybnik-\u017cory-wodzis\u0142aw-tychy-b\u0119dzin-d\u0105browa-g\u00f3rnicza_09.jpg 640w, http:\/\/www.naszdzien.com.pl\/blog\/wp-content\/uploads\/2010\/10\/zdj\u0119cia-fotograf-\u015blub-gliwice-katowice-rybnik-\u017cory-wodzis\u0142aw-tychy-b\u0119dzin-d\u0105browa-g\u00f3rnicza_09-300x199.jpg 300w\" sizes=\"(max-width: 640px) 100vw, 640px\" \/><\/a><\/p>\n<p><a href=\"http:\/\/www.blog.naszdzien.com.pl\/wp-content\/uploads\/2010\/10\/zdj\u0119cia-fotograf-\u015blub-gliwice-katowice-rybnik-\u017cory-wodzis\u0142aw-tychy-b\u0119dzin-d\u0105browa-g\u00f3rnicza_10.jpg\"><img loading=\"lazy\" src=\"http:\/\/www.blog.naszdzien.com.pl\/wp-content\/uploads\/2010\/10\/zdj\u0119cia-fotograf-\u015blub-gliwice-katowice-rybnik-\u017cory-wodzis\u0142aw-tychy-b\u0119dzin-d\u0105browa-g\u00f3rnicza_10.jpg\" alt=\"\" title=\"zdj\u0119cia, fotograf, \u015blub, gliwice, katowice, rybnik, \u017cory, wodzis\u0142aw, tychy, b\u0119dzin, d\u0105browa g\u00f3rnicza_10\" width=\"640\" height=\"426\" class=\"aligncenter size-full wp-image-462\" srcset=\"http:\/\/www.naszdzien.com.pl\/blog\/wp-content\/uploads\/2010\/10\/zdj\u0119cia-fotograf-\u015blub-gliwice-katowice-rybnik-\u017cory-wodzis\u0142aw-tychy-b\u0119dzin-d\u0105browa-g\u00f3rnicza_10.jpg 640w, http:\/\/www.naszdzien.com.pl\/blog\/wp-content\/uploads\/2010\/10\/zdj\u0119cia-fotograf-\u015blub-gliwice-katowice-rybnik-\u017cory-wodzis\u0142aw-tychy-b\u0119dzin-d\u0105browa-g\u00f3rnicza_10-300x199.jpg 300w\" sizes=\"(max-width: 640px) 100vw, 640px\" \/><\/a><\/p>\n<p><a href=\"http:\/\/www.blog.naszdzien.com.pl\/wp-content\/uploads\/2010\/10\/zdj\u0119cia-fotograf-\u015blub-gliwice-katowice-rybnik-\u017cory-wodzis\u0142aw-tychy-b\u0119dzin-d\u0105browa-g\u00f3rnicza_11.jpg\"><img loading=\"lazy\" src=\"http:\/\/www.blog.naszdzien.com.pl\/wp-content\/uploads\/2010\/10\/zdj\u0119cia-fotograf-\u015blub-gliwice-katowice-rybnik-\u017cory-wodzis\u0142aw-tychy-b\u0119dzin-d\u0105browa-g\u00f3rnicza_11.jpg\" alt=\"\" title=\"zdj\u0119cia, fotograf, \u015blub, gliwice, katowice, rybnik, \u017cory, wodzis\u0142aw, tychy, b\u0119dzin, d\u0105browa g\u00f3rnicza_11\" width=\"640\" height=\"427\" class=\"aligncenter size-full wp-image-463\" srcset=\"http:\/\/www.naszdzien.com.pl\/blog\/wp-content\/uploads\/2010\/10\/zdj\u0119cia-fotograf-\u015blub-gliwice-katowice-rybnik-\u017cory-wodzis\u0142aw-tychy-b\u0119dzin-d\u0105browa-g\u00f3rnicza_11.jpg 640w, http:\/\/www.naszdzien.com.pl\/blog\/wp-content\/uploads\/2010\/10\/zdj\u0119cia-fotograf-\u015blub-gliwice-katowice-rybnik-\u017cory-wodzis\u0142aw-tychy-b\u0119dzin-d\u0105browa-g\u00f3rnicza_11-300x200.jpg 300w\" sizes=\"(max-width: 640px) 100vw, 640px\" \/><\/a><\/p>\n<p><a href=\"http:\/\/www.blog.naszdzien.com.pl\/wp-content\/uploads\/2010\/10\/zdj\u0119cia-fotograf-\u015blub-gliwice-katowice-rybnik-\u017cory-wodzis\u0142aw-tychy-b\u0119dzin-d\u0105browa-g\u00f3rnicza_12.jpg\"><img loading=\"lazy\" src=\"http:\/\/www.blog.naszdzien.com.pl\/wp-content\/uploads\/2010\/10\/zdj\u0119cia-fotograf-\u015blub-gliwice-katowice-rybnik-\u017cory-wodzis\u0142aw-tychy-b\u0119dzin-d\u0105browa-g\u00f3rnicza_12.jpg\" alt=\"\" title=\"zdj\u0119cia, fotograf, \u015blub, gliwice, katowice, rybnik, \u017cory, wodzis\u0142aw, tychy, b\u0119dzin, d\u0105browa g\u00f3rnicza_12\" width=\"640\" height=\"426\" class=\"aligncenter size-full wp-image-464\" srcset=\"http:\/\/www.naszdzien.com.pl\/blog\/wp-content\/uploads\/2010\/10\/zdj\u0119cia-fotograf-\u015blub-gliwice-katowice-rybnik-\u017cory-wodzis\u0142aw-tychy-b\u0119dzin-d\u0105browa-g\u00f3rnicza_12.jpg 640w, http:\/\/www.naszdzien.com.pl\/blog\/wp-content\/uploads\/2010\/10\/zdj\u0119cia-fotograf-\u015blub-gliwice-katowice-rybnik-\u017cory-wodzis\u0142aw-tychy-b\u0119dzin-d\u0105browa-g\u00f3rnicza_12-300x199.jpg 300w\" sizes=\"(max-width: 640px) 100vw, 640px\" \/><\/a><\/p>\n<p><a href=\"http:\/\/www.blog.naszdzien.com.pl\/wp-content\/uploads\/2010\/10\/zdj\u0119cia-fotograf-\u015blub-gliwice-katowice-rybnik-\u017cory-wodzis\u0142aw-tychy-b\u0119dzin-d\u0105browa-g\u00f3rnicza_14.jpg\"><img loading=\"lazy\" src=\"http:\/\/www.blog.naszdzien.com.pl\/wp-content\/uploads\/2010\/10\/zdj\u0119cia-fotograf-\u015blub-gliwice-katowice-rybnik-\u017cory-wodzis\u0142aw-tychy-b\u0119dzin-d\u0105browa-g\u00f3rnicza_14.jpg\" alt=\"\" title=\"zdj\u0119cia, fotograf, \u015blub, gliwice, katowice, rybnik, \u017cory, wodzis\u0142aw, tychy, b\u0119dzin, d\u0105browa g\u00f3rnicza_14\" width=\"640\" height=\"427\" class=\"aligncenter size-full wp-image-466\" srcset=\"http:\/\/www.naszdzien.com.pl\/blog\/wp-content\/uploads\/2010\/10\/zdj\u0119cia-fotograf-\u015blub-gliwice-katowice-rybnik-\u017cory-wodzis\u0142aw-tychy-b\u0119dzin-d\u0105browa-g\u00f3rnicza_14.jpg 640w, http:\/\/www.naszdzien.com.pl\/blog\/wp-content\/uploads\/2010\/10\/zdj\u0119cia-fotograf-\u015blub-gliwice-katowice-rybnik-\u017cory-wodzis\u0142aw-tychy-b\u0119dzin-d\u0105browa-g\u00f3rnicza_14-300x200.jpg 300w\" sizes=\"(max-width: 640px) 100vw, 640px\" \/><\/a><\/p>\n<p><a href=\"http:\/\/www.blog.naszdzien.com.pl\/wp-content\/uploads\/2010\/10\/zdj\u0119cia-fotograf-\u015blub-gliwice-katowice-rybnik-\u017cory-wodzis\u0142aw-tychy-b\u0119dzin-d\u0105browa-g\u00f3rnicza_13.jpg\"><img loading=\"lazy\" src=\"http:\/\/www.blog.naszdzien.com.pl\/wp-content\/uploads\/2010\/10\/zdj\u0119cia-fotograf-\u015blub-gliwice-katowice-rybnik-\u017cory-wodzis\u0142aw-tychy-b\u0119dzin-d\u0105browa-g\u00f3rnicza_13.jpg\" alt=\"\" title=\"zdj\u0119cia, fotograf, \u015blub, gliwice, katowice, rybnik, \u017cory, wodzis\u0142aw, tychy, b\u0119dzin, d\u0105browa g\u00f3rnicza_13\" width=\"640\" height=\"426\" class=\"aligncenter size-full wp-image-465\" srcset=\"http:\/\/www.naszdzien.com.pl\/blog\/wp-content\/uploads\/2010\/10\/zdj\u0119cia-fotograf-\u015blub-gliwice-katowice-rybnik-\u017cory-wodzis\u0142aw-tychy-b\u0119dzin-d\u0105browa-g\u00f3rnicza_13.jpg 640w, http:\/\/www.naszdzien.com.pl\/blog\/wp-content\/uploads\/2010\/10\/zdj\u0119cia-fotograf-\u015blub-gliwice-katowice-rybnik-\u017cory-wodzis\u0142aw-tychy-b\u0119dzin-d\u0105browa-g\u00f3rnicza_13-300x199.jpg 300w\" sizes=\"(max-width: 640px) 100vw, 640px\" \/><\/a><\/p>\n<p><a href=\"http:\/\/www.blog.naszdzien.com.pl\/wp-content\/uploads\/2010\/10\/zdj\u0119cia-fotograf-\u015blub-gliwice-katowice-rybnik-\u017cory-wodzis\u0142aw-tychy-b\u0119dzin-d\u0105browa-g\u00f3rnicza_15.jpg\"><img loading=\"lazy\" src=\"http:\/\/www.blog.naszdzien.com.pl\/wp-content\/uploads\/2010\/10\/zdj\u0119cia-fotograf-\u015blub-gliwice-katowice-rybnik-\u017cory-wodzis\u0142aw-tychy-b\u0119dzin-d\u0105browa-g\u00f3rnicza_15.jpg\" alt=\"\" title=\"zdj\u0119cia, fotograf, \u015blub, gliwice, katowice, rybnik, \u017cory, wodzis\u0142aw, tychy, b\u0119dzin, d\u0105browa g\u00f3rnicza_15\" width=\"640\" height=\"427\" class=\"aligncenter size-full wp-image-467\" srcset=\"http:\/\/www.naszdzien.com.pl\/blog\/wp-content\/uploads\/2010\/10\/zdj\u0119cia-fotograf-\u015blub-gliwice-katowice-rybnik-\u017cory-wodzis\u0142aw-tychy-b\u0119dzin-d\u0105browa-g\u00f3rnicza_15.jpg 640w, http:\/\/www.naszdzien.com.pl\/blog\/wp-content\/uploads\/2010\/10\/zdj\u0119cia-fotograf-\u015blub-gliwice-katowice-rybnik-\u017cory-wodzis\u0142aw-tychy-b\u0119dzin-d\u0105browa-g\u00f3rnicza_15-300x200.jpg 300w\" sizes=\"(max-width: 640px) 100vw, 640px\" \/><\/a><\/p>\n<p><a href=\"http:\/\/www.blog.naszdzien.com.pl\/wp-content\/uploads\/2010\/10\/zdj\u0119cia-fotograf-\u015blub-gliwice-katowice-rybnik-\u017cory-wodzis\u0142aw-tychy-b\u0119dzin-d\u0105browa-g\u00f3rnicza_16.jpg\"><img loading=\"lazy\" src=\"http:\/\/www.blog.naszdzien.com.pl\/wp-content\/uploads\/2010\/10\/zdj\u0119cia-fotograf-\u015blub-gliwice-katowice-rybnik-\u017cory-wodzis\u0142aw-tychy-b\u0119dzin-d\u0105browa-g\u00f3rnicza_16.jpg\" alt=\"\" title=\"zdj\u0119cia, fotograf, \u015blub, gliwice, katowice, rybnik, \u017cory, wodzis\u0142aw, tychy, b\u0119dzin, d\u0105browa g\u00f3rnicza_16\" width=\"426\" height=\"640\" class=\"aligncenter size-full wp-image-468\" srcset=\"http:\/\/www.naszdzien.com.pl\/blog\/wp-content\/uploads\/2010\/10\/zdj\u0119cia-fotograf-\u015blub-gliwice-katowice-rybnik-\u017cory-wodzis\u0142aw-tychy-b\u0119dzin-d\u0105browa-g\u00f3rnicza_16.jpg 426w, http:\/\/www.naszdzien.com.pl\/blog\/wp-content\/uploads\/2010\/10\/zdj\u0119cia-fotograf-\u015blub-gliwice-katowice-rybnik-\u017cory-wodzis\u0142aw-tychy-b\u0119dzin-d\u0105browa-g\u00f3rnicza_16-199x300.jpg 199w\" sizes=\"(max-width: 426px) 100vw, 426px\" \/><\/a><\/p>\n<p><a href=\"http:\/\/www.blog.naszdzien.com.pl\/wp-content\/uploads\/2010\/10\/zdj\u0119cia-fotograf-\u015blub-gliwice-katowice-rybnik-\u017cory-wodzis\u0142aw-tychy-b\u0119dzin-d\u0105browa-g\u00f3rnicza_17.jpg\"><img loading=\"lazy\" src=\"http:\/\/www.blog.naszdzien.com.pl\/wp-content\/uploads\/2010\/10\/zdj\u0119cia-fotograf-\u015blub-gliwice-katowice-rybnik-\u017cory-wodzis\u0142aw-tychy-b\u0119dzin-d\u0105browa-g\u00f3rnicza_17.jpg\" alt=\"\" title=\"zdj\u0119cia, fotograf, \u015blub, gliwice, katowice, rybnik, \u017cory, wodzis\u0142aw, tychy, b\u0119dzin, d\u0105browa g\u00f3rnicza_17\" width=\"426\" height=\"640\" class=\"aligncenter size-full wp-image-469\" srcset=\"http:\/\/www.naszdzien.com.pl\/blog\/wp-content\/uploads\/2010\/10\/zdj\u0119cia-fotograf-\u015blub-gliwice-katowice-rybnik-\u017cory-wodzis\u0142aw-tychy-b\u0119dzin-d\u0105browa-g\u00f3rnicza_17.jpg 426w, http:\/\/www.naszdzien.com.pl\/blog\/wp-content\/uploads\/2010\/10\/zdj\u0119cia-fotograf-\u015blub-gliwice-katowice-rybnik-\u017cory-wodzis\u0142aw-tychy-b\u0119dzin-d\u0105browa-g\u00f3rnicza_17-199x300.jpg 199w\" sizes=\"(max-width: 426px) 100vw, 426px\" \/><\/a><\/p>\n<p><a href=\"http:\/\/www.blog.naszdzien.com.pl\/wp-content\/uploads\/2010\/10\/zdj\u0119cia-fotograf-\u015blub-gliwice-katowice-rybnik-\u017cory-wodzis\u0142aw-tychy-b\u0119dzin-d\u0105browa-g\u00f3rnicza_18.jpg\"><img loading=\"lazy\" src=\"http:\/\/www.blog.naszdzien.com.pl\/wp-content\/uploads\/2010\/10\/zdj\u0119cia-fotograf-\u015blub-gliwice-katowice-rybnik-\u017cory-wodzis\u0142aw-tychy-b\u0119dzin-d\u0105browa-g\u00f3rnicza_18.jpg\" alt=\"\" title=\"zdj\u0119cia, fotograf, \u015blub, gliwice, katowice, rybnik, \u017cory, wodzis\u0142aw, tychy, b\u0119dzin, d\u0105browa g\u00f3rnicza_18\" width=\"640\" height=\"426\" class=\"aligncenter size-full wp-image-470\" srcset=\"http:\/\/www.naszdzien.com.pl\/blog\/wp-content\/uploads\/2010\/10\/zdj\u0119cia-fotograf-\u015blub-gliwice-katowice-rybnik-\u017cory-wodzis\u0142aw-tychy-b\u0119dzin-d\u0105browa-g\u00f3rnicza_18.jpg 640w, http:\/\/www.naszdzien.com.pl\/blog\/wp-content\/uploads\/2010\/10\/zdj\u0119cia-fotograf-\u015blub-gliwice-katowice-rybnik-\u017cory-wodzis\u0142aw-tychy-b\u0119dzin-d\u0105browa-g\u00f3rnicza_18-300x199.jpg 300w\" sizes=\"(max-width: 640px) 100vw, 640px\" \/><\/a><\/p>\n<p><a href=\"http:\/\/www.blog.naszdzien.com.pl\/wp-content\/uploads\/2010\/10\/zdj\u0119cia-fotograf-\u015blub-gliwice-katowice-rybnik-\u017cory-wodzis\u0142aw-tychy-b\u0119dzin-d\u0105browa-g\u00f3rnicza_19.jpg\"><img loading=\"lazy\" src=\"http:\/\/www.blog.naszdzien.com.pl\/wp-content\/uploads\/2010\/10\/zdj\u0119cia-fotograf-\u015blub-gliwice-katowice-rybnik-\u017cory-wodzis\u0142aw-tychy-b\u0119dzin-d\u0105browa-g\u00f3rnicza_19.jpg\" alt=\"\" title=\"zdj\u0119cia, fotograf, \u015blub, gliwice, katowice, rybnik, \u017cory, wodzis\u0142aw, tychy, b\u0119dzin, d\u0105browa g\u00f3rnicza_19\" width=\"640\" height=\"426\" class=\"aligncenter size-full wp-image-471\" srcset=\"http:\/\/www.naszdzien.com.pl\/blog\/wp-content\/uploads\/2010\/10\/zdj\u0119cia-fotograf-\u015blub-gliwice-katowice-rybnik-\u017cory-wodzis\u0142aw-tychy-b\u0119dzin-d\u0105browa-g\u00f3rnicza_19.jpg 640w, http:\/\/www.naszdzien.com.pl\/blog\/wp-content\/uploads\/2010\/10\/zdj\u0119cia-fotograf-\u015blub-gliwice-katowice-rybnik-\u017cory-wodzis\u0142aw-tychy-b\u0119dzin-d\u0105browa-g\u00f3rnicza_19-300x199.jpg 300w\" sizes=\"(max-width: 640px) 100vw, 640px\" \/><\/a><\/p>\n<p><a href=\"http:\/\/www.blog.naszdzien.com.pl\/wp-content\/uploads\/2010\/10\/zdj\u0119cia-fotograf-\u015blub-gliwice-katowice-rybnik-\u017cory-wodzis\u0142aw-tychy-b\u0119dzin-d\u0105browa-g\u00f3rnicza_20.jpg\"><img loading=\"lazy\" src=\"http:\/\/www.blog.naszdzien.com.pl\/wp-content\/uploads\/2010\/10\/zdj\u0119cia-fotograf-\u015blub-gliwice-katowice-rybnik-\u017cory-wodzis\u0142aw-tychy-b\u0119dzin-d\u0105browa-g\u00f3rnicza_20.jpg\" alt=\"\" title=\"zdj\u0119cia, fotograf, \u015blub, gliwice, katowice, rybnik, \u017cory, wodzis\u0142aw, tychy, b\u0119dzin, d\u0105browa g\u00f3rnicza_20\" width=\"640\" height=\"427\" class=\"aligncenter size-full wp-image-472\" srcset=\"http:\/\/www.naszdzien.com.pl\/blog\/wp-content\/uploads\/2010\/10\/zdj\u0119cia-fotograf-\u015blub-gliwice-katowice-rybnik-\u017cory-wodzis\u0142aw-tychy-b\u0119dzin-d\u0105browa-g\u00f3rnicza_20.jpg 640w, http:\/\/www.naszdzien.com.pl\/blog\/wp-content\/uploads\/2010\/10\/zdj\u0119cia-fotograf-\u015blub-gliwice-katowice-rybnik-\u017cory-wodzis\u0142aw-tychy-b\u0119dzin-d\u0105browa-g\u00f3rnicza_20-300x200.jpg 300w\" sizes=\"(max-width: 640px) 100vw, 640px\" \/><\/a><\/p>\n<p><a href=\"http:\/\/www.blog.naszdzien.com.pl\/wp-content\/uploads\/2010\/10\/zdj\u0119cia-fotograf-\u015blub-gliwice-katowice-rybnik-\u017cory-wodzis\u0142aw-tychy-b\u0119dzin-d\u0105browa-g\u00f3rnicza_21.jpg\"><img loading=\"lazy\" src=\"http:\/\/www.blog.naszdzien.com.pl\/wp-content\/uploads\/2010\/10\/zdj\u0119cia-fotograf-\u015blub-gliwice-katowice-rybnik-\u017cory-wodzis\u0142aw-tychy-b\u0119dzin-d\u0105browa-g\u00f3rnicza_21.jpg\" alt=\"\" title=\"zdj\u0119cia, fotograf, \u015blub, gliwice, katowice, rybnik, \u017cory, wodzis\u0142aw, tychy, b\u0119dzin, d\u0105browa g\u00f3rnicza_21\" width=\"640\" height=\"427\" class=\"aligncenter size-full wp-image-473\" srcset=\"http:\/\/www.naszdzien.com.pl\/blog\/wp-content\/uploads\/2010\/10\/zdj\u0119cia-fotograf-\u015blub-gliwice-katowice-rybnik-\u017cory-wodzis\u0142aw-tychy-b\u0119dzin-d\u0105browa-g\u00f3rnicza_21.jpg 640w, http:\/\/www.naszdzien.com.pl\/blog\/wp-content\/uploads\/2010\/10\/zdj\u0119cia-fotograf-\u015blub-gliwice-katowice-rybnik-\u017cory-wodzis\u0142aw-tychy-b\u0119dzin-d\u0105browa-g\u00f3rnicza_21-300x200.jpg 300w\" sizes=\"(max-width: 640px) 100vw, 640px\" \/><\/a><\/p>\n<p><a href=\"http:\/\/www.blog.naszdzien.com.pl\/wp-content\/uploads\/2010\/10\/zdj\u0119cia-fotograf-\u015blub-gliwice-katowice-rybnik-\u017cory-wodzis\u0142aw-tychy-b\u0119dzin-d\u0105browa-g\u00f3rnicza_22.jpg\"><img loading=\"lazy\" src=\"http:\/\/www.blog.naszdzien.com.pl\/wp-content\/uploads\/2010\/10\/zdj\u0119cia-fotograf-\u015blub-gliwice-katowice-rybnik-\u017cory-wodzis\u0142aw-tychy-b\u0119dzin-d\u0105browa-g\u00f3rnicza_22.jpg\" alt=\"\" title=\"zdj\u0119cia, fotograf, \u015blub, gliwice, katowice, rybnik, \u017cory, wodzis\u0142aw, tychy, b\u0119dzin, d\u0105browa g\u00f3rnicza_22\" width=\"640\" height=\"426\" class=\"aligncenter size-full wp-image-474\" srcset=\"http:\/\/www.naszdzien.com.pl\/blog\/wp-content\/uploads\/2010\/10\/zdj\u0119cia-fotograf-\u015blub-gliwice-katowice-rybnik-\u017cory-wodzis\u0142aw-tychy-b\u0119dzin-d\u0105browa-g\u00f3rnicza_22.jpg 640w, http:\/\/www.naszdzien.com.pl\/blog\/wp-content\/uploads\/2010\/10\/zdj\u0119cia-fotograf-\u015blub-gliwice-katowice-rybnik-\u017cory-wodzis\u0142aw-tychy-b\u0119dzin-d\u0105browa-g\u00f3rnicza_22-300x199.jpg 300w\" sizes=\"(max-width: 640px) 100vw, 640px\" \/><\/a><\/p>\n<p><a href=\"http:\/\/www.blog.naszdzien.com.pl\/wp-content\/uploads\/2010\/10\/zdj\u0119cia-fotograf-\u015blub-gliwice-katowice-rybnik-\u017cory-wodzis\u0142aw-tychy-b\u0119dzin-d\u0105browa-g\u00f3rnicza_23.jpg\"><img loading=\"lazy\" src=\"http:\/\/www.blog.naszdzien.com.pl\/wp-content\/uploads\/2010\/10\/zdj\u0119cia-fotograf-\u015blub-gliwice-katowice-rybnik-\u017cory-wodzis\u0142aw-tychy-b\u0119dzin-d\u0105browa-g\u00f3rnicza_23.jpg\" alt=\"\" title=\"zdj\u0119cia, fotograf, \u015blub, gliwice, katowice, rybnik, \u017cory, wodzis\u0142aw, tychy, b\u0119dzin, d\u0105browa g\u00f3rnicza_23\" width=\"640\" height=\"427\" class=\"aligncenter size-full wp-image-452\" srcset=\"http:\/\/www.naszdzien.com.pl\/blog\/wp-content\/uploads\/2010\/10\/zdj\u0119cia-fotograf-\u015blub-gliwice-katowice-rybnik-\u017cory-wodzis\u0142aw-tychy-b\u0119dzin-d\u0105browa-g\u00f3rnicza_23.jpg 640w, http:\/\/www.naszdzien.com.pl\/blog\/wp-content\/uploads\/2010\/10\/zdj\u0119cia-fotograf-\u015blub-gliwice-katowice-rybnik-\u017cory-wodzis\u0142aw-tychy-b\u0119dzin-d\u0105browa-g\u00f3rnicza_23-300x200.jpg 300w\" sizes=\"(max-width: 640px) 100vw, 640px\" \/><\/a><\/p>\n","protected":false},"excerpt":{"rendered":"<p>A oto kolejny \u015blubik sezonu. Jak wida\u0107 Justyna i Micha\u0142 maj\u0105 pomys\u0142owych s\u0105siad\u00f3w &#8211; artyst\u00f3w:) Ceremonia odby\u0142a si\u0119 wyj\u0105tkowym ko\u015bciele w Rudach Raciborskich, ko\u015bci\u00f3\u0142 ten posiada naprawd\u0119 niepowtarzalny klimat. Publikuje na szybko kilka zdj\u0119\u0107 ale jeszcze wr\u00f3c\u0119 do tego wesela. Pozdrowienia dla parki:)<\/p>\n","protected":false},"author":1,"featured_media":673,"comment_status":"open","ping_status":"closed","sticky":false,"template":"","format":"standard","meta":[],"categories":[5],"tags":[26,10,17,39,40,16,37,18,11,19,14,41,48,21,38,86,65,66,12,15,9,7,46,44,43,23,13,22,24,45],"_links":{"self":[{"href":"http:\/\/www.naszdzien.com.pl\/blog\/wp-json\/wp\/v2\/posts\/475"}],"collection":[{"href":"http:\/\/www.naszdzien.com.pl\/blog\/wp-json\/wp\/v2\/posts"}],"about":[{"href":"http:\/\/www.naszdzien.com.pl\/blog\/wp-json\/wp\/v2\/types\/post"}],"author":[{"embeddable":true,"href":"http:\/\/www.naszdzien.com.pl\/blog\/wp-json\/wp\/v2\/users\/1"}],"replies":[{"embeddable":true,"href":"http:\/\/www.naszdzien.com.pl\/blog\/wp-json\/wp\/v2\/comments?post=475"}],"version-history":[{"count":11,"href":"http:\/\/www.naszdzien.com.pl\/blog\/wp-json\/wp\/v2\/posts\/475\/revisions"}],"predecessor-version":[{"id":847,"href":"http:\/\/www.naszdzien.com.pl\/blog\/wp-json\/wp\/v2\/posts\/475\/revisions\/847"}],"wp:featuredmedia":[{"embeddable":true,"href":"http:\/\/www.naszdzien.com.pl\/blog\/wp-json\/wp\/v2\/media\/673"}],"wp:attachment":[{"href":"http:\/\/www.naszdzien.com.pl\/blog\/wp-json\/wp\/v2\/media?parent=475"}],"wp:term":[{"taxonomy":"category","embeddable":true,"href":"http:\/\/www.naszdzien.com.pl\/blog\/wp-json\/wp\/v2\/categories?post=475"},{"taxonomy":"post_tag","embeddable":true,"href":"http:\/\/www.naszdzien.com.pl\/blog\/wp-json\/wp\/v2\/tags?post=475"}],"curies":[{"name":"wp","href":"https:\/\/api.w.org\/{rel}","templated":true}]}}