{"id":505,"date":"2010-11-07T18:17:20","date_gmt":"2010-11-07T18:17:20","guid":{"rendered":"http:\/\/www.fotograf-tomaszkojtek.pl\/?p=505"},"modified":"2011-04-08T14:49:55","modified_gmt":"2011-04-08T14:49:55","slug":"zdjecia-slubne-doroty-i-dawida","status":"publish","type":"post","link":"http:\/\/www.naszdzien.com.pl\/blog\/zdjecia-slubne-doroty-i-dawida\/","title":{"rendered":"Dorota i Dawid | fotografia \u015blubna &#8211; plener Racib\u00f3rz"},"content":{"rendered":"<p>A oto kolejna szalona parka minionego sezonu \ud83d\ude42<br \/>\nZamiast traci\u0107 czas na wyszukane miejsce skorzystali\u015bmy z czystej natury oraz temperamentu Doroty i Dawida :). Bawili\u015bmy si\u0119 &#8222;przednio&#8221; podczas sesji zdj\u0119ciowej, a i historyczna bryka &#8222;warszawa&#8221; te\u017c da\u0142a rad\u0119&#8230;<br \/>\nPozdrawiam Was.<\/p>\n<p><a href=\"http:\/\/www.blog.naszdzien.com.pl\/wp-content\/uploads\/2010\/11\/zdj\u0119cia-fotograf-\u015blub-fotografia-gliwice-katowice-rybnik-\u017cory-wodzis\u0142aw-tychy-b\u0119dzin-d\u0105browa-g\u00f3rnicza-racib\u00f3rz-psz\u00f3w-01.jpg.jpg\"><img loading=\"lazy\" src=\"http:\/\/www.blog.naszdzien.com.pl\/wp-content\/uploads\/2010\/11\/zdj\u0119cia-fotograf-\u015blub-fotografia-gliwice-katowice-rybnik-\u017cory-wodzis\u0142aw-tychy-b\u0119dzin-d\u0105browa-g\u00f3rnicza-racib\u00f3rz-psz\u00f3w-01.jpg.jpg\" alt=\"\" title=\"zdj\u0119cia, fotograf, \u015blub, fotografia, gliwice, katowice, rybnik, \u017cory, wodzis\u0142aw, tychy, b\u0119dzin, d\u0105browa g\u00f3rnicza, racib\u00f3rz, psz\u00f3w,    01.jpg\" width=\"680\" height=\"453\" class=\"aligncenter size-full wp-image-483\" srcset=\"http:\/\/www.naszdzien.com.pl\/blog\/wp-content\/uploads\/2010\/11\/zdj\u0119cia-fotograf-\u015blub-fotografia-gliwice-katowice-rybnik-\u017cory-wodzis\u0142aw-tychy-b\u0119dzin-d\u0105browa-g\u00f3rnicza-racib\u00f3rz-psz\u00f3w-01.jpg.jpg 680w, http:\/\/www.naszdzien.com.pl\/blog\/wp-content\/uploads\/2010\/11\/zdj\u0119cia-fotograf-\u015blub-fotografia-gliwice-katowice-rybnik-\u017cory-wodzis\u0142aw-tychy-b\u0119dzin-d\u0105browa-g\u00f3rnicza-racib\u00f3rz-psz\u00f3w-01.jpg-300x199.jpg 300w\" sizes=\"(max-width: 680px) 100vw, 680px\" \/><\/a><\/p>\n<p><a href=\"http:\/\/www.blog.naszdzien.com.pl\/wp-content\/uploads\/2010\/11\/zdj\u0119cia-fotograf-\u015blub-fotografia-gliwice-katowice-rybnik-\u017cory-wodzis\u0142aw-tychy-b\u0119dzin-d\u0105browa-g\u00f3rnicza-racib\u00f3rz-psz\u00f3w-02.jpg.jpg\"><img loading=\"lazy\" src=\"http:\/\/www.blog.naszdzien.com.pl\/wp-content\/uploads\/2010\/11\/zdj\u0119cia-fotograf-\u015blub-fotografia-gliwice-katowice-rybnik-\u017cory-wodzis\u0142aw-tychy-b\u0119dzin-d\u0105browa-g\u00f3rnicza-racib\u00f3rz-psz\u00f3w-02.jpg.jpg\" alt=\"\" title=\"zdj\u0119cia, fotograf, \u015blub, fotografia, gliwice, katowice, rybnik, \u017cory, wodzis\u0142aw, tychy, b\u0119dzin, d\u0105browa g\u00f3rnicza, racib\u00f3rz, psz\u00f3w,    02.jpg\" width=\"680\" height=\"453\" class=\"aligncenter size-full wp-image-484\" srcset=\"http:\/\/www.naszdzien.com.pl\/blog\/wp-content\/uploads\/2010\/11\/zdj\u0119cia-fotograf-\u015blub-fotografia-gliwice-katowice-rybnik-\u017cory-wodzis\u0142aw-tychy-b\u0119dzin-d\u0105browa-g\u00f3rnicza-racib\u00f3rz-psz\u00f3w-02.jpg.jpg 680w, http:\/\/www.naszdzien.com.pl\/blog\/wp-content\/uploads\/2010\/11\/zdj\u0119cia-fotograf-\u015blub-fotografia-gliwice-katowice-rybnik-\u017cory-wodzis\u0142aw-tychy-b\u0119dzin-d\u0105browa-g\u00f3rnicza-racib\u00f3rz-psz\u00f3w-02.jpg-300x199.jpg 300w\" sizes=\"(max-width: 680px) 100vw, 680px\" \/><\/a><\/p>\n<p><a href=\"http:\/\/www.blog.naszdzien.com.pl\/wp-content\/uploads\/2010\/11\/zdj\u0119cia-fotograf-\u015blub-fotografia-gliwice-katowice-rybnik-\u017cory-wodzis\u0142aw-tychy-b\u0119dzin-d\u0105browa-g\u00f3rnicza-racib\u00f3rz-psz\u00f3w-03.jpg.jpg\"><img loading=\"lazy\" src=\"http:\/\/www.blog.naszdzien.com.pl\/wp-content\/uploads\/2010\/11\/zdj\u0119cia-fotograf-\u015blub-fotografia-gliwice-katowice-rybnik-\u017cory-wodzis\u0142aw-tychy-b\u0119dzin-d\u0105browa-g\u00f3rnicza-racib\u00f3rz-psz\u00f3w-03.jpg.jpg\" alt=\"\" title=\"zdj\u0119cia, fotograf, \u015blub, fotografia, gliwice, katowice, rybnik, \u017cory, wodzis\u0142aw, tychy, b\u0119dzin, d\u0105browa g\u00f3rnicza, racib\u00f3rz, psz\u00f3w,    03.jpg\" width=\"452\" height=\"680\" class=\"aligncenter size-full wp-image-485\" srcset=\"http:\/\/www.naszdzien.com.pl\/blog\/wp-content\/uploads\/2010\/11\/zdj\u0119cia-fotograf-\u015blub-fotografia-gliwice-katowice-rybnik-\u017cory-wodzis\u0142aw-tychy-b\u0119dzin-d\u0105browa-g\u00f3rnicza-racib\u00f3rz-psz\u00f3w-03.jpg.jpg 452w, http:\/\/www.naszdzien.com.pl\/blog\/wp-content\/uploads\/2010\/11\/zdj\u0119cia-fotograf-\u015blub-fotografia-gliwice-katowice-rybnik-\u017cory-wodzis\u0142aw-tychy-b\u0119dzin-d\u0105browa-g\u00f3rnicza-racib\u00f3rz-psz\u00f3w-03.jpg-199x300.jpg 199w\" sizes=\"(max-width: 452px) 100vw, 452px\" \/><\/a><\/p>\n<p><a href=\"http:\/\/www.blog.naszdzien.com.pl\/wp-content\/uploads\/2010\/11\/zdj\u0119cia-fotograf-\u015blub-fotografia-gliwice-katowice-rybnik-\u017cory-wodzis\u0142aw-tychy-b\u0119dzin-d\u0105browa-g\u00f3rnicza-racib\u00f3rz-psz\u00f3w-04.jpg.jpg\"><img loading=\"lazy\" src=\"http:\/\/www.blog.naszdzien.com.pl\/wp-content\/uploads\/2010\/11\/zdj\u0119cia-fotograf-\u015blub-fotografia-gliwice-katowice-rybnik-\u017cory-wodzis\u0142aw-tychy-b\u0119dzin-d\u0105browa-g\u00f3rnicza-racib\u00f3rz-psz\u00f3w-04.jpg.jpg\" alt=\"\" title=\"zdj\u0119cia, fotograf, \u015blub, fotografia, gliwice, katowice, rybnik, \u017cory, wodzis\u0142aw, tychy, b\u0119dzin, d\u0105browa g\u00f3rnicza, racib\u00f3rz, psz\u00f3w,    04.jpg\" width=\"453\" height=\"680\" class=\"aligncenter size-full wp-image-486\" srcset=\"http:\/\/www.naszdzien.com.pl\/blog\/wp-content\/uploads\/2010\/11\/zdj\u0119cia-fotograf-\u015blub-fotografia-gliwice-katowice-rybnik-\u017cory-wodzis\u0142aw-tychy-b\u0119dzin-d\u0105browa-g\u00f3rnicza-racib\u00f3rz-psz\u00f3w-04.jpg.jpg 453w, http:\/\/www.naszdzien.com.pl\/blog\/wp-content\/uploads\/2010\/11\/zdj\u0119cia-fotograf-\u015blub-fotografia-gliwice-katowice-rybnik-\u017cory-wodzis\u0142aw-tychy-b\u0119dzin-d\u0105browa-g\u00f3rnicza-racib\u00f3rz-psz\u00f3w-04.jpg-199x300.jpg 199w\" sizes=\"(max-width: 453px) 100vw, 453px\" \/><\/a><\/p>\n<p><a href=\"http:\/\/www.blog.naszdzien.com.pl\/wp-content\/uploads\/2010\/11\/zdj\u0119cia-fotograf-\u015blub-fotografia-gliwice-katowice-rybnik-\u017cory-wodzis\u0142aw-tychy-b\u0119dzin-d\u0105browa-g\u00f3rnicza-racib\u00f3rz-psz\u00f3w-05.jpg.jpg\"><img loading=\"lazy\" src=\"http:\/\/www.blog.naszdzien.com.pl\/wp-content\/uploads\/2010\/11\/zdj\u0119cia-fotograf-\u015blub-fotografia-gliwice-katowice-rybnik-\u017cory-wodzis\u0142aw-tychy-b\u0119dzin-d\u0105browa-g\u00f3rnicza-racib\u00f3rz-psz\u00f3w-05.jpg.jpg\" alt=\"\" title=\"zdj\u0119cia, fotograf, \u015blub, fotografia, gliwice, katowice, rybnik, \u017cory, wodzis\u0142aw, tychy, b\u0119dzin, d\u0105browa g\u00f3rnicza, racib\u00f3rz, psz\u00f3w,    05.jpg\" width=\"680\" height=\"452\" class=\"aligncenter size-full wp-image-487\" srcset=\"http:\/\/www.naszdzien.com.pl\/blog\/wp-content\/uploads\/2010\/11\/zdj\u0119cia-fotograf-\u015blub-fotografia-gliwice-katowice-rybnik-\u017cory-wodzis\u0142aw-tychy-b\u0119dzin-d\u0105browa-g\u00f3rnicza-racib\u00f3rz-psz\u00f3w-05.jpg.jpg 680w, http:\/\/www.naszdzien.com.pl\/blog\/wp-content\/uploads\/2010\/11\/zdj\u0119cia-fotograf-\u015blub-fotografia-gliwice-katowice-rybnik-\u017cory-wodzis\u0142aw-tychy-b\u0119dzin-d\u0105browa-g\u00f3rnicza-racib\u00f3rz-psz\u00f3w-05.jpg-300x199.jpg 300w\" sizes=\"(max-width: 680px) 100vw, 680px\" \/><\/a><\/p>\n<p><a href=\"http:\/\/www.blog.naszdzien.com.pl\/wp-content\/uploads\/2010\/11\/zdj\u0119cia-fotograf-\u015blub-fotografia-gliwice-katowice-rybnik-\u017cory-wodzis\u0142aw-tychy-b\u0119dzin-d\u0105browa-g\u00f3rnicza-racib\u00f3rz-psz\u00f3w-06.jpg.jpg\"><img loading=\"lazy\" src=\"http:\/\/www.blog.naszdzien.com.pl\/wp-content\/uploads\/2010\/11\/zdj\u0119cia-fotograf-\u015blub-fotografia-gliwice-katowice-rybnik-\u017cory-wodzis\u0142aw-tychy-b\u0119dzin-d\u0105browa-g\u00f3rnicza-racib\u00f3rz-psz\u00f3w-06.jpg.jpg\" alt=\"\" title=\"zdj\u0119cia, fotograf, \u015blub, fotografia, gliwice, katowice, rybnik, \u017cory, wodzis\u0142aw, tychy, b\u0119dzin, d\u0105browa g\u00f3rnicza, racib\u00f3rz, psz\u00f3w,    06.jpg\" width=\"680\" height=\"453\" class=\"aligncenter size-full wp-image-488\" srcset=\"http:\/\/www.naszdzien.com.pl\/blog\/wp-content\/uploads\/2010\/11\/zdj\u0119cia-fotograf-\u015blub-fotografia-gliwice-katowice-rybnik-\u017cory-wodzis\u0142aw-tychy-b\u0119dzin-d\u0105browa-g\u00f3rnicza-racib\u00f3rz-psz\u00f3w-06.jpg.jpg 680w, http:\/\/www.naszdzien.com.pl\/blog\/wp-content\/uploads\/2010\/11\/zdj\u0119cia-fotograf-\u015blub-fotografia-gliwice-katowice-rybnik-\u017cory-wodzis\u0142aw-tychy-b\u0119dzin-d\u0105browa-g\u00f3rnicza-racib\u00f3rz-psz\u00f3w-06.jpg-300x199.jpg 300w\" sizes=\"(max-width: 680px) 100vw, 680px\" \/><\/a><\/p>\n<p><a href=\"http:\/\/www.blog.naszdzien.com.pl\/wp-content\/uploads\/2010\/11\/zdj\u0119cia-fotograf-\u015blub-fotografia-gliwice-katowice-rybnik-\u017cory-wodzis\u0142aw-tychy-b\u0119dzin-d\u0105browa-g\u00f3rnicza-racib\u00f3rz-psz\u00f3w-07.jpg.jpg\"><img loading=\"lazy\" src=\"http:\/\/www.blog.naszdzien.com.pl\/wp-content\/uploads\/2010\/11\/zdj\u0119cia-fotograf-\u015blub-fotografia-gliwice-katowice-rybnik-\u017cory-wodzis\u0142aw-tychy-b\u0119dzin-d\u0105browa-g\u00f3rnicza-racib\u00f3rz-psz\u00f3w-07.jpg.jpg\" alt=\"\" title=\"zdj\u0119cia, fotograf, \u015blub, fotografia, gliwice, katowice, rybnik, \u017cory, wodzis\u0142aw, tychy, b\u0119dzin, d\u0105browa g\u00f3rnicza, racib\u00f3rz, psz\u00f3w,    07.jpg\" width=\"680\" height=\"453\" class=\"aligncenter size-full wp-image-489\" srcset=\"http:\/\/www.naszdzien.com.pl\/blog\/wp-content\/uploads\/2010\/11\/zdj\u0119cia-fotograf-\u015blub-fotografia-gliwice-katowice-rybnik-\u017cory-wodzis\u0142aw-tychy-b\u0119dzin-d\u0105browa-g\u00f3rnicza-racib\u00f3rz-psz\u00f3w-07.jpg.jpg 680w, http:\/\/www.naszdzien.com.pl\/blog\/wp-content\/uploads\/2010\/11\/zdj\u0119cia-fotograf-\u015blub-fotografia-gliwice-katowice-rybnik-\u017cory-wodzis\u0142aw-tychy-b\u0119dzin-d\u0105browa-g\u00f3rnicza-racib\u00f3rz-psz\u00f3w-07.jpg-300x199.jpg 300w\" sizes=\"(max-width: 680px) 100vw, 680px\" \/><\/a><\/p>\n<p><a href=\"http:\/\/www.blog.naszdzien.com.pl\/wp-content\/uploads\/2010\/11\/zdj\u0119cia-fotograf-\u015blub-fotografia-gliwice-katowice-rybnik-\u017cory-wodzis\u0142aw-tychy-b\u0119dzin-d\u0105browa-g\u00f3rnicza-racib\u00f3rz-psz\u00f3w-08.jpg.jpg\"><img loading=\"lazy\" src=\"http:\/\/www.blog.naszdzien.com.pl\/wp-content\/uploads\/2010\/11\/zdj\u0119cia-fotograf-\u015blub-fotografia-gliwice-katowice-rybnik-\u017cory-wodzis\u0142aw-tychy-b\u0119dzin-d\u0105browa-g\u00f3rnicza-racib\u00f3rz-psz\u00f3w-08.jpg.jpg\" alt=\"\" title=\"zdj\u0119cia, fotograf, \u015blub, fotografia, gliwice, katowice, rybnik, \u017cory, wodzis\u0142aw, tychy, b\u0119dzin, d\u0105browa g\u00f3rnicza, racib\u00f3rz, psz\u00f3w,    08.jpg\" width=\"680\" height=\"453\" class=\"aligncenter size-full wp-image-490\" srcset=\"http:\/\/www.naszdzien.com.pl\/blog\/wp-content\/uploads\/2010\/11\/zdj\u0119cia-fotograf-\u015blub-fotografia-gliwice-katowice-rybnik-\u017cory-wodzis\u0142aw-tychy-b\u0119dzin-d\u0105browa-g\u00f3rnicza-racib\u00f3rz-psz\u00f3w-08.jpg.jpg 680w, http:\/\/www.naszdzien.com.pl\/blog\/wp-content\/uploads\/2010\/11\/zdj\u0119cia-fotograf-\u015blub-fotografia-gliwice-katowice-rybnik-\u017cory-wodzis\u0142aw-tychy-b\u0119dzin-d\u0105browa-g\u00f3rnicza-racib\u00f3rz-psz\u00f3w-08.jpg-300x199.jpg 300w\" sizes=\"(max-width: 680px) 100vw, 680px\" \/><\/a><\/p>\n<p><a href=\"http:\/\/www.blog.naszdzien.com.pl\/wp-content\/uploads\/2010\/11\/zdj\u0119cia-fotograf-\u015blub-fotografia-gliwice-katowice-rybnik-\u017cory-wodzis\u0142aw-tychy-b\u0119dzin-d\u0105browa-g\u00f3rnicza-racib\u00f3rz-psz\u00f3w-09.jpg.jpg\"><img loading=\"lazy\" src=\"http:\/\/www.blog.naszdzien.com.pl\/wp-content\/uploads\/2010\/11\/zdj\u0119cia-fotograf-\u015blub-fotografia-gliwice-katowice-rybnik-\u017cory-wodzis\u0142aw-tychy-b\u0119dzin-d\u0105browa-g\u00f3rnicza-racib\u00f3rz-psz\u00f3w-09.jpg.jpg\" alt=\"\" title=\"zdj\u0119cia, fotograf, \u015blub, fotografia, gliwice, katowice, rybnik, \u017cory, wodzis\u0142aw, tychy, b\u0119dzin, d\u0105browa g\u00f3rnicza, racib\u00f3rz, psz\u00f3w,    09.jpg\" width=\"680\" height=\"453\" class=\"aligncenter size-full wp-image-491\" srcset=\"http:\/\/www.naszdzien.com.pl\/blog\/wp-content\/uploads\/2010\/11\/zdj\u0119cia-fotograf-\u015blub-fotografia-gliwice-katowice-rybnik-\u017cory-wodzis\u0142aw-tychy-b\u0119dzin-d\u0105browa-g\u00f3rnicza-racib\u00f3rz-psz\u00f3w-09.jpg.jpg 680w, http:\/\/www.naszdzien.com.pl\/blog\/wp-content\/uploads\/2010\/11\/zdj\u0119cia-fotograf-\u015blub-fotografia-gliwice-katowice-rybnik-\u017cory-wodzis\u0142aw-tychy-b\u0119dzin-d\u0105browa-g\u00f3rnicza-racib\u00f3rz-psz\u00f3w-09.jpg-300x199.jpg 300w\" sizes=\"(max-width: 680px) 100vw, 680px\" \/><\/a><\/p>\n<p><a href=\"http:\/\/www.blog.naszdzien.com.pl\/wp-content\/uploads\/2010\/11\/zdj\u0119cia-fotograf-\u015blub-fotografia-gliwice-katowice-rybnik-\u017cory-wodzis\u0142aw-tychy-b\u0119dzin-d\u0105browa-g\u00f3rnicza-racib\u00f3rz-psz\u00f3w-10.jpg.jpg\"><img loading=\"lazy\" src=\"http:\/\/www.blog.naszdzien.com.pl\/wp-content\/uploads\/2010\/11\/zdj\u0119cia-fotograf-\u015blub-fotografia-gliwice-katowice-rybnik-\u017cory-wodzis\u0142aw-tychy-b\u0119dzin-d\u0105browa-g\u00f3rnicza-racib\u00f3rz-psz\u00f3w-10.jpg.jpg\" alt=\"\" title=\"zdj\u0119cia, fotograf, \u015blub, fotografia, gliwice, katowice, rybnik, \u017cory, wodzis\u0142aw, tychy, b\u0119dzin, d\u0105browa g\u00f3rnicza, racib\u00f3rz, psz\u00f3w,    10.jpg\" width=\"452\" height=\"680\" class=\"aligncenter size-full wp-image-492\" srcset=\"http:\/\/www.naszdzien.com.pl\/blog\/wp-content\/uploads\/2010\/11\/zdj\u0119cia-fotograf-\u015blub-fotografia-gliwice-katowice-rybnik-\u017cory-wodzis\u0142aw-tychy-b\u0119dzin-d\u0105browa-g\u00f3rnicza-racib\u00f3rz-psz\u00f3w-10.jpg.jpg 452w, http:\/\/www.naszdzien.com.pl\/blog\/wp-content\/uploads\/2010\/11\/zdj\u0119cia-fotograf-\u015blub-fotografia-gliwice-katowice-rybnik-\u017cory-wodzis\u0142aw-tychy-b\u0119dzin-d\u0105browa-g\u00f3rnicza-racib\u00f3rz-psz\u00f3w-10.jpg-199x300.jpg 199w\" sizes=\"(max-width: 452px) 100vw, 452px\" \/><\/a><\/p>\n<p><a href=\"http:\/\/www.blog.naszdzien.com.pl\/wp-content\/uploads\/2010\/11\/zdj\u0119cia-fotograf-\u015blub-fotografia-gliwice-katowice-rybnik-\u017cory-wodzis\u0142aw-tychy-b\u0119dzin-d\u0105browa-g\u00f3rnicza-racib\u00f3rz-psz\u00f3w-11.jpg.jpg\"><img loading=\"lazy\" src=\"http:\/\/www.blog.naszdzien.com.pl\/wp-content\/uploads\/2010\/11\/zdj\u0119cia-fotograf-\u015blub-fotografia-gliwice-katowice-rybnik-\u017cory-wodzis\u0142aw-tychy-b\u0119dzin-d\u0105browa-g\u00f3rnicza-racib\u00f3rz-psz\u00f3w-11.jpg.jpg\" alt=\"\" title=\"zdj\u0119cia, fotograf, \u015blub, fotografia, gliwice, katowice, rybnik, \u017cory, wodzis\u0142aw, tychy, b\u0119dzin, d\u0105browa g\u00f3rnicza, racib\u00f3rz, psz\u00f3w,    11.jpg\" width=\"680\" height=\"452\" class=\"aligncenter size-full wp-image-493\" srcset=\"http:\/\/www.naszdzien.com.pl\/blog\/wp-content\/uploads\/2010\/11\/zdj\u0119cia-fotograf-\u015blub-fotografia-gliwice-katowice-rybnik-\u017cory-wodzis\u0142aw-tychy-b\u0119dzin-d\u0105browa-g\u00f3rnicza-racib\u00f3rz-psz\u00f3w-11.jpg.jpg 680w, http:\/\/www.naszdzien.com.pl\/blog\/wp-content\/uploads\/2010\/11\/zdj\u0119cia-fotograf-\u015blub-fotografia-gliwice-katowice-rybnik-\u017cory-wodzis\u0142aw-tychy-b\u0119dzin-d\u0105browa-g\u00f3rnicza-racib\u00f3rz-psz\u00f3w-11.jpg-300x199.jpg 300w\" sizes=\"(max-width: 680px) 100vw, 680px\" \/><\/a><\/p>\n<p><a href=\"http:\/\/www.blog.naszdzien.com.pl\/wp-content\/uploads\/2010\/11\/zdj\u0119cia-fotograf-\u015blub-fotografia-gliwice-katowice-rybnik-\u017cory-wodzis\u0142aw-tychy-b\u0119dzin-d\u0105browa-g\u00f3rnicza-racib\u00f3rz-psz\u00f3w-12.jpg.jpg\"><img loading=\"lazy\" src=\"http:\/\/www.blog.naszdzien.com.pl\/wp-content\/uploads\/2010\/11\/zdj\u0119cia-fotograf-\u015blub-fotografia-gliwice-katowice-rybnik-\u017cory-wodzis\u0142aw-tychy-b\u0119dzin-d\u0105browa-g\u00f3rnicza-racib\u00f3rz-psz\u00f3w-12.jpg.jpg\" alt=\"\" title=\"zdj\u0119cia, fotograf, \u015blub, fotografia, gliwice, katowice, rybnik, \u017cory, wodzis\u0142aw, tychy, b\u0119dzin, d\u0105browa g\u00f3rnicza, racib\u00f3rz, psz\u00f3w,    12.jpg\" width=\"680\" height=\"454\" class=\"aligncenter size-full wp-image-494\" srcset=\"http:\/\/www.naszdzien.com.pl\/blog\/wp-content\/uploads\/2010\/11\/zdj\u0119cia-fotograf-\u015blub-fotografia-gliwice-katowice-rybnik-\u017cory-wodzis\u0142aw-tychy-b\u0119dzin-d\u0105browa-g\u00f3rnicza-racib\u00f3rz-psz\u00f3w-12.jpg.jpg 680w, http:\/\/www.naszdzien.com.pl\/blog\/wp-content\/uploads\/2010\/11\/zdj\u0119cia-fotograf-\u015blub-fotografia-gliwice-katowice-rybnik-\u017cory-wodzis\u0142aw-tychy-b\u0119dzin-d\u0105browa-g\u00f3rnicza-racib\u00f3rz-psz\u00f3w-12.jpg-300x200.jpg 300w\" sizes=\"(max-width: 680px) 100vw, 680px\" \/><\/a><\/p>\n<p><a href=\"http:\/\/www.blog.naszdzien.com.pl\/wp-content\/uploads\/2010\/11\/zdj\u0119cia-fotograf-\u015blub-fotografia-gliwice-katowice-rybnik-\u017cory-wodzis\u0142aw-tychy-b\u0119dzin-d\u0105browa-g\u00f3rnicza-racib\u00f3rz-psz\u00f3w-13.jpg.jpg\"><img loading=\"lazy\" src=\"http:\/\/www.blog.naszdzien.com.pl\/wp-content\/uploads\/2010\/11\/zdj\u0119cia-fotograf-\u015blub-fotografia-gliwice-katowice-rybnik-\u017cory-wodzis\u0142aw-tychy-b\u0119dzin-d\u0105browa-g\u00f3rnicza-racib\u00f3rz-psz\u00f3w-13.jpg.jpg\" alt=\"\" title=\"zdj\u0119cia, fotograf, \u015blub, fotografia, gliwice, katowice, rybnik, \u017cory, wodzis\u0142aw, tychy, b\u0119dzin, d\u0105browa g\u00f3rnicza, racib\u00f3rz, psz\u00f3w,    13.jpg\" width=\"680\" height=\"452\" class=\"aligncenter size-full wp-image-495\" srcset=\"http:\/\/www.naszdzien.com.pl\/blog\/wp-content\/uploads\/2010\/11\/zdj\u0119cia-fotograf-\u015blub-fotografia-gliwice-katowice-rybnik-\u017cory-wodzis\u0142aw-tychy-b\u0119dzin-d\u0105browa-g\u00f3rnicza-racib\u00f3rz-psz\u00f3w-13.jpg.jpg 680w, http:\/\/www.naszdzien.com.pl\/blog\/wp-content\/uploads\/2010\/11\/zdj\u0119cia-fotograf-\u015blub-fotografia-gliwice-katowice-rybnik-\u017cory-wodzis\u0142aw-tychy-b\u0119dzin-d\u0105browa-g\u00f3rnicza-racib\u00f3rz-psz\u00f3w-13.jpg-300x199.jpg 300w\" sizes=\"(max-width: 680px) 100vw, 680px\" \/><\/a><\/p>\n<p><a href=\"http:\/\/www.blog.naszdzien.com.pl\/wp-content\/uploads\/2010\/11\/zdj\u0119cia-fotograf-\u015blub-fotografia-gliwice-katowice-rybnik-\u017cory-wodzis\u0142aw-tychy-b\u0119dzin-d\u0105browa-g\u00f3rnicza-racib\u00f3rz-psz\u00f3w-14.jpg.jpg\"><img loading=\"lazy\" src=\"http:\/\/www.blog.naszdzien.com.pl\/wp-content\/uploads\/2010\/11\/zdj\u0119cia-fotograf-\u015blub-fotografia-gliwice-katowice-rybnik-\u017cory-wodzis\u0142aw-tychy-b\u0119dzin-d\u0105browa-g\u00f3rnicza-racib\u00f3rz-psz\u00f3w-14.jpg.jpg\" alt=\"\" title=\"zdj\u0119cia, fotograf, \u015blub, fotografia, gliwice, katowice, rybnik, \u017cory, wodzis\u0142aw, tychy, b\u0119dzin, d\u0105browa g\u00f3rnicza, racib\u00f3rz, psz\u00f3w,    14.jpg\" width=\"680\" height=\"452\" class=\"aligncenter size-full wp-image-496\" srcset=\"http:\/\/www.naszdzien.com.pl\/blog\/wp-content\/uploads\/2010\/11\/zdj\u0119cia-fotograf-\u015blub-fotografia-gliwice-katowice-rybnik-\u017cory-wodzis\u0142aw-tychy-b\u0119dzin-d\u0105browa-g\u00f3rnicza-racib\u00f3rz-psz\u00f3w-14.jpg.jpg 680w, http:\/\/www.naszdzien.com.pl\/blog\/wp-content\/uploads\/2010\/11\/zdj\u0119cia-fotograf-\u015blub-fotografia-gliwice-katowice-rybnik-\u017cory-wodzis\u0142aw-tychy-b\u0119dzin-d\u0105browa-g\u00f3rnicza-racib\u00f3rz-psz\u00f3w-14.jpg-300x199.jpg 300w\" sizes=\"(max-width: 680px) 100vw, 680px\" \/><\/a><\/p>\n<p><a href=\"http:\/\/www.blog.naszdzien.com.pl\/wp-content\/uploads\/2010\/11\/zdj\u0119cia-fotograf-\u015blub-fotografia-gliwice-katowice-rybnik-\u017cory-wodzis\u0142aw-tychy-b\u0119dzin-d\u0105browa-g\u00f3rnicza-racib\u00f3rz-psz\u00f3w-15.jpg.jpg\"><img loading=\"lazy\" src=\"http:\/\/www.blog.naszdzien.com.pl\/wp-content\/uploads\/2010\/11\/zdj\u0119cia-fotograf-\u015blub-fotografia-gliwice-katowice-rybnik-\u017cory-wodzis\u0142aw-tychy-b\u0119dzin-d\u0105browa-g\u00f3rnicza-racib\u00f3rz-psz\u00f3w-15.jpg.jpg\" alt=\"\" title=\"zdj\u0119cia, fotograf, \u015blub, fotografia, gliwice, katowice, rybnik, \u017cory, wodzis\u0142aw, tychy, b\u0119dzin, d\u0105browa g\u00f3rnicza, racib\u00f3rz, psz\u00f3w,    15.jpg\" width=\"680\" height=\"453\" class=\"aligncenter size-full wp-image-497\" srcset=\"http:\/\/www.naszdzien.com.pl\/blog\/wp-content\/uploads\/2010\/11\/zdj\u0119cia-fotograf-\u015blub-fotografia-gliwice-katowice-rybnik-\u017cory-wodzis\u0142aw-tychy-b\u0119dzin-d\u0105browa-g\u00f3rnicza-racib\u00f3rz-psz\u00f3w-15.jpg.jpg 680w, http:\/\/www.naszdzien.com.pl\/blog\/wp-content\/uploads\/2010\/11\/zdj\u0119cia-fotograf-\u015blub-fotografia-gliwice-katowice-rybnik-\u017cory-wodzis\u0142aw-tychy-b\u0119dzin-d\u0105browa-g\u00f3rnicza-racib\u00f3rz-psz\u00f3w-15.jpg-300x199.jpg 300w\" sizes=\"(max-width: 680px) 100vw, 680px\" \/><\/a><\/p>\n<p><a href=\"http:\/\/www.blog.naszdzien.com.pl\/wp-content\/uploads\/2010\/11\/zdj\u0119cia-fotograf-\u015blub-fotografia-gliwice-katowice-rybnik-\u017cory-wodzis\u0142aw-tychy-b\u0119dzin-d\u0105browa-g\u00f3rnicza-racib\u00f3rz-psz\u00f3w-16.jpg.jpg\"><img loading=\"lazy\" src=\"http:\/\/www.blog.naszdzien.com.pl\/wp-content\/uploads\/2010\/11\/zdj\u0119cia-fotograf-\u015blub-fotografia-gliwice-katowice-rybnik-\u017cory-wodzis\u0142aw-tychy-b\u0119dzin-d\u0105browa-g\u00f3rnicza-racib\u00f3rz-psz\u00f3w-16.jpg.jpg\" alt=\"\" title=\"zdj\u0119cia, fotograf, \u015blub, fotografia, gliwice, katowice, rybnik, \u017cory, wodzis\u0142aw, tychy, b\u0119dzin, d\u0105browa g\u00f3rnicza, racib\u00f3rz, psz\u00f3w,    16.jpg\" width=\"680\" height=\"452\" class=\"aligncenter size-full wp-image-498\" srcset=\"http:\/\/www.naszdzien.com.pl\/blog\/wp-content\/uploads\/2010\/11\/zdj\u0119cia-fotograf-\u015blub-fotografia-gliwice-katowice-rybnik-\u017cory-wodzis\u0142aw-tychy-b\u0119dzin-d\u0105browa-g\u00f3rnicza-racib\u00f3rz-psz\u00f3w-16.jpg.jpg 680w, http:\/\/www.naszdzien.com.pl\/blog\/wp-content\/uploads\/2010\/11\/zdj\u0119cia-fotograf-\u015blub-fotografia-gliwice-katowice-rybnik-\u017cory-wodzis\u0142aw-tychy-b\u0119dzin-d\u0105browa-g\u00f3rnicza-racib\u00f3rz-psz\u00f3w-16.jpg-300x199.jpg 300w\" sizes=\"(max-width: 680px) 100vw, 680px\" \/><\/a><\/p>\n<p><a href=\"http:\/\/www.blog.naszdzien.com.pl\/wp-content\/uploads\/2010\/11\/zdj\u0119cia-fotograf-\u015blub-fotografia-gliwice-katowice-rybnik-\u017cory-wodzis\u0142aw-tychy-b\u0119dzin-d\u0105browa-g\u00f3rnicza-racib\u00f3rz-psz\u00f3w-17.jpg.jpg\"><img loading=\"lazy\" src=\"http:\/\/www.blog.naszdzien.com.pl\/wp-content\/uploads\/2010\/11\/zdj\u0119cia-fotograf-\u015blub-fotografia-gliwice-katowice-rybnik-\u017cory-wodzis\u0142aw-tychy-b\u0119dzin-d\u0105browa-g\u00f3rnicza-racib\u00f3rz-psz\u00f3w-17.jpg.jpg\" alt=\"\" title=\"zdj\u0119cia, fotograf, \u015blub, fotografia, gliwice, katowice, rybnik, \u017cory, wodzis\u0142aw, tychy, b\u0119dzin, d\u0105browa g\u00f3rnicza, racib\u00f3rz, psz\u00f3w,    17.jpg\" width=\"680\" height=\"452\" class=\"aligncenter size-full wp-image-499\" srcset=\"http:\/\/www.naszdzien.com.pl\/blog\/wp-content\/uploads\/2010\/11\/zdj\u0119cia-fotograf-\u015blub-fotografia-gliwice-katowice-rybnik-\u017cory-wodzis\u0142aw-tychy-b\u0119dzin-d\u0105browa-g\u00f3rnicza-racib\u00f3rz-psz\u00f3w-17.jpg.jpg 680w, http:\/\/www.naszdzien.com.pl\/blog\/wp-content\/uploads\/2010\/11\/zdj\u0119cia-fotograf-\u015blub-fotografia-gliwice-katowice-rybnik-\u017cory-wodzis\u0142aw-tychy-b\u0119dzin-d\u0105browa-g\u00f3rnicza-racib\u00f3rz-psz\u00f3w-17.jpg-300x199.jpg 300w\" sizes=\"(max-width: 680px) 100vw, 680px\" \/><\/a><\/p>\n<p><a href=\"http:\/\/www.blog.naszdzien.com.pl\/wp-content\/uploads\/2010\/11\/zdj\u0119cia-fotograf-\u015blub-fotografia-gliwice-katowice-rybnik-\u017cory-wodzis\u0142aw-tychy-b\u0119dzin-d\u0105browa-g\u00f3rnicza-racib\u00f3rz-psz\u00f3w-18.jpg.jpg\"><img loading=\"lazy\" src=\"http:\/\/www.blog.naszdzien.com.pl\/wp-content\/uploads\/2010\/11\/zdj\u0119cia-fotograf-\u015blub-fotografia-gliwice-katowice-rybnik-\u017cory-wodzis\u0142aw-tychy-b\u0119dzin-d\u0105browa-g\u00f3rnicza-racib\u00f3rz-psz\u00f3w-18.jpg.jpg\" alt=\"\" title=\"zdj\u0119cia, fotograf, \u015blub, fotografia, gliwice, katowice, rybnik, \u017cory, wodzis\u0142aw, tychy, b\u0119dzin, d\u0105browa g\u00f3rnicza, racib\u00f3rz, psz\u00f3w,    18.jpg\" width=\"680\" height=\"452\" class=\"aligncenter size-full wp-image-500\" srcset=\"http:\/\/www.naszdzien.com.pl\/blog\/wp-content\/uploads\/2010\/11\/zdj\u0119cia-fotograf-\u015blub-fotografia-gliwice-katowice-rybnik-\u017cory-wodzis\u0142aw-tychy-b\u0119dzin-d\u0105browa-g\u00f3rnicza-racib\u00f3rz-psz\u00f3w-18.jpg.jpg 680w, http:\/\/www.naszdzien.com.pl\/blog\/wp-content\/uploads\/2010\/11\/zdj\u0119cia-fotograf-\u015blub-fotografia-gliwice-katowice-rybnik-\u017cory-wodzis\u0142aw-tychy-b\u0119dzin-d\u0105browa-g\u00f3rnicza-racib\u00f3rz-psz\u00f3w-18.jpg-300x199.jpg 300w\" sizes=\"(max-width: 680px) 100vw, 680px\" \/><\/a><\/p>\n<p><a href=\"http:\/\/www.blog.naszdzien.com.pl\/wp-content\/uploads\/2010\/11\/zdj\u0119cia-fotograf-\u015blub-fotografia-gliwice-katowice-rybnik-\u017cory-wodzis\u0142aw-tychy-b\u0119dzin-d\u0105browa-g\u00f3rnicza-racib\u00f3rz-psz\u00f3w-19.jpg.jpg\"><img loading=\"lazy\" src=\"http:\/\/www.blog.naszdzien.com.pl\/wp-content\/uploads\/2010\/11\/zdj\u0119cia-fotograf-\u015blub-fotografia-gliwice-katowice-rybnik-\u017cory-wodzis\u0142aw-tychy-b\u0119dzin-d\u0105browa-g\u00f3rnicza-racib\u00f3rz-psz\u00f3w-19.jpg.jpg\" alt=\"\" title=\"zdj\u0119cia, fotograf, \u015blub, fotografia, gliwice, katowice, rybnik, \u017cory, wodzis\u0142aw, tychy, b\u0119dzin, d\u0105browa g\u00f3rnicza, racib\u00f3rz, psz\u00f3w,    19.jpg\" width=\"680\" height=\"452\" class=\"aligncenter size-full wp-image-501\" srcset=\"http:\/\/www.naszdzien.com.pl\/blog\/wp-content\/uploads\/2010\/11\/zdj\u0119cia-fotograf-\u015blub-fotografia-gliwice-katowice-rybnik-\u017cory-wodzis\u0142aw-tychy-b\u0119dzin-d\u0105browa-g\u00f3rnicza-racib\u00f3rz-psz\u00f3w-19.jpg.jpg 680w, http:\/\/www.naszdzien.com.pl\/blog\/wp-content\/uploads\/2010\/11\/zdj\u0119cia-fotograf-\u015blub-fotografia-gliwice-katowice-rybnik-\u017cory-wodzis\u0142aw-tychy-b\u0119dzin-d\u0105browa-g\u00f3rnicza-racib\u00f3rz-psz\u00f3w-19.jpg-300x199.jpg 300w\" sizes=\"(max-width: 680px) 100vw, 680px\" \/><\/a><\/p>\n<p><a href=\"http:\/\/www.blog.naszdzien.com.pl\/wp-content\/uploads\/2010\/11\/zdj\u0119cia-fotograf-\u015blub-fotografia-gliwice-katowice-rybnik-\u017cory-wodzis\u0142aw-tychy-b\u0119dzin-d\u0105browa-g\u00f3rnicza-racib\u00f3rz-psz\u00f3w-20.jpg.jpg\"><img loading=\"lazy\" src=\"http:\/\/www.blog.naszdzien.com.pl\/wp-content\/uploads\/2010\/11\/zdj\u0119cia-fotograf-\u015blub-fotografia-gliwice-katowice-rybnik-\u017cory-wodzis\u0142aw-tychy-b\u0119dzin-d\u0105browa-g\u00f3rnicza-racib\u00f3rz-psz\u00f3w-20.jpg.jpg\" alt=\"\" title=\"zdj\u0119cia, fotograf, \u015blub, fotografia, gliwice, katowice, rybnik, \u017cory, wodzis\u0142aw, tychy, b\u0119dzin, d\u0105browa g\u00f3rnicza, racib\u00f3rz, psz\u00f3w,    20.jpg\" width=\"680\" height=\"452\" class=\"aligncenter size-full wp-image-502\" srcset=\"http:\/\/www.naszdzien.com.pl\/blog\/wp-content\/uploads\/2010\/11\/zdj\u0119cia-fotograf-\u015blub-fotografia-gliwice-katowice-rybnik-\u017cory-wodzis\u0142aw-tychy-b\u0119dzin-d\u0105browa-g\u00f3rnicza-racib\u00f3rz-psz\u00f3w-20.jpg.jpg 680w, http:\/\/www.naszdzien.com.pl\/blog\/wp-content\/uploads\/2010\/11\/zdj\u0119cia-fotograf-\u015blub-fotografia-gliwice-katowice-rybnik-\u017cory-wodzis\u0142aw-tychy-b\u0119dzin-d\u0105browa-g\u00f3rnicza-racib\u00f3rz-psz\u00f3w-20.jpg-300x199.jpg 300w\" sizes=\"(max-width: 680px) 100vw, 680px\" \/><\/a><\/p>\n<p><a href=\"http:\/\/www.blog.naszdzien.com.pl\/wp-content\/uploads\/2010\/11\/zdj\u0119cia-fotograf-\u015blub-fotografia-gliwice-katowice-rybnik-\u017cory-wodzis\u0142aw-tychy-b\u0119dzin-d\u0105browa-g\u00f3rnicza-racib\u00f3rz-psz\u00f3w-21.jpg.jpg\"><img loading=\"lazy\" src=\"http:\/\/www.blog.naszdzien.com.pl\/wp-content\/uploads\/2010\/11\/zdj\u0119cia-fotograf-\u015blub-fotografia-gliwice-katowice-rybnik-\u017cory-wodzis\u0142aw-tychy-b\u0119dzin-d\u0105browa-g\u00f3rnicza-racib\u00f3rz-psz\u00f3w-21.jpg.jpg\" alt=\"\" title=\"zdj\u0119cia, fotograf, \u015blub, fotografia, gliwice, katowice, rybnik, \u017cory, wodzis\u0142aw, tychy, b\u0119dzin, d\u0105browa g\u00f3rnicza, racib\u00f3rz, psz\u00f3w,    21.jpg\" width=\"453\" height=\"680\" class=\"aligncenter size-full wp-image-503\" srcset=\"http:\/\/www.naszdzien.com.pl\/blog\/wp-content\/uploads\/2010\/11\/zdj\u0119cia-fotograf-\u015blub-fotografia-gliwice-katowice-rybnik-\u017cory-wodzis\u0142aw-tychy-b\u0119dzin-d\u0105browa-g\u00f3rnicza-racib\u00f3rz-psz\u00f3w-21.jpg.jpg 453w, http:\/\/www.naszdzien.com.pl\/blog\/wp-content\/uploads\/2010\/11\/zdj\u0119cia-fotograf-\u015blub-fotografia-gliwice-katowice-rybnik-\u017cory-wodzis\u0142aw-tychy-b\u0119dzin-d\u0105browa-g\u00f3rnicza-racib\u00f3rz-psz\u00f3w-21.jpg-199x300.jpg 199w\" sizes=\"(max-width: 453px) 100vw, 453px\" \/><\/a><\/p>\n<p><a href=\"http:\/\/www.blog.naszdzien.com.pl\/wp-content\/uploads\/2010\/11\/zdj\u0119cia-fotograf-\u015blub-fotografia-gliwice-katowice-rybnik-\u017cory-wodzis\u0142aw-tychy-b\u0119dzin-d\u0105browa-g\u00f3rnicza-racib\u00f3rz-psz\u00f3w-22.jpg.jpg\"><img loading=\"lazy\" src=\"http:\/\/www.blog.naszdzien.com.pl\/wp-content\/uploads\/2010\/11\/zdj\u0119cia-fotograf-\u015blub-fotografia-gliwice-katowice-rybnik-\u017cory-wodzis\u0142aw-tychy-b\u0119dzin-d\u0105browa-g\u00f3rnicza-racib\u00f3rz-psz\u00f3w-22.jpg.jpg\" alt=\"\" title=\"zdj\u0119cia, fotograf, \u015blub, fotografia, gliwice, katowice, rybnik, \u017cory, wodzis\u0142aw, tychy, b\u0119dzin, d\u0105browa g\u00f3rnicza, racib\u00f3rz, psz\u00f3w,    22.jpg\" width=\"680\" height=\"453\" class=\"aligncenter size-full wp-image-504\" srcset=\"http:\/\/www.naszdzien.com.pl\/blog\/wp-content\/uploads\/2010\/11\/zdj\u0119cia-fotograf-\u015blub-fotografia-gliwice-katowice-rybnik-\u017cory-wodzis\u0142aw-tychy-b\u0119dzin-d\u0105browa-g\u00f3rnicza-racib\u00f3rz-psz\u00f3w-22.jpg.jpg 680w, http:\/\/www.naszdzien.com.pl\/blog\/wp-content\/uploads\/2010\/11\/zdj\u0119cia-fotograf-\u015blub-fotografia-gliwice-katowice-rybnik-\u017cory-wodzis\u0142aw-tychy-b\u0119dzin-d\u0105browa-g\u00f3rnicza-racib\u00f3rz-psz\u00f3w-22.jpg-300x199.jpg 300w\" sizes=\"(max-width: 680px) 100vw, 680px\" \/><\/a><\/p>\n","protected":false},"excerpt":{"rendered":"<p>A oto kolejna szalona parka minionego sezonu \ud83d\ude42 Zamiast traci\u0107 czas na wyszukane miejsce skorzystali\u015bmy z czystej natury oraz temperamentu Doroty i Dawida :). Bawili\u015bmy si\u0119 &#8222;przednio&#8221; podczas sesji zdj\u0119ciowej, a i historyczna bryka &#8222;warszawa&#8221; te\u017c da\u0142a rad\u0119&#8230; Pozdrawiam Was.<\/p>\n","protected":false},"author":1,"featured_media":671,"comment_status":"open","ping_status":"closed","sticky":false,"template":"","format":"standard","meta":[],"categories":[5],"tags":[26,10,17,39,40,16,37,18,11,19,14,41,48,21,38,86,65,66,12,15,36,29,9,7,46,44,43,23,13,22,24,45],"_links":{"self":[{"href":"http:\/\/www.naszdzien.com.pl\/blog\/wp-json\/wp\/v2\/posts\/505"}],"collection":[{"href":"http:\/\/www.naszdzien.com.pl\/blog\/wp-json\/wp\/v2\/posts"}],"about":[{"href":"http:\/\/www.naszdzien.com.pl\/blog\/wp-json\/wp\/v2\/types\/post"}],"author":[{"embeddable":true,"href":"http:\/\/www.naszdzien.com.pl\/blog\/wp-json\/wp\/v2\/users\/1"}],"replies":[{"embeddable":true,"href":"http:\/\/www.naszdzien.com.pl\/blog\/wp-json\/wp\/v2\/comments?post=505"}],"version-history":[{"count":16,"href":"http:\/\/www.naszdzien.com.pl\/blog\/wp-json\/wp\/v2\/posts\/505\/revisions"}],"predecessor-version":[{"id":846,"href":"http:\/\/www.naszdzien.com.pl\/blog\/wp-json\/wp\/v2\/posts\/505\/revisions\/846"}],"wp:featuredmedia":[{"embeddable":true,"href":"http:\/\/www.naszdzien.com.pl\/blog\/wp-json\/wp\/v2\/media\/671"}],"wp:attachment":[{"href":"http:\/\/www.naszdzien.com.pl\/blog\/wp-json\/wp\/v2\/media?parent=505"}],"wp:term":[{"taxonomy":"category","embeddable":true,"href":"http:\/\/www.naszdzien.com.pl\/blog\/wp-json\/wp\/v2\/categories?post=505"},{"taxonomy":"post_tag","embeddable":true,"href":"http:\/\/www.naszdzien.com.pl\/blog\/wp-json\/wp\/v2\/tags?post=505"}],"curies":[{"name":"wp","href":"https:\/\/api.w.org\/{rel}","templated":true}]}}