{"id":509,"date":"2010-12-07T17:39:06","date_gmt":"2010-12-07T17:39:06","guid":{"rendered":"http:\/\/www.fotograf-tomaszkojtek.pl\/?p=509"},"modified":"2011-04-08T14:48:51","modified_gmt":"2011-04-08T14:48:51","slug":"slub-moniki-i-michala","status":"publish","type":"post","link":"http:\/\/www.naszdzien.com.pl\/blog\/slub-moniki-i-michala\/","title":{"rendered":"Monika i Micha\u0142 | sesja \u015blubna Gliwice"},"content":{"rendered":"<p>Kameralny \u015blubik sympatycznej parki z Londynu. Niestety nie mieli szcz\u0119\u015bcia do pogody, podczas sesji musieli\u015bmy goni\u0107 si\u0119 z nadchodz\u0105cymi deszczowymi chmurami. I uda\u0142o si\u0119 \ud83d\ude42 Praktycznie zaraz po zako\u0144czeniu zdj\u0119\u0107 pogoda ca\u0142kowicie si\u0119 za\u0142ama\u0142a i zacz\u0119\u0142o la\u0107. Ufff&#8230;<br \/>\nSesj\u0119 uwa\u017cam za bardzo udan\u0105.<br \/>\nPozdrawiam Monik\u0119 i Micha\u0142a.<\/p>\n<p><a href=\"http:\/\/www.blog.naszdzien.com.pl\/wp-content\/uploads\/2010\/12\/01_zdj\u0119cia-fotograf-\u015blub-Racib\u00f3rz-Rybnik-\u017bory-Wodzis\u0142aw-Psz\u00f3w-G\u0142ubczyce-Gliwice-Katowice-Tychy.jpg\"><img loading=\"lazy\" src=\"http:\/\/www.blog.naszdzien.com.pl\/wp-content\/uploads\/2010\/12\/01_zdj\u0119cia-fotograf-\u015blub-Racib\u00f3rz-Rybnik-\u017bory-Wodzis\u0142aw-Psz\u00f3w-G\u0142ubczyce-Gliwice-Katowice-Tychy.jpg\" alt=\"\" title=\"01_zdj\u0119cia fotograf \u015blub Racib\u00f3rz Rybnik \u017bory Wodzis\u0142aw Psz\u00f3w G\u0142ubczyce Gliwice Katowice Tychy\" width=\"640\" height=\"427\" class=\"aligncenter size-full wp-image-510\" srcset=\"http:\/\/www.naszdzien.com.pl\/blog\/wp-content\/uploads\/2010\/12\/01_zdj\u0119cia-fotograf-\u015blub-Racib\u00f3rz-Rybnik-\u017bory-Wodzis\u0142aw-Psz\u00f3w-G\u0142ubczyce-Gliwice-Katowice-Tychy.jpg 640w, http:\/\/www.naszdzien.com.pl\/blog\/wp-content\/uploads\/2010\/12\/01_zdj\u0119cia-fotograf-\u015blub-Racib\u00f3rz-Rybnik-\u017bory-Wodzis\u0142aw-Psz\u00f3w-G\u0142ubczyce-Gliwice-Katowice-Tychy-300x200.jpg 300w\" sizes=\"(max-width: 640px) 100vw, 640px\" \/><\/a><\/p>\n<p><a href=\"http:\/\/www.blog.naszdzien.com.pl\/wp-content\/uploads\/2010\/12\/02_zdj\u0119cia-fotograf-\u015blub-Racib\u00f3rz-Rybnik-\u017bory-Wodzis\u0142aw-Psz\u00f3w-G\u0142ubczyce-Gliwice-Katowice-Tychy.jpg\"><img loading=\"lazy\" src=\"http:\/\/www.blog.naszdzien.com.pl\/wp-content\/uploads\/2010\/12\/02_zdj\u0119cia-fotograf-\u015blub-Racib\u00f3rz-Rybnik-\u017bory-Wodzis\u0142aw-Psz\u00f3w-G\u0142ubczyce-Gliwice-Katowice-Tychy.jpg\" alt=\"\" title=\"02_zdj\u0119cia fotograf \u015blub Racib\u00f3rz Rybnik \u017bory Wodzis\u0142aw Psz\u00f3w G\u0142ubczyce Gliwice Katowice Tychy\" width=\"640\" height=\"427\" class=\"aligncenter size-full wp-image-511\" srcset=\"http:\/\/www.naszdzien.com.pl\/blog\/wp-content\/uploads\/2010\/12\/02_zdj\u0119cia-fotograf-\u015blub-Racib\u00f3rz-Rybnik-\u017bory-Wodzis\u0142aw-Psz\u00f3w-G\u0142ubczyce-Gliwice-Katowice-Tychy.jpg 640w, http:\/\/www.naszdzien.com.pl\/blog\/wp-content\/uploads\/2010\/12\/02_zdj\u0119cia-fotograf-\u015blub-Racib\u00f3rz-Rybnik-\u017bory-Wodzis\u0142aw-Psz\u00f3w-G\u0142ubczyce-Gliwice-Katowice-Tychy-300x200.jpg 300w\" sizes=\"(max-width: 640px) 100vw, 640px\" \/><\/a><\/p>\n<p><a href=\"http:\/\/www.blog.naszdzien.com.pl\/wp-content\/uploads\/2010\/12\/03_zdj\u0119cia-fotograf-\u015blub-Racib\u00f3rz-Rybnik-\u017bory-Wodzis\u0142aw-Psz\u00f3w-G\u0142ubczyce-Gliwice-Katowice-Tychy.jpg\"><img loading=\"lazy\" src=\"http:\/\/www.blog.naszdzien.com.pl\/wp-content\/uploads\/2010\/12\/03_zdj\u0119cia-fotograf-\u015blub-Racib\u00f3rz-Rybnik-\u017bory-Wodzis\u0142aw-Psz\u00f3w-G\u0142ubczyce-Gliwice-Katowice-Tychy.jpg\" alt=\"\" title=\"03_zdj\u0119cia fotograf \u015blub Racib\u00f3rz Rybnik \u017bory Wodzis\u0142aw Psz\u00f3w G\u0142ubczyce Gliwice Katowice Tychy\" width=\"426\" height=\"640\" class=\"aligncenter size-full wp-image-512\" srcset=\"http:\/\/www.naszdzien.com.pl\/blog\/wp-content\/uploads\/2010\/12\/03_zdj\u0119cia-fotograf-\u015blub-Racib\u00f3rz-Rybnik-\u017bory-Wodzis\u0142aw-Psz\u00f3w-G\u0142ubczyce-Gliwice-Katowice-Tychy.jpg 426w, http:\/\/www.naszdzien.com.pl\/blog\/wp-content\/uploads\/2010\/12\/03_zdj\u0119cia-fotograf-\u015blub-Racib\u00f3rz-Rybnik-\u017bory-Wodzis\u0142aw-Psz\u00f3w-G\u0142ubczyce-Gliwice-Katowice-Tychy-199x300.jpg 199w\" sizes=\"(max-width: 426px) 100vw, 426px\" \/><\/a><\/p>\n<p><a href=\"http:\/\/www.blog.naszdzien.com.pl\/wp-content\/uploads\/2010\/12\/04_zdj\u0119cia-fotograf-\u015blub-Racib\u00f3rz-Rybnik-\u017bory-Wodzis\u0142aw-Psz\u00f3w-G\u0142ubczyce-Gliwice-Katowice-Tychy.jpg\"><img loading=\"lazy\" src=\"http:\/\/www.blog.naszdzien.com.pl\/wp-content\/uploads\/2010\/12\/04_zdj\u0119cia-fotograf-\u015blub-Racib\u00f3rz-Rybnik-\u017bory-Wodzis\u0142aw-Psz\u00f3w-G\u0142ubczyce-Gliwice-Katowice-Tychy.jpg\" alt=\"\" title=\"04_zdj\u0119cia fotograf \u015blub Racib\u00f3rz Rybnik \u017bory Wodzis\u0142aw Psz\u00f3w G\u0142ubczyce Gliwice Katowice Tychy\" width=\"427\" height=\"640\" class=\"aligncenter size-full wp-image-513\" srcset=\"http:\/\/www.naszdzien.com.pl\/blog\/wp-content\/uploads\/2010\/12\/04_zdj\u0119cia-fotograf-\u015blub-Racib\u00f3rz-Rybnik-\u017bory-Wodzis\u0142aw-Psz\u00f3w-G\u0142ubczyce-Gliwice-Katowice-Tychy.jpg 427w, http:\/\/www.naszdzien.com.pl\/blog\/wp-content\/uploads\/2010\/12\/04_zdj\u0119cia-fotograf-\u015blub-Racib\u00f3rz-Rybnik-\u017bory-Wodzis\u0142aw-Psz\u00f3w-G\u0142ubczyce-Gliwice-Katowice-Tychy-200x300.jpg 200w\" sizes=\"(max-width: 427px) 100vw, 427px\" \/><\/a><\/p>\n<p><a href=\"http:\/\/www.blog.naszdzien.com.pl\/wp-content\/uploads\/2010\/12\/05_zdj\u0119cia-fotograf-\u015blub-Racib\u00f3rz-Rybnik-\u017bory-Wodzis\u0142aw-Psz\u00f3w-G\u0142ubczyce-Gliwice-Katowice-Tychy.jpg\"><img loading=\"lazy\" src=\"http:\/\/www.blog.naszdzien.com.pl\/wp-content\/uploads\/2010\/12\/05_zdj\u0119cia-fotograf-\u015blub-Racib\u00f3rz-Rybnik-\u017bory-Wodzis\u0142aw-Psz\u00f3w-G\u0142ubczyce-Gliwice-Katowice-Tychy.jpg\" alt=\"\" title=\"05_zdj\u0119cia fotograf \u015blub Racib\u00f3rz Rybnik \u017bory Wodzis\u0142aw Psz\u00f3w G\u0142ubczyce Gliwice Katowice Tychy\" width=\"640\" height=\"426\" class=\"aligncenter size-full wp-image-514\" srcset=\"http:\/\/www.naszdzien.com.pl\/blog\/wp-content\/uploads\/2010\/12\/05_zdj\u0119cia-fotograf-\u015blub-Racib\u00f3rz-Rybnik-\u017bory-Wodzis\u0142aw-Psz\u00f3w-G\u0142ubczyce-Gliwice-Katowice-Tychy.jpg 640w, http:\/\/www.naszdzien.com.pl\/blog\/wp-content\/uploads\/2010\/12\/05_zdj\u0119cia-fotograf-\u015blub-Racib\u00f3rz-Rybnik-\u017bory-Wodzis\u0142aw-Psz\u00f3w-G\u0142ubczyce-Gliwice-Katowice-Tychy-300x199.jpg 300w\" sizes=\"(max-width: 640px) 100vw, 640px\" \/><\/a><\/p>\n<p><a href=\"http:\/\/www.blog.naszdzien.com.pl\/wp-content\/uploads\/2010\/12\/06_zdj\u0119cia-fotograf-\u015blub-Racib\u00f3rz-Rybnik-\u017bory-Wodzis\u0142aw-Psz\u00f3w-G\u0142ubczyce-Gliwice-Katowice-Tychy.jpg\"><img loading=\"lazy\" src=\"http:\/\/www.blog.naszdzien.com.pl\/wp-content\/uploads\/2010\/12\/06_zdj\u0119cia-fotograf-\u015blub-Racib\u00f3rz-Rybnik-\u017bory-Wodzis\u0142aw-Psz\u00f3w-G\u0142ubczyce-Gliwice-Katowice-Tychy.jpg\" alt=\"\" title=\"06_zdj\u0119cia fotograf \u015blub Racib\u00f3rz Rybnik \u017bory Wodzis\u0142aw Psz\u00f3w G\u0142ubczyce Gliwice Katowice Tychy\" width=\"640\" height=\"426\" class=\"aligncenter size-full wp-image-515\" srcset=\"http:\/\/www.naszdzien.com.pl\/blog\/wp-content\/uploads\/2010\/12\/06_zdj\u0119cia-fotograf-\u015blub-Racib\u00f3rz-Rybnik-\u017bory-Wodzis\u0142aw-Psz\u00f3w-G\u0142ubczyce-Gliwice-Katowice-Tychy.jpg 640w, http:\/\/www.naszdzien.com.pl\/blog\/wp-content\/uploads\/2010\/12\/06_zdj\u0119cia-fotograf-\u015blub-Racib\u00f3rz-Rybnik-\u017bory-Wodzis\u0142aw-Psz\u00f3w-G\u0142ubczyce-Gliwice-Katowice-Tychy-300x199.jpg 300w\" sizes=\"(max-width: 640px) 100vw, 640px\" \/><\/a><\/p>\n<p><a href=\"http:\/\/www.blog.naszdzien.com.pl\/wp-content\/uploads\/2010\/12\/07_zdj\u0119cia-fotograf-\u015blub-Racib\u00f3rz-Rybnik-\u017bory-Wodzis\u0142aw-Psz\u00f3w-G\u0142ubczyce-Gliwice-Katowice-Tychy.jpg\"><img loading=\"lazy\" src=\"http:\/\/www.blog.naszdzien.com.pl\/wp-content\/uploads\/2010\/12\/07_zdj\u0119cia-fotograf-\u015blub-Racib\u00f3rz-Rybnik-\u017bory-Wodzis\u0142aw-Psz\u00f3w-G\u0142ubczyce-Gliwice-Katowice-Tychy.jpg\" alt=\"\" title=\"07_zdj\u0119cia fotograf \u015blub Racib\u00f3rz Rybnik \u017bory Wodzis\u0142aw Psz\u00f3w G\u0142ubczyce Gliwice Katowice Tychy\" width=\"640\" height=\"426\" class=\"aligncenter size-full wp-image-516\" srcset=\"http:\/\/www.naszdzien.com.pl\/blog\/wp-content\/uploads\/2010\/12\/07_zdj\u0119cia-fotograf-\u015blub-Racib\u00f3rz-Rybnik-\u017bory-Wodzis\u0142aw-Psz\u00f3w-G\u0142ubczyce-Gliwice-Katowice-Tychy.jpg 640w, http:\/\/www.naszdzien.com.pl\/blog\/wp-content\/uploads\/2010\/12\/07_zdj\u0119cia-fotograf-\u015blub-Racib\u00f3rz-Rybnik-\u017bory-Wodzis\u0142aw-Psz\u00f3w-G\u0142ubczyce-Gliwice-Katowice-Tychy-300x199.jpg 300w\" sizes=\"(max-width: 640px) 100vw, 640px\" \/><\/a><\/p>\n<p><a href=\"http:\/\/www.blog.naszdzien.com.pl\/wp-content\/uploads\/2010\/12\/08_zdj\u0119cia-fotograf-\u015blub-Racib\u00f3rz-Rybnik-\u017bory-Wodzis\u0142aw-Psz\u00f3w-G\u0142ubczyce-Gliwice-Katowice-Tychy.jpg\"><img loading=\"lazy\" src=\"http:\/\/www.blog.naszdzien.com.pl\/wp-content\/uploads\/2010\/12\/08_zdj\u0119cia-fotograf-\u015blub-Racib\u00f3rz-Rybnik-\u017bory-Wodzis\u0142aw-Psz\u00f3w-G\u0142ubczyce-Gliwice-Katowice-Tychy.jpg\" alt=\"\" title=\"08_zdj\u0119cia fotograf \u015blub Racib\u00f3rz Rybnik \u017bory Wodzis\u0142aw Psz\u00f3w G\u0142ubczyce Gliwice Katowice Tychy\" width=\"426\" height=\"640\" class=\"aligncenter size-full wp-image-517\" srcset=\"http:\/\/www.naszdzien.com.pl\/blog\/wp-content\/uploads\/2010\/12\/08_zdj\u0119cia-fotograf-\u015blub-Racib\u00f3rz-Rybnik-\u017bory-Wodzis\u0142aw-Psz\u00f3w-G\u0142ubczyce-Gliwice-Katowice-Tychy.jpg 426w, http:\/\/www.naszdzien.com.pl\/blog\/wp-content\/uploads\/2010\/12\/08_zdj\u0119cia-fotograf-\u015blub-Racib\u00f3rz-Rybnik-\u017bory-Wodzis\u0142aw-Psz\u00f3w-G\u0142ubczyce-Gliwice-Katowice-Tychy-199x300.jpg 199w\" sizes=\"(max-width: 426px) 100vw, 426px\" \/><\/a><\/p>\n<p><a href=\"http:\/\/www.blog.naszdzien.com.pl\/wp-content\/uploads\/2010\/12\/09_zdj\u0119cia-fotograf-\u015blub-Racib\u00f3rz-Rybnik-\u017bory-Wodzis\u0142aw-Psz\u00f3w-G\u0142ubczyce-Gliwice-Katowice-Tychy.jpg\"><img loading=\"lazy\" src=\"http:\/\/www.blog.naszdzien.com.pl\/wp-content\/uploads\/2010\/12\/09_zdj\u0119cia-fotograf-\u015blub-Racib\u00f3rz-Rybnik-\u017bory-Wodzis\u0142aw-Psz\u00f3w-G\u0142ubczyce-Gliwice-Katowice-Tychy.jpg\" alt=\"\" title=\"09_zdj\u0119cia fotograf \u015blub Racib\u00f3rz Rybnik \u017bory Wodzis\u0142aw Psz\u00f3w G\u0142ubczyce Gliwice Katowice Tychy\" width=\"640\" height=\"426\" class=\"aligncenter size-full wp-image-518\" srcset=\"http:\/\/www.naszdzien.com.pl\/blog\/wp-content\/uploads\/2010\/12\/09_zdj\u0119cia-fotograf-\u015blub-Racib\u00f3rz-Rybnik-\u017bory-Wodzis\u0142aw-Psz\u00f3w-G\u0142ubczyce-Gliwice-Katowice-Tychy.jpg 640w, http:\/\/www.naszdzien.com.pl\/blog\/wp-content\/uploads\/2010\/12\/09_zdj\u0119cia-fotograf-\u015blub-Racib\u00f3rz-Rybnik-\u017bory-Wodzis\u0142aw-Psz\u00f3w-G\u0142ubczyce-Gliwice-Katowice-Tychy-300x199.jpg 300w\" sizes=\"(max-width: 640px) 100vw, 640px\" \/><\/a><\/p>\n<p><a href=\"http:\/\/www.blog.naszdzien.com.pl\/wp-content\/uploads\/2010\/12\/10_zdj\u0119cia-fotograf-\u015blub-Racib\u00f3rz-Rybnik-\u017bory-Wodzis\u0142aw-Psz\u00f3w-G\u0142ubczyce-Gliwice-Katowice-Tychy.jpg\"><img loading=\"lazy\" src=\"http:\/\/www.blog.naszdzien.com.pl\/wp-content\/uploads\/2010\/12\/10_zdj\u0119cia-fotograf-\u015blub-Racib\u00f3rz-Rybnik-\u017bory-Wodzis\u0142aw-Psz\u00f3w-G\u0142ubczyce-Gliwice-Katowice-Tychy.jpg\" alt=\"\" title=\"10_zdj\u0119cia fotograf \u015blub Racib\u00f3rz Rybnik \u017bory Wodzis\u0142aw Psz\u00f3w G\u0142ubczyce Gliwice Katowice Tychy\" width=\"640\" height=\"426\" class=\"aligncenter size-full wp-image-519\" srcset=\"http:\/\/www.naszdzien.com.pl\/blog\/wp-content\/uploads\/2010\/12\/10_zdj\u0119cia-fotograf-\u015blub-Racib\u00f3rz-Rybnik-\u017bory-Wodzis\u0142aw-Psz\u00f3w-G\u0142ubczyce-Gliwice-Katowice-Tychy.jpg 640w, http:\/\/www.naszdzien.com.pl\/blog\/wp-content\/uploads\/2010\/12\/10_zdj\u0119cia-fotograf-\u015blub-Racib\u00f3rz-Rybnik-\u017bory-Wodzis\u0142aw-Psz\u00f3w-G\u0142ubczyce-Gliwice-Katowice-Tychy-300x199.jpg 300w\" sizes=\"(max-width: 640px) 100vw, 640px\" \/><\/a><\/p>\n<p><a href=\"http:\/\/www.blog.naszdzien.com.pl\/wp-content\/uploads\/2010\/12\/11_zdj\u0119cia-fotograf-\u015blub-Racib\u00f3rz-Rybnik-\u017bory-Wodzis\u0142aw-Psz\u00f3w-G\u0142ubczyce-Gliwice-Katowice-Tychy.jpg\"><img loading=\"lazy\" src=\"http:\/\/www.blog.naszdzien.com.pl\/wp-content\/uploads\/2010\/12\/11_zdj\u0119cia-fotograf-\u015blub-Racib\u00f3rz-Rybnik-\u017bory-Wodzis\u0142aw-Psz\u00f3w-G\u0142ubczyce-Gliwice-Katowice-Tychy.jpg\" alt=\"\" title=\"11_zdj\u0119cia fotograf \u015blub Racib\u00f3rz Rybnik \u017bory Wodzis\u0142aw Psz\u00f3w G\u0142ubczyce Gliwice Katowice Tychy\" width=\"427\" height=\"640\" class=\"aligncenter size-full wp-image-520\" srcset=\"http:\/\/www.naszdzien.com.pl\/blog\/wp-content\/uploads\/2010\/12\/11_zdj\u0119cia-fotograf-\u015blub-Racib\u00f3rz-Rybnik-\u017bory-Wodzis\u0142aw-Psz\u00f3w-G\u0142ubczyce-Gliwice-Katowice-Tychy.jpg 427w, http:\/\/www.naszdzien.com.pl\/blog\/wp-content\/uploads\/2010\/12\/11_zdj\u0119cia-fotograf-\u015blub-Racib\u00f3rz-Rybnik-\u017bory-Wodzis\u0142aw-Psz\u00f3w-G\u0142ubczyce-Gliwice-Katowice-Tychy-200x300.jpg 200w\" sizes=\"(max-width: 427px) 100vw, 427px\" \/><\/a><\/p>\n<p><a href=\"http:\/\/www.blog.naszdzien.com.pl\/wp-content\/uploads\/2010\/12\/12_zdj\u0119cia-fotograf-\u015blub-Racib\u00f3rz-Rybnik-\u017bory-Wodzis\u0142aw-Psz\u00f3w-G\u0142ubczyce-Gliwice-Katowice-Tychy.jpg\"><img loading=\"lazy\" src=\"http:\/\/www.blog.naszdzien.com.pl\/wp-content\/uploads\/2010\/12\/12_zdj\u0119cia-fotograf-\u015blub-Racib\u00f3rz-Rybnik-\u017bory-Wodzis\u0142aw-Psz\u00f3w-G\u0142ubczyce-Gliwice-Katowice-Tychy.jpg\" alt=\"\" title=\"12_zdj\u0119cia fotograf \u015blub Racib\u00f3rz Rybnik \u017bory Wodzis\u0142aw Psz\u00f3w G\u0142ubczyce Gliwice Katowice Tychy\" width=\"640\" height=\"426\" class=\"aligncenter size-full wp-image-521\" srcset=\"http:\/\/www.naszdzien.com.pl\/blog\/wp-content\/uploads\/2010\/12\/12_zdj\u0119cia-fotograf-\u015blub-Racib\u00f3rz-Rybnik-\u017bory-Wodzis\u0142aw-Psz\u00f3w-G\u0142ubczyce-Gliwice-Katowice-Tychy.jpg 640w, http:\/\/www.naszdzien.com.pl\/blog\/wp-content\/uploads\/2010\/12\/12_zdj\u0119cia-fotograf-\u015blub-Racib\u00f3rz-Rybnik-\u017bory-Wodzis\u0142aw-Psz\u00f3w-G\u0142ubczyce-Gliwice-Katowice-Tychy-300x199.jpg 300w\" sizes=\"(max-width: 640px) 100vw, 640px\" \/><\/a><\/p>\n<p><a href=\"http:\/\/www.blog.naszdzien.com.pl\/wp-content\/uploads\/2010\/12\/13_zdj\u0119cia-fotograf-\u015blub-Racib\u00f3rz-Rybnik-\u017bory-Wodzis\u0142aw-Psz\u00f3w-G\u0142ubczyce-Gliwice-Katowice-Tychy.jpg\"><img loading=\"lazy\" src=\"http:\/\/www.blog.naszdzien.com.pl\/wp-content\/uploads\/2010\/12\/13_zdj\u0119cia-fotograf-\u015blub-Racib\u00f3rz-Rybnik-\u017bory-Wodzis\u0142aw-Psz\u00f3w-G\u0142ubczyce-Gliwice-Katowice-Tychy.jpg\" alt=\"\" title=\"13_zdj\u0119cia fotograf \u015blub Racib\u00f3rz Rybnik \u017bory Wodzis\u0142aw Psz\u00f3w G\u0142ubczyce Gliwice Katowice Tychy\" width=\"640\" height=\"426\" class=\"aligncenter size-full wp-image-522\" srcset=\"http:\/\/www.naszdzien.com.pl\/blog\/wp-content\/uploads\/2010\/12\/13_zdj\u0119cia-fotograf-\u015blub-Racib\u00f3rz-Rybnik-\u017bory-Wodzis\u0142aw-Psz\u00f3w-G\u0142ubczyce-Gliwice-Katowice-Tychy.jpg 640w, http:\/\/www.naszdzien.com.pl\/blog\/wp-content\/uploads\/2010\/12\/13_zdj\u0119cia-fotograf-\u015blub-Racib\u00f3rz-Rybnik-\u017bory-Wodzis\u0142aw-Psz\u00f3w-G\u0142ubczyce-Gliwice-Katowice-Tychy-300x199.jpg 300w\" sizes=\"(max-width: 640px) 100vw, 640px\" \/><\/a><\/p>\n<p><a href=\"http:\/\/www.blog.naszdzien.com.pl\/wp-content\/uploads\/2010\/12\/14_zdj\u0119cia-fotograf-\u015blub-Racib\u00f3rz-Rybnik-\u017bory-Wodzis\u0142aw-Psz\u00f3w-G\u0142ubczyce-Gliwice-Katowice-Tychy.jpg\"><img loading=\"lazy\" src=\"http:\/\/www.blog.naszdzien.com.pl\/wp-content\/uploads\/2010\/12\/14_zdj\u0119cia-fotograf-\u015blub-Racib\u00f3rz-Rybnik-\u017bory-Wodzis\u0142aw-Psz\u00f3w-G\u0142ubczyce-Gliwice-Katowice-Tychy.jpg\" alt=\"\" title=\"14_zdj\u0119cia fotograf \u015blub Racib\u00f3rz Rybnik \u017bory Wodzis\u0142aw Psz\u00f3w G\u0142ubczyce Gliwice Katowice Tychy\" width=\"640\" height=\"426\" class=\"aligncenter size-full wp-image-523\" srcset=\"http:\/\/www.naszdzien.com.pl\/blog\/wp-content\/uploads\/2010\/12\/14_zdj\u0119cia-fotograf-\u015blub-Racib\u00f3rz-Rybnik-\u017bory-Wodzis\u0142aw-Psz\u00f3w-G\u0142ubczyce-Gliwice-Katowice-Tychy.jpg 640w, http:\/\/www.naszdzien.com.pl\/blog\/wp-content\/uploads\/2010\/12\/14_zdj\u0119cia-fotograf-\u015blub-Racib\u00f3rz-Rybnik-\u017bory-Wodzis\u0142aw-Psz\u00f3w-G\u0142ubczyce-Gliwice-Katowice-Tychy-300x199.jpg 300w\" sizes=\"(max-width: 640px) 100vw, 640px\" \/><\/a><\/p>\n<p><a href=\"http:\/\/www.blog.naszdzien.com.pl\/wp-content\/uploads\/2010\/12\/15_zdj\u0119cia-fotograf-\u015blub-Racib\u00f3rz-Rybnik-\u017bory-Wodzis\u0142aw-Psz\u00f3w-G\u0142ubczyce-Gliwice-Katowice-Tychy.jpg\"><img loading=\"lazy\" src=\"http:\/\/www.blog.naszdzien.com.pl\/wp-content\/uploads\/2010\/12\/15_zdj\u0119cia-fotograf-\u015blub-Racib\u00f3rz-Rybnik-\u017bory-Wodzis\u0142aw-Psz\u00f3w-G\u0142ubczyce-Gliwice-Katowice-Tychy.jpg\" alt=\"\" title=\"15_zdj\u0119cia fotograf \u015blub Racib\u00f3rz Rybnik \u017bory Wodzis\u0142aw Psz\u00f3w G\u0142ubczyce Gliwice Katowice Tychy\" width=\"640\" height=\"426\" class=\"aligncenter size-full wp-image-524\" srcset=\"http:\/\/www.naszdzien.com.pl\/blog\/wp-content\/uploads\/2010\/12\/15_zdj\u0119cia-fotograf-\u015blub-Racib\u00f3rz-Rybnik-\u017bory-Wodzis\u0142aw-Psz\u00f3w-G\u0142ubczyce-Gliwice-Katowice-Tychy.jpg 640w, http:\/\/www.naszdzien.com.pl\/blog\/wp-content\/uploads\/2010\/12\/15_zdj\u0119cia-fotograf-\u015blub-Racib\u00f3rz-Rybnik-\u017bory-Wodzis\u0142aw-Psz\u00f3w-G\u0142ubczyce-Gliwice-Katowice-Tychy-300x199.jpg 300w\" sizes=\"(max-width: 640px) 100vw, 640px\" \/><\/a><\/p>\n<p><a href=\"http:\/\/www.blog.naszdzien.com.pl\/wp-content\/uploads\/2010\/12\/16_zdj\u0119cia-fotograf-\u015blub-Racib\u00f3rz-Rybnik-\u017bory-Wodzis\u0142aw-Psz\u00f3w-G\u0142ubczyce-Gliwice-Katowice-Tychy.jpg\"><img loading=\"lazy\" src=\"http:\/\/www.blog.naszdzien.com.pl\/wp-content\/uploads\/2010\/12\/16_zdj\u0119cia-fotograf-\u015blub-Racib\u00f3rz-Rybnik-\u017bory-Wodzis\u0142aw-Psz\u00f3w-G\u0142ubczyce-Gliwice-Katowice-Tychy.jpg\" alt=\"\" title=\"16_zdj\u0119cia fotograf \u015blub Racib\u00f3rz Rybnik \u017bory Wodzis\u0142aw Psz\u00f3w G\u0142ubczyce Gliwice Katowice Tychy\" width=\"640\" height=\"427\" class=\"aligncenter size-full wp-image-525\" srcset=\"http:\/\/www.naszdzien.com.pl\/blog\/wp-content\/uploads\/2010\/12\/16_zdj\u0119cia-fotograf-\u015blub-Racib\u00f3rz-Rybnik-\u017bory-Wodzis\u0142aw-Psz\u00f3w-G\u0142ubczyce-Gliwice-Katowice-Tychy.jpg 640w, http:\/\/www.naszdzien.com.pl\/blog\/wp-content\/uploads\/2010\/12\/16_zdj\u0119cia-fotograf-\u015blub-Racib\u00f3rz-Rybnik-\u017bory-Wodzis\u0142aw-Psz\u00f3w-G\u0142ubczyce-Gliwice-Katowice-Tychy-300x200.jpg 300w\" sizes=\"(max-width: 640px) 100vw, 640px\" \/><\/a><\/p>\n<p><a href=\"http:\/\/www.blog.naszdzien.com.pl\/wp-content\/uploads\/2010\/12\/17_zdj\u0119cia-fotograf-\u015blub-Racib\u00f3rz-Rybnik-\u017bory-Wodzis\u0142aw-Psz\u00f3w-G\u0142ubczyce-Gliwice-Katowice-Tychy.jpg\"><img loading=\"lazy\" src=\"http:\/\/www.blog.naszdzien.com.pl\/wp-content\/uploads\/2010\/12\/17_zdj\u0119cia-fotograf-\u015blub-Racib\u00f3rz-Rybnik-\u017bory-Wodzis\u0142aw-Psz\u00f3w-G\u0142ubczyce-Gliwice-Katowice-Tychy.jpg\" alt=\"\" title=\"17_zdj\u0119cia fotograf \u015blub Racib\u00f3rz Rybnik \u017bory Wodzis\u0142aw Psz\u00f3w G\u0142ubczyce Gliwice Katowice Tychy\" width=\"640\" height=\"426\" class=\"aligncenter size-full wp-image-526\" srcset=\"http:\/\/www.naszdzien.com.pl\/blog\/wp-content\/uploads\/2010\/12\/17_zdj\u0119cia-fotograf-\u015blub-Racib\u00f3rz-Rybnik-\u017bory-Wodzis\u0142aw-Psz\u00f3w-G\u0142ubczyce-Gliwice-Katowice-Tychy.jpg 640w, http:\/\/www.naszdzien.com.pl\/blog\/wp-content\/uploads\/2010\/12\/17_zdj\u0119cia-fotograf-\u015blub-Racib\u00f3rz-Rybnik-\u017bory-Wodzis\u0142aw-Psz\u00f3w-G\u0142ubczyce-Gliwice-Katowice-Tychy-300x199.jpg 300w\" sizes=\"(max-width: 640px) 100vw, 640px\" \/><\/a><\/p>\n<p><a href=\"http:\/\/www.blog.naszdzien.com.pl\/wp-content\/uploads\/2010\/12\/18_zdj\u0119cia-fotograf-\u015blub-Racib\u00f3rz-Rybnik-\u017bory-Wodzis\u0142aw-Psz\u00f3w-G\u0142ubczyce-Gliwice-Katowice-Tychy.jpg\"><img loading=\"lazy\" src=\"http:\/\/www.blog.naszdzien.com.pl\/wp-content\/uploads\/2010\/12\/18_zdj\u0119cia-fotograf-\u015blub-Racib\u00f3rz-Rybnik-\u017bory-Wodzis\u0142aw-Psz\u00f3w-G\u0142ubczyce-Gliwice-Katowice-Tychy.jpg\" alt=\"\" title=\"18_zdj\u0119cia fotograf \u015blub Racib\u00f3rz Rybnik \u017bory Wodzis\u0142aw Psz\u00f3w G\u0142ubczyce Gliwice Katowice Tychy\" width=\"640\" height=\"427\" class=\"aligncenter size-full wp-image-527\" srcset=\"http:\/\/www.naszdzien.com.pl\/blog\/wp-content\/uploads\/2010\/12\/18_zdj\u0119cia-fotograf-\u015blub-Racib\u00f3rz-Rybnik-\u017bory-Wodzis\u0142aw-Psz\u00f3w-G\u0142ubczyce-Gliwice-Katowice-Tychy.jpg 640w, http:\/\/www.naszdzien.com.pl\/blog\/wp-content\/uploads\/2010\/12\/18_zdj\u0119cia-fotograf-\u015blub-Racib\u00f3rz-Rybnik-\u017bory-Wodzis\u0142aw-Psz\u00f3w-G\u0142ubczyce-Gliwice-Katowice-Tychy-300x200.jpg 300w\" sizes=\"(max-width: 640px) 100vw, 640px\" \/><\/a><\/p>\n<p><a href=\"http:\/\/www.blog.naszdzien.com.pl\/wp-content\/uploads\/2010\/12\/19_zdj\u0119cia-fotograf-\u015blub-Racib\u00f3rz-Rybnik-\u017bory-Wodzis\u0142aw-Psz\u00f3w-G\u0142ubczyce-Gliwice-Katowice-Tychy.jpg\"><img loading=\"lazy\" src=\"http:\/\/www.blog.naszdzien.com.pl\/wp-content\/uploads\/2010\/12\/19_zdj\u0119cia-fotograf-\u015blub-Racib\u00f3rz-Rybnik-\u017bory-Wodzis\u0142aw-Psz\u00f3w-G\u0142ubczyce-Gliwice-Katowice-Tychy.jpg\" alt=\"\" title=\"19_zdj\u0119cia fotograf \u015blub Racib\u00f3rz Rybnik \u017bory Wodzis\u0142aw Psz\u00f3w G\u0142ubczyce Gliwice Katowice Tychy\" width=\"640\" height=\"426\" class=\"aligncenter size-full wp-image-528\" srcset=\"http:\/\/www.naszdzien.com.pl\/blog\/wp-content\/uploads\/2010\/12\/19_zdj\u0119cia-fotograf-\u015blub-Racib\u00f3rz-Rybnik-\u017bory-Wodzis\u0142aw-Psz\u00f3w-G\u0142ubczyce-Gliwice-Katowice-Tychy.jpg 640w, http:\/\/www.naszdzien.com.pl\/blog\/wp-content\/uploads\/2010\/12\/19_zdj\u0119cia-fotograf-\u015blub-Racib\u00f3rz-Rybnik-\u017bory-Wodzis\u0142aw-Psz\u00f3w-G\u0142ubczyce-Gliwice-Katowice-Tychy-300x199.jpg 300w\" sizes=\"(max-width: 640px) 100vw, 640px\" \/><\/a><\/p>\n<p><a href=\"http:\/\/www.blog.naszdzien.com.pl\/wp-content\/uploads\/2010\/12\/20_zdj\u0119cia-fotograf-\u015blub-Racib\u00f3rz-Rybnik-\u017bory-Wodzis\u0142aw-Psz\u00f3w-G\u0142ubczyce-Gliwice-Katowice-Tychy.jpg\"><img loading=\"lazy\" src=\"http:\/\/www.blog.naszdzien.com.pl\/wp-content\/uploads\/2010\/12\/20_zdj\u0119cia-fotograf-\u015blub-Racib\u00f3rz-Rybnik-\u017bory-Wodzis\u0142aw-Psz\u00f3w-G\u0142ubczyce-Gliwice-Katowice-Tychy.jpg\" alt=\"\" title=\"20_zdj\u0119cia fotograf \u015blub Racib\u00f3rz Rybnik \u017bory Wodzis\u0142aw Psz\u00f3w G\u0142ubczyce Gliwice Katowice Tychy\" width=\"640\" height=\"426\" class=\"aligncenter size-full wp-image-529\" srcset=\"http:\/\/www.naszdzien.com.pl\/blog\/wp-content\/uploads\/2010\/12\/20_zdj\u0119cia-fotograf-\u015blub-Racib\u00f3rz-Rybnik-\u017bory-Wodzis\u0142aw-Psz\u00f3w-G\u0142ubczyce-Gliwice-Katowice-Tychy.jpg 640w, http:\/\/www.naszdzien.com.pl\/blog\/wp-content\/uploads\/2010\/12\/20_zdj\u0119cia-fotograf-\u015blub-Racib\u00f3rz-Rybnik-\u017bory-Wodzis\u0142aw-Psz\u00f3w-G\u0142ubczyce-Gliwice-Katowice-Tychy-300x199.jpg 300w\" sizes=\"(max-width: 640px) 100vw, 640px\" \/><\/a><\/p>\n<p><a href=\"http:\/\/www.blog.naszdzien.com.pl\/wp-content\/uploads\/2010\/12\/21_zdj\u0119cia-fotograf-\u015blub-Racib\u00f3rz-Rybnik-\u017bory-Wodzis\u0142aw-Psz\u00f3w-G\u0142ubczyce-Gliwice-Katowice-Tychy.jpg\"><img loading=\"lazy\" src=\"http:\/\/www.blog.naszdzien.com.pl\/wp-content\/uploads\/2010\/12\/21_zdj\u0119cia-fotograf-\u015blub-Racib\u00f3rz-Rybnik-\u017bory-Wodzis\u0142aw-Psz\u00f3w-G\u0142ubczyce-Gliwice-Katowice-Tychy.jpg\" alt=\"\" title=\"21_zdj\u0119cia fotograf \u015blub Racib\u00f3rz Rybnik \u017bory Wodzis\u0142aw Psz\u00f3w G\u0142ubczyce Gliwice Katowice Tychy\" width=\"640\" height=\"426\" class=\"aligncenter size-full wp-image-530\" srcset=\"http:\/\/www.naszdzien.com.pl\/blog\/wp-content\/uploads\/2010\/12\/21_zdj\u0119cia-fotograf-\u015blub-Racib\u00f3rz-Rybnik-\u017bory-Wodzis\u0142aw-Psz\u00f3w-G\u0142ubczyce-Gliwice-Katowice-Tychy.jpg 640w, http:\/\/www.naszdzien.com.pl\/blog\/wp-content\/uploads\/2010\/12\/21_zdj\u0119cia-fotograf-\u015blub-Racib\u00f3rz-Rybnik-\u017bory-Wodzis\u0142aw-Psz\u00f3w-G\u0142ubczyce-Gliwice-Katowice-Tychy-300x199.jpg 300w\" sizes=\"(max-width: 640px) 100vw, 640px\" \/><\/a><\/p>\n<p><a href=\"http:\/\/www.blog.naszdzien.com.pl\/wp-content\/uploads\/2010\/12\/22_zdj\u0119cia-fotograf-\u015blub-Racib\u00f3rz-Rybnik-\u017bory-Wodzis\u0142aw-Psz\u00f3w-G\u0142ubczyce-Gliwice-Katowice-Tychy.jpg\"><img loading=\"lazy\" src=\"http:\/\/www.blog.naszdzien.com.pl\/wp-content\/uploads\/2010\/12\/22_zdj\u0119cia-fotograf-\u015blub-Racib\u00f3rz-Rybnik-\u017bory-Wodzis\u0142aw-Psz\u00f3w-G\u0142ubczyce-Gliwice-Katowice-Tychy.jpg\" alt=\"\" title=\"22_zdj\u0119cia fotograf \u015blub Racib\u00f3rz Rybnik \u017bory Wodzis\u0142aw Psz\u00f3w G\u0142ubczyce Gliwice Katowice Tychy\" width=\"640\" height=\"427\" class=\"aligncenter size-full wp-image-531\" srcset=\"http:\/\/www.naszdzien.com.pl\/blog\/wp-content\/uploads\/2010\/12\/22_zdj\u0119cia-fotograf-\u015blub-Racib\u00f3rz-Rybnik-\u017bory-Wodzis\u0142aw-Psz\u00f3w-G\u0142ubczyce-Gliwice-Katowice-Tychy.jpg 640w, http:\/\/www.naszdzien.com.pl\/blog\/wp-content\/uploads\/2010\/12\/22_zdj\u0119cia-fotograf-\u015blub-Racib\u00f3rz-Rybnik-\u017bory-Wodzis\u0142aw-Psz\u00f3w-G\u0142ubczyce-Gliwice-Katowice-Tychy-300x200.jpg 300w\" sizes=\"(max-width: 640px) 100vw, 640px\" \/><\/a><\/p>\n<p><a href=\"http:\/\/www.blog.naszdzien.com.pl\/wp-content\/uploads\/2010\/12\/23_zdj\u0119cia-fotograf-\u015blub-Racib\u00f3rz-Rybnik-\u017bory-Wodzis\u0142aw-Psz\u00f3w-G\u0142ubczyce-Gliwice-Katowice-Tychy.jpg\"><img loading=\"lazy\" src=\"http:\/\/www.blog.naszdzien.com.pl\/wp-content\/uploads\/2010\/12\/23_zdj\u0119cia-fotograf-\u015blub-Racib\u00f3rz-Rybnik-\u017bory-Wodzis\u0142aw-Psz\u00f3w-G\u0142ubczyce-Gliwice-Katowice-Tychy.jpg\" alt=\"\" title=\"23_zdj\u0119cia fotograf \u015blub Racib\u00f3rz Rybnik \u017bory Wodzis\u0142aw Psz\u00f3w G\u0142ubczyce Gliwice Katowice Tychy\" width=\"427\" height=\"640\" class=\"aligncenter size-full wp-image-532\" srcset=\"http:\/\/www.naszdzien.com.pl\/blog\/wp-content\/uploads\/2010\/12\/23_zdj\u0119cia-fotograf-\u015blub-Racib\u00f3rz-Rybnik-\u017bory-Wodzis\u0142aw-Psz\u00f3w-G\u0142ubczyce-Gliwice-Katowice-Tychy.jpg 427w, http:\/\/www.naszdzien.com.pl\/blog\/wp-content\/uploads\/2010\/12\/23_zdj\u0119cia-fotograf-\u015blub-Racib\u00f3rz-Rybnik-\u017bory-Wodzis\u0142aw-Psz\u00f3w-G\u0142ubczyce-Gliwice-Katowice-Tychy-200x300.jpg 200w\" sizes=\"(max-width: 427px) 100vw, 427px\" \/><\/a><\/p>\n<p><a href=\"http:\/\/www.blog.naszdzien.com.pl\/wp-content\/uploads\/2010\/12\/24_zdj\u0119cia-fotograf-\u015blub-Racib\u00f3rz-Rybnik-\u017bory-Wodzis\u0142aw-Psz\u00f3w-G\u0142ubczyce-Gliwice-Katowice-Tychy.jpg\"><img loading=\"lazy\" src=\"http:\/\/www.blog.naszdzien.com.pl\/wp-content\/uploads\/2010\/12\/24_zdj\u0119cia-fotograf-\u015blub-Racib\u00f3rz-Rybnik-\u017bory-Wodzis\u0142aw-Psz\u00f3w-G\u0142ubczyce-Gliwice-Katowice-Tychy.jpg\" alt=\"\" title=\"24_zdj\u0119cia fotograf \u015blub Racib\u00f3rz Rybnik \u017bory Wodzis\u0142aw Psz\u00f3w G\u0142ubczyce Gliwice Katowice Tychy\" width=\"427\" height=\"640\" class=\"aligncenter size-full wp-image-533\" srcset=\"http:\/\/www.naszdzien.com.pl\/blog\/wp-content\/uploads\/2010\/12\/24_zdj\u0119cia-fotograf-\u015blub-Racib\u00f3rz-Rybnik-\u017bory-Wodzis\u0142aw-Psz\u00f3w-G\u0142ubczyce-Gliwice-Katowice-Tychy.jpg 427w, http:\/\/www.naszdzien.com.pl\/blog\/wp-content\/uploads\/2010\/12\/24_zdj\u0119cia-fotograf-\u015blub-Racib\u00f3rz-Rybnik-\u017bory-Wodzis\u0142aw-Psz\u00f3w-G\u0142ubczyce-Gliwice-Katowice-Tychy-200x300.jpg 200w\" sizes=\"(max-width: 427px) 100vw, 427px\" \/><\/a><\/p>\n<p><a href=\"http:\/\/www.blog.naszdzien.com.pl\/wp-content\/uploads\/2010\/12\/25_zdj\u0119cia-fotograf-\u015blub-Racib\u00f3rz-Rybnik-\u017bory-Wodzis\u0142aw-Psz\u00f3w-G\u0142ubczyce-Gliwice-Katowice-Tychy.jpg\"><img loading=\"lazy\" src=\"http:\/\/www.blog.naszdzien.com.pl\/wp-content\/uploads\/2010\/12\/25_zdj\u0119cia-fotograf-\u015blub-Racib\u00f3rz-Rybnik-\u017bory-Wodzis\u0142aw-Psz\u00f3w-G\u0142ubczyce-Gliwice-Katowice-Tychy.jpg\" alt=\"\" title=\"25_zdj\u0119cia fotograf \u015blub Racib\u00f3rz Rybnik \u017bory Wodzis\u0142aw Psz\u00f3w G\u0142ubczyce Gliwice Katowice Tychy\" width=\"427\" height=\"640\" class=\"aligncenter size-full wp-image-534\" srcset=\"http:\/\/www.naszdzien.com.pl\/blog\/wp-content\/uploads\/2010\/12\/25_zdj\u0119cia-fotograf-\u015blub-Racib\u00f3rz-Rybnik-\u017bory-Wodzis\u0142aw-Psz\u00f3w-G\u0142ubczyce-Gliwice-Katowice-Tychy.jpg 427w, http:\/\/www.naszdzien.com.pl\/blog\/wp-content\/uploads\/2010\/12\/25_zdj\u0119cia-fotograf-\u015blub-Racib\u00f3rz-Rybnik-\u017bory-Wodzis\u0142aw-Psz\u00f3w-G\u0142ubczyce-Gliwice-Katowice-Tychy-200x300.jpg 200w\" sizes=\"(max-width: 427px) 100vw, 427px\" \/><\/a><\/p>\n<p><a href=\"http:\/\/www.blog.naszdzien.com.pl\/wp-content\/uploads\/2010\/12\/26_zdj\u0119cia-fotograf-\u015blub-Racib\u00f3rz-Rybnik-\u017bory-Wodzis\u0142aw-Psz\u00f3w-G\u0142ubczyce-Gliwice-Katowice-Tychy.jpg\"><img loading=\"lazy\" src=\"http:\/\/www.blog.naszdzien.com.pl\/wp-content\/uploads\/2010\/12\/26_zdj\u0119cia-fotograf-\u015blub-Racib\u00f3rz-Rybnik-\u017bory-Wodzis\u0142aw-Psz\u00f3w-G\u0142ubczyce-Gliwice-Katowice-Tychy.jpg\" alt=\"\" title=\"26_zdj\u0119cia fotograf \u015blub Racib\u00f3rz Rybnik \u017bory Wodzis\u0142aw Psz\u00f3w G\u0142ubczyce Gliwice Katowice Tychy\" width=\"640\" height=\"426\" class=\"aligncenter size-full wp-image-535\" srcset=\"http:\/\/www.naszdzien.com.pl\/blog\/wp-content\/uploads\/2010\/12\/26_zdj\u0119cia-fotograf-\u015blub-Racib\u00f3rz-Rybnik-\u017bory-Wodzis\u0142aw-Psz\u00f3w-G\u0142ubczyce-Gliwice-Katowice-Tychy.jpg 640w, http:\/\/www.naszdzien.com.pl\/blog\/wp-content\/uploads\/2010\/12\/26_zdj\u0119cia-fotograf-\u015blub-Racib\u00f3rz-Rybnik-\u017bory-Wodzis\u0142aw-Psz\u00f3w-G\u0142ubczyce-Gliwice-Katowice-Tychy-300x199.jpg 300w\" sizes=\"(max-width: 640px) 100vw, 640px\" \/><\/a><\/p>\n","protected":false},"excerpt":{"rendered":"<p>Kameralny \u015blubik sympatycznej parki z Londynu. Niestety nie mieli szcz\u0119\u015bcia do pogody, podczas sesji musieli\u015bmy goni\u0107 si\u0119 z nadchodz\u0105cymi deszczowymi chmurami. I uda\u0142o si\u0119 \ud83d\ude42 Praktycznie zaraz po zako\u0144czeniu zdj\u0119\u0107 pogoda ca\u0142kowicie si\u0119 za\u0142ama\u0142a i zacz\u0119\u0142o la\u0107. Ufff&#8230; Sesj\u0119 uwa\u017cam za bardzo udan\u0105. Pozdrawiam Monik\u0119 i Micha\u0142a.<\/p>\n","protected":false},"author":1,"featured_media":668,"comment_status":"open","ping_status":"closed","sticky":false,"template":"","format":"standard","meta":[],"categories":[5],"tags":[26,10,17,39,40,16,37,18,20,11,19,14,41,48,21,38,86,65,66,12,15,35,36,29,9,7,46,44,43,23,13,22,24,45],"_links":{"self":[{"href":"http:\/\/www.naszdzien.com.pl\/blog\/wp-json\/wp\/v2\/posts\/509"}],"collection":[{"href":"http:\/\/www.naszdzien.com.pl\/blog\/wp-json\/wp\/v2\/posts"}],"about":[{"href":"http:\/\/www.naszdzien.com.pl\/blog\/wp-json\/wp\/v2\/types\/post"}],"author":[{"embeddable":true,"href":"http:\/\/www.naszdzien.com.pl\/blog\/wp-json\/wp\/v2\/users\/1"}],"replies":[{"embeddable":true,"href":"http:\/\/www.naszdzien.com.pl\/blog\/wp-json\/wp\/v2\/comments?post=509"}],"version-history":[{"count":16,"href":"http:\/\/www.naszdzien.com.pl\/blog\/wp-json\/wp\/v2\/posts\/509\/revisions"}],"predecessor-version":[{"id":845,"href":"http:\/\/www.naszdzien.com.pl\/blog\/wp-json\/wp\/v2\/posts\/509\/revisions\/845"}],"wp:featuredmedia":[{"embeddable":true,"href":"http:\/\/www.naszdzien.com.pl\/blog\/wp-json\/wp\/v2\/media\/668"}],"wp:attachment":[{"href":"http:\/\/www.naszdzien.com.pl\/blog\/wp-json\/wp\/v2\/media?parent=509"}],"wp:term":[{"taxonomy":"category","embeddable":true,"href":"http:\/\/www.naszdzien.com.pl\/blog\/wp-json\/wp\/v2\/categories?post=509"},{"taxonomy":"post_tag","embeddable":true,"href":"http:\/\/www.naszdzien.com.pl\/blog\/wp-json\/wp\/v2\/tags?post=509"}],"curies":[{"name":"wp","href":"https:\/\/api.w.org\/{rel}","templated":true}]}}