{"id":677,"date":"2011-03-31T20:30:55","date_gmt":"2011-03-31T20:30:55","guid":{"rendered":"http:\/\/www.fotograf-tomaszkojtek.pl\/?p=677"},"modified":"2011-04-08T14:45:52","modified_gmt":"2011-04-08T14:45:52","slug":"agata-i-darek-zdjecia-slubne-plener-gliwice","status":"publish","type":"post","link":"http:\/\/www.naszdzien.com.pl\/blog\/agata-i-darek-zdjecia-slubne-plener-gliwice\/","title":{"rendered":"Agata i Darek | zdj\u0119cia \u015blubne &#8211; plener Gliwice"},"content":{"rendered":"<p>Przedstawiam pr\u00f3bk\u0119 z reporta\u017cu \u015blubnego Agaty i Darka.<br \/>\nW mi\u0142ej atmosferze sp\u0119dzili\u015bmy ze sob\u0105 wiele godzin podczas wesela oraz na plenerze bawi\u0105c si\u0119 przy tym \u015bwietnie a efekty tego prezentuj\u0119 poni\u017cej.<br \/>\nPozdrawiam Was \ud83d\ude42<\/p>\n<p><a href=\"http:\/\/www.blog.naszdzien.com.pl\/wp-content\/uploads\/2011\/03\/0014.jpg\"><img loading=\"lazy\" src=\"http:\/\/www.blog.naszdzien.com.pl\/wp-content\/uploads\/2011\/03\/0014.jpg\" alt=\"\" title=\"zdj\u0119cia \u015blubne, fotografia \u015blubna, fotograf racib\u00f3rz, sesja w plenerze, szalony plener, reporta\u017c \u015blubny, gliwice, katowice, rybnik, bytom, tarnowskie g\u00f3ry, tychy, wodzis\u0142aw, fotograf, wideo, filmowanie wesel, wideo rejestracja, \u015bluby, wesela, imprezy\" width=\"620\" height=\"413\" class=\"aligncenter size-full wp-image-679\" srcset=\"http:\/\/www.naszdzien.com.pl\/blog\/wp-content\/uploads\/2011\/03\/0014.jpg 680w, http:\/\/www.naszdzien.com.pl\/blog\/wp-content\/uploads\/2011\/03\/0014-400x266.jpg 400w, http:\/\/www.naszdzien.com.pl\/blog\/wp-content\/uploads\/2011\/03\/0014-450x300.jpg 450w, http:\/\/www.naszdzien.com.pl\/blog\/wp-content\/uploads\/2011\/03\/0014-90x60.jpg 90w, http:\/\/www.naszdzien.com.pl\/blog\/wp-content\/uploads\/2011\/03\/0014-300x199.jpg 300w\" sizes=\"(max-width: 620px) 100vw, 620px\" \/><\/a><\/p>\n<p><a href=\"http:\/\/www.blog.naszdzien.com.pl\/wp-content\/uploads\/2011\/03\/0015.jpg\"><img loading=\"lazy\" src=\"http:\/\/www.blog.naszdzien.com.pl\/wp-content\/uploads\/2011\/03\/0015.jpg\" alt=\"\" title=\"zdj\u0119cia \u015blubne, fotografia \u015blubna, fotograf racib\u00f3rz, sesja w plenerze, szalony plener, reporta\u017c \u015blubny, gliwice, katowice, rybnik, bytom, tarnowskie g\u00f3ry, tychy, wodzis\u0142aw, fotograf, wideo, filmowanie wesel, wideo rejestracja, \u015bluby, wesela, imprezy\" width=\"620\" height=\"413\" class=\"aligncenter size-full wp-image-680\" srcset=\"http:\/\/www.naszdzien.com.pl\/blog\/wp-content\/uploads\/2011\/03\/0015.jpg 680w, http:\/\/www.naszdzien.com.pl\/blog\/wp-content\/uploads\/2011\/03\/0015-400x266.jpg 400w, http:\/\/www.naszdzien.com.pl\/blog\/wp-content\/uploads\/2011\/03\/0015-450x300.jpg 450w, http:\/\/www.naszdzien.com.pl\/blog\/wp-content\/uploads\/2011\/03\/0015-90x60.jpg 90w, http:\/\/www.naszdzien.com.pl\/blog\/wp-content\/uploads\/2011\/03\/0015-300x199.jpg 300w\" sizes=\"(max-width: 620px) 100vw, 620px\" \/><\/a><\/p>\n<p><a href=\"http:\/\/www.blog.naszdzien.com.pl\/wp-content\/uploads\/2011\/03\/0029.jpg\"><img loading=\"lazy\" src=\"http:\/\/www.blog.naszdzien.com.pl\/wp-content\/uploads\/2011\/03\/0029.jpg\" alt=\"\" title=\"zdj\u0119cia \u015blubne, fotografia \u015blubna, fotograf racib\u00f3rz, sesja w plenerze, szalony plener, reporta\u017c \u015blubny, gliwice, katowice, rybnik, bytom, tarnowskie g\u00f3ry, tychy, wodzis\u0142aw, fotograf, wideo, filmowanie wesel, wideo rejestracja, \u015bluby, wesela, imprezy\" width=\"620\" height=\"413\" class=\"aligncenter size-full wp-image-681\" srcset=\"http:\/\/www.naszdzien.com.pl\/blog\/wp-content\/uploads\/2011\/03\/0029.jpg 680w, http:\/\/www.naszdzien.com.pl\/blog\/wp-content\/uploads\/2011\/03\/0029-400x266.jpg 400w, http:\/\/www.naszdzien.com.pl\/blog\/wp-content\/uploads\/2011\/03\/0029-450x300.jpg 450w, http:\/\/www.naszdzien.com.pl\/blog\/wp-content\/uploads\/2011\/03\/0029-90x60.jpg 90w, http:\/\/www.naszdzien.com.pl\/blog\/wp-content\/uploads\/2011\/03\/0029-300x199.jpg 300w\" sizes=\"(max-width: 620px) 100vw, 620px\" \/><\/a><\/p>\n<p><a href=\"http:\/\/www.blog.naszdzien.com.pl\/wp-content\/uploads\/2011\/03\/0040.jpg\"><img loading=\"lazy\" src=\"http:\/\/www.blog.naszdzien.com.pl\/wp-content\/uploads\/2011\/03\/0040.jpg\" alt=\"\" title=\"0040\" width=\"620\" height=\"413\" class=\"aligncenter size-full wp-image-682\" srcset=\"http:\/\/www.naszdzien.com.pl\/blog\/wp-content\/uploads\/2011\/03\/0040.jpg 680w, http:\/\/www.naszdzien.com.pl\/blog\/wp-content\/uploads\/2011\/03\/0040-400x266.jpg 400w, http:\/\/www.naszdzien.com.pl\/blog\/wp-content\/uploads\/2011\/03\/0040-450x300.jpg 450w, http:\/\/www.naszdzien.com.pl\/blog\/wp-content\/uploads\/2011\/03\/0040-90x60.jpg 90w, http:\/\/www.naszdzien.com.pl\/blog\/wp-content\/uploads\/2011\/03\/0040-300x199.jpg 300w\" sizes=\"(max-width: 620px) 100vw, 620px\" \/><\/a><\/p>\n<p><a href=\"http:\/\/www.blog.naszdzien.com.pl\/wp-content\/uploads\/2011\/03\/0047.jpg\"><img loading=\"lazy\" src=\"http:\/\/www.blog.naszdzien.com.pl\/wp-content\/uploads\/2011\/03\/0047.jpg\" alt=\"\" title=\"zdj\u0119cia \u015blubne, fotografia \u015blubna, fotograf racib\u00f3rz, sesja w plenerze, szalony plener, reporta\u017c \u015blubny, gliwice, katowice, rybnik, bytom, tarnowskie g\u00f3ry, tychy, wodzis\u0142aw, fotograf, wideo, filmowanie wesel, wideo rejestracja, \u015bluby, wesela, imprezy\" width=\"413\" height=\"620\" class=\"aligncenter size-full wp-image-683\" srcset=\"http:\/\/www.naszdzien.com.pl\/blog\/wp-content\/uploads\/2011\/03\/0047.jpg 452w, http:\/\/www.naszdzien.com.pl\/blog\/wp-content\/uploads\/2011\/03\/0047-266x400.jpg 266w, http:\/\/www.naszdzien.com.pl\/blog\/wp-content\/uploads\/2011\/03\/0047-40x60.jpg 40w, http:\/\/www.naszdzien.com.pl\/blog\/wp-content\/uploads\/2011\/03\/0047-199x300.jpg 199w\" sizes=\"(max-width: 413px) 100vw, 413px\" \/><\/a><\/p>\n<p><a href=\"http:\/\/www.blog.naszdzien.com.pl\/wp-content\/uploads\/2011\/03\/0053.jpg\"><img loading=\"lazy\" src=\"http:\/\/www.blog.naszdzien.com.pl\/wp-content\/uploads\/2011\/03\/0053.jpg\" alt=\"\" title=\"zdj\u0119cia \u015blubne, fotografia \u015blubna, fotograf racib\u00f3rz, sesja w plenerze, szalony plener, reporta\u017c \u015blubny, gliwice, katowice, rybnik, bytom, tarnowskie g\u00f3ry, tychy, wodzis\u0142aw, fotograf, wideo, filmowanie wesel, wideo rejestracja, \u015bluby, wesela, imprezy\" width=\"413\" height=\"620\" class=\"aligncenter size-full wp-image-684\" srcset=\"http:\/\/www.naszdzien.com.pl\/blog\/wp-content\/uploads\/2011\/03\/0053.jpg 452w, http:\/\/www.naszdzien.com.pl\/blog\/wp-content\/uploads\/2011\/03\/0053-266x400.jpg 266w, http:\/\/www.naszdzien.com.pl\/blog\/wp-content\/uploads\/2011\/03\/0053-40x60.jpg 40w, http:\/\/www.naszdzien.com.pl\/blog\/wp-content\/uploads\/2011\/03\/0053-199x300.jpg 199w\" sizes=\"(max-width: 413px) 100vw, 413px\" \/><\/a><\/p>\n<p><a href=\"http:\/\/www.blog.naszdzien.com.pl\/wp-content\/uploads\/2011\/03\/0063.jpg\"><img loading=\"lazy\" src=\"http:\/\/www.blog.naszdzien.com.pl\/wp-content\/uploads\/2011\/03\/0063.jpg\" alt=\"\" title=\"zdj\u0119cia \u015blubne, fotografia \u015blubna, fotograf racib\u00f3rz, sesja w plenerze, szalony plener, reporta\u017c \u015blubny, gliwice, katowice, rybnik, bytom, tarnowskie g\u00f3ry, tychy, wodzis\u0142aw, fotograf, wideo, filmowanie wesel, wideo rejestracja, \u015bluby, wesela, imprezy\" width=\"620\" height=\"413\" class=\"aligncenter size-full wp-image-685\" srcset=\"http:\/\/www.naszdzien.com.pl\/blog\/wp-content\/uploads\/2011\/03\/0063.jpg 680w, http:\/\/www.naszdzien.com.pl\/blog\/wp-content\/uploads\/2011\/03\/0063-400x266.jpg 400w, http:\/\/www.naszdzien.com.pl\/blog\/wp-content\/uploads\/2011\/03\/0063-450x300.jpg 450w, http:\/\/www.naszdzien.com.pl\/blog\/wp-content\/uploads\/2011\/03\/0063-90x60.jpg 90w, http:\/\/www.naszdzien.com.pl\/blog\/wp-content\/uploads\/2011\/03\/0063-300x199.jpg 300w\" sizes=\"(max-width: 620px) 100vw, 620px\" \/><\/a><\/p>\n<p><a href=\"http:\/\/www.blog.naszdzien.com.pl\/wp-content\/uploads\/2011\/03\/0068.jpg\"><img loading=\"lazy\" src=\"http:\/\/www.blog.naszdzien.com.pl\/wp-content\/uploads\/2011\/03\/0068.jpg\" alt=\"\" title=\"zdj\u0119cia \u015blubne, fotografia \u015blubna, fotograf racib\u00f3rz, sesja w plenerze, szalony plener, reporta\u017c \u015blubny, gliwice, katowice, rybnik, bytom, tarnowskie g\u00f3ry, tychy, wodzis\u0142aw, fotograf, wideo, filmowanie wesel, wideo rejestracja, \u015bluby, wesela, imprezy\" width=\"413\" height=\"620\" class=\"aligncenter size-full wp-image-686\" srcset=\"http:\/\/www.naszdzien.com.pl\/blog\/wp-content\/uploads\/2011\/03\/0068.jpg 452w, http:\/\/www.naszdzien.com.pl\/blog\/wp-content\/uploads\/2011\/03\/0068-266x400.jpg 266w, http:\/\/www.naszdzien.com.pl\/blog\/wp-content\/uploads\/2011\/03\/0068-40x60.jpg 40w, http:\/\/www.naszdzien.com.pl\/blog\/wp-content\/uploads\/2011\/03\/0068-199x300.jpg 199w\" sizes=\"(max-width: 413px) 100vw, 413px\" \/><\/a><\/p>\n<p><a href=\"http:\/\/www.blog.naszdzien.com.pl\/wp-content\/uploads\/2011\/03\/0072.jpg\"><img loading=\"lazy\" src=\"http:\/\/www.blog.naszdzien.com.pl\/wp-content\/uploads\/2011\/03\/0072.jpg\" alt=\"\" title=\"zdj\u0119cia \u015blubne, fotografia \u015blubna, fotograf racib\u00f3rz, sesja w plenerze, szalony plener, reporta\u017c \u015blubny, gliwice, katowice, rybnik, bytom, tarnowskie g\u00f3ry, tychy, wodzis\u0142aw, fotograf, wideo, filmowanie wesel, wideo rejestracja, \u015bluby, wesela, imprezy\" width=\"620\" height=\"413\" class=\"aligncenter size-full wp-image-687\" srcset=\"http:\/\/www.naszdzien.com.pl\/blog\/wp-content\/uploads\/2011\/03\/0072.jpg 680w, http:\/\/www.naszdzien.com.pl\/blog\/wp-content\/uploads\/2011\/03\/0072-300x199.jpg 300w\" sizes=\"(max-width: 620px) 100vw, 620px\" \/><\/a><\/p>\n<p><a href=\"http:\/\/www.blog.naszdzien.com.pl\/wp-content\/uploads\/2011\/03\/0092.jpg\"><img loading=\"lazy\" src=\"http:\/\/www.blog.naszdzien.com.pl\/wp-content\/uploads\/2011\/03\/0092.jpg\" alt=\"\" title=\"zdj\u0119cia \u015blubne, fotografia \u015blubna, fotograf racib\u00f3rz, sesja w plenerze, szalony plener, reporta\u017c \u015blubny, gliwice, katowice, rybnik, bytom, tarnowskie g\u00f3ry, tychy, wodzis\u0142aw, fotograf, wideo, filmowanie wesel, wideo rejestracja, \u015bluby, wesela, imprezy\" width=\"620\" height=\"413\" class=\"aligncenter size-full wp-image-688\" srcset=\"http:\/\/www.naszdzien.com.pl\/blog\/wp-content\/uploads\/2011\/03\/0092.jpg 680w, http:\/\/www.naszdzien.com.pl\/blog\/wp-content\/uploads\/2011\/03\/0092-400x266.jpg 400w, http:\/\/www.naszdzien.com.pl\/blog\/wp-content\/uploads\/2011\/03\/0092-450x300.jpg 450w, http:\/\/www.naszdzien.com.pl\/blog\/wp-content\/uploads\/2011\/03\/0092-90x60.jpg 90w, http:\/\/www.naszdzien.com.pl\/blog\/wp-content\/uploads\/2011\/03\/0092-300x199.jpg 300w\" sizes=\"(max-width: 620px) 100vw, 620px\" \/><\/a><\/p>\n<p><a href=\"http:\/\/www.blog.naszdzien.com.pl\/wp-content\/uploads\/2011\/03\/0102.jpg\"><img loading=\"lazy\" src=\"http:\/\/www.blog.naszdzien.com.pl\/wp-content\/uploads\/2011\/03\/0102.jpg\" alt=\"\" title=\"zdj\u0119cia \u015blubne, fotografia \u015blubna, fotograf racib\u00f3rz, sesja w plenerze, szalony plener, reporta\u017c \u015blubny, gliwice, katowice, rybnik, bytom, tarnowskie g\u00f3ry, tychy, wodzis\u0142aw, fotograf, wideo, filmowanie wesel, wideo rejestracja, \u015bluby, wesela, imprezy\" width=\"620\" height=\"413\" class=\"aligncenter size-full wp-image-689\" srcset=\"http:\/\/www.naszdzien.com.pl\/blog\/wp-content\/uploads\/2011\/03\/0102.jpg 680w, http:\/\/www.naszdzien.com.pl\/blog\/wp-content\/uploads\/2011\/03\/0102-400x266.jpg 400w, http:\/\/www.naszdzien.com.pl\/blog\/wp-content\/uploads\/2011\/03\/0102-450x300.jpg 450w, http:\/\/www.naszdzien.com.pl\/blog\/wp-content\/uploads\/2011\/03\/0102-90x60.jpg 90w, http:\/\/www.naszdzien.com.pl\/blog\/wp-content\/uploads\/2011\/03\/0102-300x199.jpg 300w\" sizes=\"(max-width: 620px) 100vw, 620px\" \/><\/a><\/p>\n<p><a href=\"http:\/\/www.blog.naszdzien.com.pl\/wp-content\/uploads\/2011\/03\/0143.jpg\"><img loading=\"lazy\" src=\"http:\/\/www.blog.naszdzien.com.pl\/wp-content\/uploads\/2011\/03\/0143.jpg\" alt=\"\" title=\"zdj\u0119cia \u015blubne, fotografia \u015blubna, fotograf racib\u00f3rz, sesja w plenerze, szalony plener, reporta\u017c \u015blubny, gliwice, katowice, rybnik, bytom, tarnowskie g\u00f3ry, tychy, wodzis\u0142aw, fotograf, wideo, filmowanie wesel, wideo rejestracja, \u015bluby, wesela, imprezy\" width=\"620\" height=\"413\" class=\"aligncenter size-full wp-image-690\" srcset=\"http:\/\/www.naszdzien.com.pl\/blog\/wp-content\/uploads\/2011\/03\/0143.jpg 680w, http:\/\/www.naszdzien.com.pl\/blog\/wp-content\/uploads\/2011\/03\/0143-400x266.jpg 400w, http:\/\/www.naszdzien.com.pl\/blog\/wp-content\/uploads\/2011\/03\/0143-450x300.jpg 450w, http:\/\/www.naszdzien.com.pl\/blog\/wp-content\/uploads\/2011\/03\/0143-90x60.jpg 90w, http:\/\/www.naszdzien.com.pl\/blog\/wp-content\/uploads\/2011\/03\/0143-300x199.jpg 300w\" sizes=\"(max-width: 620px) 100vw, 620px\" \/><\/a><\/p>\n<p><a href=\"http:\/\/www.blog.naszdzien.com.pl\/wp-content\/uploads\/2011\/03\/0154.jpg\"><img loading=\"lazy\" src=\"http:\/\/www.blog.naszdzien.com.pl\/wp-content\/uploads\/2011\/03\/0154.jpg\" alt=\"\" title=\"zdj\u0119cia \u015blubne, fotografia \u015blubna, fotograf racib\u00f3rz, sesja w plenerze, szalony plener, reporta\u017c \u015blubny, gliwice, katowice, rybnik, bytom, tarnowskie g\u00f3ry, tychy, wodzis\u0142aw, fotograf, wideo, filmowanie wesel, wideo rejestracja, \u015bluby, wesela, imprezy\" width=\"620\" height=\"413\" class=\"aligncenter size-full wp-image-691\" srcset=\"http:\/\/www.naszdzien.com.pl\/blog\/wp-content\/uploads\/2011\/03\/0154.jpg 680w, http:\/\/www.naszdzien.com.pl\/blog\/wp-content\/uploads\/2011\/03\/0154-400x266.jpg 400w, http:\/\/www.naszdzien.com.pl\/blog\/wp-content\/uploads\/2011\/03\/0154-450x300.jpg 450w, http:\/\/www.naszdzien.com.pl\/blog\/wp-content\/uploads\/2011\/03\/0154-90x60.jpg 90w, http:\/\/www.naszdzien.com.pl\/blog\/wp-content\/uploads\/2011\/03\/0154-300x199.jpg 300w\" sizes=\"(max-width: 620px) 100vw, 620px\" \/><\/a><\/p>\n<p><a href=\"http:\/\/www.blog.naszdzien.com.pl\/wp-content\/uploads\/2011\/03\/0155.jpg\"><img loading=\"lazy\" src=\"http:\/\/www.blog.naszdzien.com.pl\/wp-content\/uploads\/2011\/03\/0155.jpg\" alt=\"\" title=\"zdj\u0119cia \u015blubne, fotografia \u015blubna, fotograf racib\u00f3rz, sesja w plenerze, szalony plener, reporta\u017c \u015blubny, gliwice, katowice, rybnik, bytom, tarnowskie g\u00f3ry, tychy, wodzis\u0142aw, fotograf, wideo, filmowanie wesel, wideo rejestracja, \u015bluby, wesela, imprezy\" width=\"620\" height=\"413\" class=\"aligncenter size-full wp-image-692\" srcset=\"http:\/\/www.naszdzien.com.pl\/blog\/wp-content\/uploads\/2011\/03\/0155.jpg 680w, http:\/\/www.naszdzien.com.pl\/blog\/wp-content\/uploads\/2011\/03\/0155-400x266.jpg 400w, http:\/\/www.naszdzien.com.pl\/blog\/wp-content\/uploads\/2011\/03\/0155-450x300.jpg 450w, http:\/\/www.naszdzien.com.pl\/blog\/wp-content\/uploads\/2011\/03\/0155-90x60.jpg 90w, http:\/\/www.naszdzien.com.pl\/blog\/wp-content\/uploads\/2011\/03\/0155-300x199.jpg 300w\" sizes=\"(max-width: 620px) 100vw, 620px\" \/><\/a><\/p>\n<p><a href=\"http:\/\/www.blog.naszdzien.com.pl\/wp-content\/uploads\/2011\/03\/0167.jpg\"><img loading=\"lazy\" src=\"http:\/\/www.blog.naszdzien.com.pl\/wp-content\/uploads\/2011\/03\/0167.jpg\" alt=\"\" title=\"zdj\u0119cia \u015blubne, fotografia \u015blubna, fotograf racib\u00f3rz, sesja w plenerze, szalony plener, reporta\u017c \u015blubny, gliwice, katowice, rybnik, bytom, tarnowskie g\u00f3ry, tychy, wodzis\u0142aw, fotograf, wideo, filmowanie wesel, wideo rejestracja, \u015bluby, wesela, imprezy\" width=\"620\" height=\"413\" class=\"aligncenter size-full wp-image-693\" srcset=\"http:\/\/www.naszdzien.com.pl\/blog\/wp-content\/uploads\/2011\/03\/0167.jpg 680w, http:\/\/www.naszdzien.com.pl\/blog\/wp-content\/uploads\/2011\/03\/0167-400x266.jpg 400w, http:\/\/www.naszdzien.com.pl\/blog\/wp-content\/uploads\/2011\/03\/0167-450x300.jpg 450w, http:\/\/www.naszdzien.com.pl\/blog\/wp-content\/uploads\/2011\/03\/0167-90x60.jpg 90w, http:\/\/www.naszdzien.com.pl\/blog\/wp-content\/uploads\/2011\/03\/0167-300x199.jpg 300w\" sizes=\"(max-width: 620px) 100vw, 620px\" \/><\/a><\/p>\n<p><a href=\"http:\/\/www.blog.naszdzien.com.pl\/wp-content\/uploads\/2011\/03\/0170.jpg\"><img loading=\"lazy\" src=\"http:\/\/www.blog.naszdzien.com.pl\/wp-content\/uploads\/2011\/03\/0170.jpg\" alt=\"\" title=\"zdj\u0119cia \u015blubne, fotografia \u015blubna, fotograf racib\u00f3rz, sesja w plenerze, szalony plener, reporta\u017c \u015blubny, gliwice, katowice, rybnik, bytom, tarnowskie g\u00f3ry, tychy, wodzis\u0142aw, fotograf, wideo, filmowanie wesel, wideo rejestracja, \u015bluby, wesela, imprezy\" width=\"620\" height=\"413\" class=\"aligncenter size-full wp-image-694\" srcset=\"http:\/\/www.naszdzien.com.pl\/blog\/wp-content\/uploads\/2011\/03\/0170.jpg 680w, http:\/\/www.naszdzien.com.pl\/blog\/wp-content\/uploads\/2011\/03\/0170-400x266.jpg 400w, http:\/\/www.naszdzien.com.pl\/blog\/wp-content\/uploads\/2011\/03\/0170-450x300.jpg 450w, http:\/\/www.naszdzien.com.pl\/blog\/wp-content\/uploads\/2011\/03\/0170-90x60.jpg 90w, http:\/\/www.naszdzien.com.pl\/blog\/wp-content\/uploads\/2011\/03\/0170-300x199.jpg 300w\" sizes=\"(max-width: 620px) 100vw, 620px\" \/><\/a><\/p>\n<p><a href=\"http:\/\/www.blog.naszdzien.com.pl\/wp-content\/uploads\/2011\/03\/0188.jpg\"><img loading=\"lazy\" src=\"http:\/\/www.blog.naszdzien.com.pl\/wp-content\/uploads\/2011\/03\/0188.jpg\" alt=\"\" title=\"zdj\u0119cia \u015blubne, fotografia \u015blubna, fotograf racib\u00f3rz, sesja w plenerze, szalony plener, reporta\u017c \u015blubny, gliwice, katowice, rybnik, bytom, tarnowskie g\u00f3ry, tychy, wodzis\u0142aw, fotograf, wideo, filmowanie wesel, wideo rejestracja, \u015bluby, wesela, imprezy\" width=\"620\" height=\"413\" class=\"aligncenter size-full wp-image-695\" srcset=\"http:\/\/www.naszdzien.com.pl\/blog\/wp-content\/uploads\/2011\/03\/0188.jpg 680w, http:\/\/www.naszdzien.com.pl\/blog\/wp-content\/uploads\/2011\/03\/0188-400x266.jpg 400w, http:\/\/www.naszdzien.com.pl\/blog\/wp-content\/uploads\/2011\/03\/0188-450x300.jpg 450w, http:\/\/www.naszdzien.com.pl\/blog\/wp-content\/uploads\/2011\/03\/0188-90x60.jpg 90w, http:\/\/www.naszdzien.com.pl\/blog\/wp-content\/uploads\/2011\/03\/0188-300x199.jpg 300w\" sizes=\"(max-width: 620px) 100vw, 620px\" \/><\/a><\/p>\n<p><a href=\"http:\/\/www.blog.naszdzien.com.pl\/wp-content\/uploads\/2011\/03\/0201.jpg\"><img loading=\"lazy\" src=\"http:\/\/www.blog.naszdzien.com.pl\/wp-content\/uploads\/2011\/03\/0201.jpg\" alt=\"\" title=\"zdj\u0119cia \u015blubne, fotografia \u015blubna, fotograf racib\u00f3rz, sesja w plenerze, szalony plener, reporta\u017c \u015blubny, gliwice, katowice, rybnik, bytom, tarnowskie g\u00f3ry, tychy, wodzis\u0142aw, fotograf, wideo, filmowanie wesel, wideo rejestracja, \u015bluby, wesela, imprezy\" width=\"620\" height=\"413\" class=\"aligncenter size-full wp-image-696\" srcset=\"http:\/\/www.naszdzien.com.pl\/blog\/wp-content\/uploads\/2011\/03\/0201.jpg 680w, http:\/\/www.naszdzien.com.pl\/blog\/wp-content\/uploads\/2011\/03\/0201-400x266.jpg 400w, http:\/\/www.naszdzien.com.pl\/blog\/wp-content\/uploads\/2011\/03\/0201-450x300.jpg 450w, http:\/\/www.naszdzien.com.pl\/blog\/wp-content\/uploads\/2011\/03\/0201-90x60.jpg 90w, http:\/\/www.naszdzien.com.pl\/blog\/wp-content\/uploads\/2011\/03\/0201-300x199.jpg 300w\" sizes=\"(max-width: 620px) 100vw, 620px\" \/><\/a><\/p>\n<p><a href=\"http:\/\/www.blog.naszdzien.com.pl\/wp-content\/uploads\/2011\/03\/0227.jpg\"><img loading=\"lazy\" src=\"http:\/\/www.blog.naszdzien.com.pl\/wp-content\/uploads\/2011\/03\/0227.jpg\" alt=\"\" title=\"zdj\u0119cia \u015blubne, fotografia \u015blubna, fotograf racib\u00f3rz, sesja w plenerze, szalony plener, reporta\u017c \u015blubny, gliwice, katowice, rybnik, bytom, tarnowskie g\u00f3ry, tychy, wodzis\u0142aw, fotograf, wideo, filmowanie wesel, wideo rejestracja, \u015bluby, wesela, imprezy\" width=\"413\" height=\"620\" class=\"aligncenter size-full wp-image-697\" srcset=\"http:\/\/www.naszdzien.com.pl\/blog\/wp-content\/uploads\/2011\/03\/0227.jpg 453w, http:\/\/www.naszdzien.com.pl\/blog\/wp-content\/uploads\/2011\/03\/0227-266x400.jpg 266w, http:\/\/www.naszdzien.com.pl\/blog\/wp-content\/uploads\/2011\/03\/0227-40x60.jpg 40w, http:\/\/www.naszdzien.com.pl\/blog\/wp-content\/uploads\/2011\/03\/0227-199x300.jpg 199w\" sizes=\"(max-width: 413px) 100vw, 413px\" \/><\/a><\/p>\n<p><a href=\"http:\/\/www.blog.naszdzien.com.pl\/wp-content\/uploads\/2011\/03\/0238.jpg\"><img loading=\"lazy\" src=\"http:\/\/www.blog.naszdzien.com.pl\/wp-content\/uploads\/2011\/03\/0238.jpg\" alt=\"\" title=\"zdj\u0119cia \u015blubne, fotografia \u015blubna, fotograf racib\u00f3rz, sesja w plenerze, szalony plener, reporta\u017c \u015blubny, gliwice, katowice, rybnik, bytom, tarnowskie g\u00f3ry, tychy, wodzis\u0142aw, fotograf, wideo, filmowanie wesel, wideo rejestracja, \u015bluby, wesela, imprezy\" width=\"620\" height=\"413\" class=\"aligncenter size-full wp-image-698\" srcset=\"http:\/\/www.naszdzien.com.pl\/blog\/wp-content\/uploads\/2011\/03\/0238.jpg 680w, http:\/\/www.naszdzien.com.pl\/blog\/wp-content\/uploads\/2011\/03\/0238-400x266.jpg 400w, http:\/\/www.naszdzien.com.pl\/blog\/wp-content\/uploads\/2011\/03\/0238-450x300.jpg 450w, http:\/\/www.naszdzien.com.pl\/blog\/wp-content\/uploads\/2011\/03\/0238-90x60.jpg 90w, http:\/\/www.naszdzien.com.pl\/blog\/wp-content\/uploads\/2011\/03\/0238-300x199.jpg 300w\" sizes=\"(max-width: 620px) 100vw, 620px\" \/><\/a><\/p>\n<p><a href=\"http:\/\/www.blog.naszdzien.com.pl\/wp-content\/uploads\/2011\/03\/0244.jpg\"><img loading=\"lazy\" src=\"http:\/\/www.blog.naszdzien.com.pl\/wp-content\/uploads\/2011\/03\/0244.jpg\" alt=\"\" title=\"zdj\u0119cia \u015blubne, fotografia \u015blubna, fotograf racib\u00f3rz, sesja w plenerze, szalony plener, reporta\u017c \u015blubny, gliwice, katowice, rybnik, bytom, tarnowskie g\u00f3ry, tychy, wodzis\u0142aw, fotograf, wideo, filmowanie wesel, wideo rejestracja, \u015bluby, wesela, imprezy\" width=\"620\" height=\"413\" class=\"aligncenter size-full wp-image-699\" srcset=\"http:\/\/www.naszdzien.com.pl\/blog\/wp-content\/uploads\/2011\/03\/0244.jpg 680w, http:\/\/www.naszdzien.com.pl\/blog\/wp-content\/uploads\/2011\/03\/0244-400x266.jpg 400w, http:\/\/www.naszdzien.com.pl\/blog\/wp-content\/uploads\/2011\/03\/0244-450x300.jpg 450w, http:\/\/www.naszdzien.com.pl\/blog\/wp-content\/uploads\/2011\/03\/0244-90x60.jpg 90w, http:\/\/www.naszdzien.com.pl\/blog\/wp-content\/uploads\/2011\/03\/0244-300x199.jpg 300w\" sizes=\"(max-width: 620px) 100vw, 620px\" \/><\/a><\/p>\n<p><a href=\"http:\/\/www.blog.naszdzien.com.pl\/wp-content\/uploads\/2011\/03\/0251.jpg\"><img loading=\"lazy\" src=\"http:\/\/www.blog.naszdzien.com.pl\/wp-content\/uploads\/2011\/03\/0251.jpg\" alt=\"\" title=\"zdj\u0119cia \u015blubne, fotografia \u015blubna, fotograf racib\u00f3rz, sesja w plenerze, szalony plener, reporta\u017c \u015blubny, gliwice, katowice, rybnik, bytom, tarnowskie g\u00f3ry, tychy, wodzis\u0142aw, fotograf, wideo, filmowanie wesel, wideo rejestracja, \u015bluby, wesela, imprezy\" width=\"413\" height=\"620\" class=\"aligncenter size-full wp-image-700\" srcset=\"http:\/\/www.naszdzien.com.pl\/blog\/wp-content\/uploads\/2011\/03\/0251.jpg 452w, http:\/\/www.naszdzien.com.pl\/blog\/wp-content\/uploads\/2011\/03\/0251-266x400.jpg 266w, http:\/\/www.naszdzien.com.pl\/blog\/wp-content\/uploads\/2011\/03\/0251-40x60.jpg 40w, http:\/\/www.naszdzien.com.pl\/blog\/wp-content\/uploads\/2011\/03\/0251-199x300.jpg 199w\" sizes=\"(max-width: 413px) 100vw, 413px\" \/><\/a><\/p>\n<p><a href=\"http:\/\/www.blog.naszdzien.com.pl\/wp-content\/uploads\/2011\/03\/0270.jpg\"><img loading=\"lazy\" src=\"http:\/\/www.blog.naszdzien.com.pl\/wp-content\/uploads\/2011\/03\/0270.jpg\" alt=\"\" title=\"zdj\u0119cia \u015blubne, fotografia \u015blubna, fotograf racib\u00f3rz, sesja w plenerze, szalony plener, reporta\u017c \u015blubny, gliwice, katowice, rybnik, bytom, tarnowskie g\u00f3ry, tychy, wodzis\u0142aw, fotograf, wideo, filmowanie wesel, wideo rejestracja, \u015bluby, wesela, imprezy\" width=\"413\" height=\"620\" class=\"aligncenter size-full wp-image-701\" srcset=\"http:\/\/www.naszdzien.com.pl\/blog\/wp-content\/uploads\/2011\/03\/0270.jpg 453w, http:\/\/www.naszdzien.com.pl\/blog\/wp-content\/uploads\/2011\/03\/0270-266x400.jpg 266w, http:\/\/www.naszdzien.com.pl\/blog\/wp-content\/uploads\/2011\/03\/0270-40x60.jpg 40w, http:\/\/www.naszdzien.com.pl\/blog\/wp-content\/uploads\/2011\/03\/0270-199x300.jpg 199w\" sizes=\"(max-width: 413px) 100vw, 413px\" \/><\/a><\/p>\n<p><a href=\"http:\/\/www.blog.naszdzien.com.pl\/wp-content\/uploads\/2011\/03\/0280.jpg\"><img loading=\"lazy\" src=\"http:\/\/www.blog.naszdzien.com.pl\/wp-content\/uploads\/2011\/03\/0280.jpg\" alt=\"\" title=\"zdj\u0119cia \u015blubne, fotografia \u015blubna, fotograf racib\u00f3rz, sesja w plenerze, szalony plener, reporta\u017c \u015blubny, gliwice, katowice, rybnik, bytom, tarnowskie g\u00f3ry, tychy, wodzis\u0142aw, fotograf, wideo, filmowanie wesel, wideo rejestracja, \u015bluby, wesela, imprezy\" width=\"620\" height=\"413\" class=\"aligncenter size-full wp-image-702\" srcset=\"http:\/\/www.naszdzien.com.pl\/blog\/wp-content\/uploads\/2011\/03\/0280.jpg 680w, http:\/\/www.naszdzien.com.pl\/blog\/wp-content\/uploads\/2011\/03\/0280-400x266.jpg 400w, http:\/\/www.naszdzien.com.pl\/blog\/wp-content\/uploads\/2011\/03\/0280-450x300.jpg 450w, http:\/\/www.naszdzien.com.pl\/blog\/wp-content\/uploads\/2011\/03\/0280-90x60.jpg 90w, http:\/\/www.naszdzien.com.pl\/blog\/wp-content\/uploads\/2011\/03\/0280-300x199.jpg 300w\" sizes=\"(max-width: 620px) 100vw, 620px\" \/><\/a><\/p>\n<p><a href=\"http:\/\/www.blog.naszdzien.com.pl\/wp-content\/uploads\/2011\/03\/0366.jpg\"><img loading=\"lazy\" src=\"http:\/\/www.blog.naszdzien.com.pl\/wp-content\/uploads\/2011\/03\/0366.jpg\" alt=\"\" title=\"zdj\u0119cia \u015blubne, fotografia \u015blubna, fotograf racib\u00f3rz, sesja w plenerze, szalony plener, reporta\u017c \u015blubny, gliwice, katowice, rybnik, bytom, tarnowskie g\u00f3ry, tychy, wodzis\u0142aw, fotograf, wideo, filmowanie wesel, wideo rejestracja, \u015bluby, wesela, imprezy\" width=\"620\" height=\"413\" class=\"aligncenter size-full wp-image-703\" srcset=\"http:\/\/www.naszdzien.com.pl\/blog\/wp-content\/uploads\/2011\/03\/0366.jpg 680w, http:\/\/www.naszdzien.com.pl\/blog\/wp-content\/uploads\/2011\/03\/0366-400x266.jpg 400w, http:\/\/www.naszdzien.com.pl\/blog\/wp-content\/uploads\/2011\/03\/0366-450x300.jpg 450w, http:\/\/www.naszdzien.com.pl\/blog\/wp-content\/uploads\/2011\/03\/0366-90x60.jpg 90w, http:\/\/www.naszdzien.com.pl\/blog\/wp-content\/uploads\/2011\/03\/0366-300x199.jpg 300w\" sizes=\"(max-width: 620px) 100vw, 620px\" \/><\/a><\/p>\n<p><a href=\"http:\/\/www.blog.naszdzien.com.pl\/wp-content\/uploads\/2011\/03\/0368.jpg\"><img loading=\"lazy\" src=\"http:\/\/www.blog.naszdzien.com.pl\/wp-content\/uploads\/2011\/03\/0368.jpg\" alt=\"\" title=\"zdj\u0119cia \u015blubne, fotografia \u015blubna, fotograf racib\u00f3rz, sesja w plenerze, szalony plener, reporta\u017c \u015blubny, gliwice, katowice, rybnik, bytom, tarnowskie g\u00f3ry, tychy, wodzis\u0142aw, fotograf, wideo, filmowanie wesel, wideo rejestracja, \u015bluby, wesela, imprezy\" width=\"620\" height=\"413\" class=\"aligncenter size-full wp-image-704\" srcset=\"http:\/\/www.naszdzien.com.pl\/blog\/wp-content\/uploads\/2011\/03\/0368.jpg 680w, http:\/\/www.naszdzien.com.pl\/blog\/wp-content\/uploads\/2011\/03\/0368-400x266.jpg 400w, http:\/\/www.naszdzien.com.pl\/blog\/wp-content\/uploads\/2011\/03\/0368-450x300.jpg 450w, http:\/\/www.naszdzien.com.pl\/blog\/wp-content\/uploads\/2011\/03\/0368-90x60.jpg 90w, http:\/\/www.naszdzien.com.pl\/blog\/wp-content\/uploads\/2011\/03\/0368-300x199.jpg 300w\" sizes=\"(max-width: 620px) 100vw, 620px\" \/><\/a><\/p>\n<p><a href=\"http:\/\/www.blog.naszdzien.com.pl\/wp-content\/uploads\/2011\/03\/0370.jpg\"><img loading=\"lazy\" src=\"http:\/\/www.blog.naszdzien.com.pl\/wp-content\/uploads\/2011\/03\/0370.jpg\" alt=\"\" title=\"zdj\u0119cia \u015blubne, fotografia \u015blubna, fotograf racib\u00f3rz, sesja w plenerze, szalony plener, reporta\u017c \u015blubny, gliwice, katowice, rybnik, bytom, tarnowskie g\u00f3ry, tychy, wodzis\u0142aw, fotograf, wideo, filmowanie wesel, wideo rejestracja, \u015bluby, wesela, imprezy\" width=\"620\" height=\"413\" class=\"aligncenter size-full wp-image-705\" srcset=\"http:\/\/www.naszdzien.com.pl\/blog\/wp-content\/uploads\/2011\/03\/0370.jpg 680w, http:\/\/www.naszdzien.com.pl\/blog\/wp-content\/uploads\/2011\/03\/0370-400x266.jpg 400w, http:\/\/www.naszdzien.com.pl\/blog\/wp-content\/uploads\/2011\/03\/0370-450x300.jpg 450w, http:\/\/www.naszdzien.com.pl\/blog\/wp-content\/uploads\/2011\/03\/0370-90x60.jpg 90w, http:\/\/www.naszdzien.com.pl\/blog\/wp-content\/uploads\/2011\/03\/0370-300x199.jpg 300w\" sizes=\"(max-width: 620px) 100vw, 620px\" \/><\/a><\/p>\n<p><a href=\"http:\/\/www.blog.naszdzien.com.pl\/wp-content\/uploads\/2011\/03\/0371.jpg\"><img loading=\"lazy\" src=\"http:\/\/www.blog.naszdzien.com.pl\/wp-content\/uploads\/2011\/03\/0371.jpg\" alt=\"\" title=\"zdj\u0119cia \u015blubne, fotografia \u015blubna, fotograf racib\u00f3rz, sesja w plenerze, szalony plener, reporta\u017c \u015blubny, gliwice, katowice, rybnik, bytom, tarnowskie g\u00f3ry, tychy, wodzis\u0142aw, fotograf, wideo, filmowanie wesel, wideo rejestracja, \u015bluby, wesela, imprezy\" width=\"620\" height=\"413\" class=\"aligncenter size-full wp-image-706\" srcset=\"http:\/\/www.naszdzien.com.pl\/blog\/wp-content\/uploads\/2011\/03\/0371.jpg 680w, http:\/\/www.naszdzien.com.pl\/blog\/wp-content\/uploads\/2011\/03\/0371-400x266.jpg 400w, http:\/\/www.naszdzien.com.pl\/blog\/wp-content\/uploads\/2011\/03\/0371-450x300.jpg 450w, http:\/\/www.naszdzien.com.pl\/blog\/wp-content\/uploads\/2011\/03\/0371-90x60.jpg 90w, http:\/\/www.naszdzien.com.pl\/blog\/wp-content\/uploads\/2011\/03\/0371-300x199.jpg 300w\" sizes=\"(max-width: 620px) 100vw, 620px\" \/><\/a><\/p>\n<p><a href=\"http:\/\/www.blog.naszdzien.com.pl\/wp-content\/uploads\/2011\/03\/0375.jpg\"><img loading=\"lazy\" src=\"http:\/\/www.blog.naszdzien.com.pl\/wp-content\/uploads\/2011\/03\/0375.jpg\" alt=\"\" title=\"zdj\u0119cia \u015blubne, fotografia \u015blubna, fotograf racib\u00f3rz, sesja w plenerze, szalony plener, reporta\u017c \u015blubny, gliwice, katowice, rybnik, bytom, tarnowskie g\u00f3ry, tychy, wodzis\u0142aw, fotograf, wideo, filmowanie wesel, wideo rejestracja, \u015bluby, wesela, imprezy\" width=\"620\" height=\"413\" class=\"aligncenter size-full wp-image-707\" srcset=\"http:\/\/www.naszdzien.com.pl\/blog\/wp-content\/uploads\/2011\/03\/0375.jpg 680w, http:\/\/www.naszdzien.com.pl\/blog\/wp-content\/uploads\/2011\/03\/0375-400x266.jpg 400w, http:\/\/www.naszdzien.com.pl\/blog\/wp-content\/uploads\/2011\/03\/0375-450x300.jpg 450w, http:\/\/www.naszdzien.com.pl\/blog\/wp-content\/uploads\/2011\/03\/0375-90x60.jpg 90w, http:\/\/www.naszdzien.com.pl\/blog\/wp-content\/uploads\/2011\/03\/0375-300x199.jpg 300w\" sizes=\"(max-width: 620px) 100vw, 620px\" \/><\/a><\/p>\n<p><a href=\"http:\/\/www.blog.naszdzien.com.pl\/wp-content\/uploads\/2011\/03\/0378.jpg\"><img loading=\"lazy\" src=\"http:\/\/www.blog.naszdzien.com.pl\/wp-content\/uploads\/2011\/03\/0378.jpg\" alt=\"\" title=\"zdj\u0119cia \u015blubne, fotografia \u015blubna, fotograf racib\u00f3rz, sesja w plenerze, szalony plener, reporta\u017c \u015blubny, gliwice, katowice, rybnik, bytom, tarnowskie g\u00f3ry, tychy, wodzis\u0142aw, fotograf, wideo, filmowanie wesel, wideo rejestracja, \u015bluby, wesela, imprezy\" width=\"620\" height=\"413\" class=\"aligncenter size-full wp-image-708\" srcset=\"http:\/\/www.naszdzien.com.pl\/blog\/wp-content\/uploads\/2011\/03\/0378.jpg 680w, http:\/\/www.naszdzien.com.pl\/blog\/wp-content\/uploads\/2011\/03\/0378-400x266.jpg 400w, http:\/\/www.naszdzien.com.pl\/blog\/wp-content\/uploads\/2011\/03\/0378-450x300.jpg 450w, http:\/\/www.naszdzien.com.pl\/blog\/wp-content\/uploads\/2011\/03\/0378-90x60.jpg 90w, http:\/\/www.naszdzien.com.pl\/blog\/wp-content\/uploads\/2011\/03\/0378-300x199.jpg 300w\" sizes=\"(max-width: 620px) 100vw, 620px\" \/><\/a><\/p>\n<p><a href=\"http:\/\/www.blog.naszdzien.com.pl\/wp-content\/uploads\/2011\/03\/0391.jpg\"><img loading=\"lazy\" src=\"http:\/\/www.blog.naszdzien.com.pl\/wp-content\/uploads\/2011\/03\/0391.jpg\" alt=\"\" title=\"zdj\u0119cia \u015blubne, fotografia \u015blubna, fotograf racib\u00f3rz, sesja w plenerze, szalony plener, reporta\u017c \u015blubny, gliwice, katowice, rybnik, bytom, tarnowskie g\u00f3ry, tychy, wodzis\u0142aw, fotograf, wideo, filmowanie wesel, wideo rejestracja, \u015bluby, wesela, imprezy\" width=\"413\" height=\"620\" class=\"aligncenter size-full wp-image-709\" srcset=\"http:\/\/www.naszdzien.com.pl\/blog\/wp-content\/uploads\/2011\/03\/0391.jpg 452w, http:\/\/www.naszdzien.com.pl\/blog\/wp-content\/uploads\/2011\/03\/0391-266x400.jpg 266w, http:\/\/www.naszdzien.com.pl\/blog\/wp-content\/uploads\/2011\/03\/0391-40x60.jpg 40w, http:\/\/www.naszdzien.com.pl\/blog\/wp-content\/uploads\/2011\/03\/0391-199x300.jpg 199w\" sizes=\"(max-width: 413px) 100vw, 413px\" \/><\/a><\/p>\n<p><a href=\"http:\/\/www.blog.naszdzien.com.pl\/wp-content\/uploads\/2011\/03\/0395.jpg\"><img loading=\"lazy\" src=\"http:\/\/www.blog.naszdzien.com.pl\/wp-content\/uploads\/2011\/03\/0395.jpg\" alt=\"\" title=\"zdj\u0119cia \u015blubne, fotografia \u015blubna, fotograf racib\u00f3rz, sesja w plenerze, szalony plener, reporta\u017c \u015blubny, gliwice, katowice, rybnik, bytom, tarnowskie g\u00f3ry, tychy, wodzis\u0142aw, fotograf, wideo, filmowanie wesel, wideo rejestracja, \u015bluby, wesela, imprezy\" width=\"413\" height=\"620\" class=\"aligncenter size-full wp-image-710\" srcset=\"http:\/\/www.naszdzien.com.pl\/blog\/wp-content\/uploads\/2011\/03\/0395.jpg 452w, http:\/\/www.naszdzien.com.pl\/blog\/wp-content\/uploads\/2011\/03\/0395-266x400.jpg 266w, http:\/\/www.naszdzien.com.pl\/blog\/wp-content\/uploads\/2011\/03\/0395-40x60.jpg 40w, http:\/\/www.naszdzien.com.pl\/blog\/wp-content\/uploads\/2011\/03\/0395-199x300.jpg 199w\" sizes=\"(max-width: 413px) 100vw, 413px\" \/><\/a><\/p>\n<p><a href=\"http:\/\/www.blog.naszdzien.com.pl\/wp-content\/uploads\/2011\/03\/0400.jpg\"><img loading=\"lazy\" src=\"http:\/\/www.blog.naszdzien.com.pl\/wp-content\/uploads\/2011\/03\/0400.jpg\" alt=\"\" title=\"zdj\u0119cia \u015blubne, fotografia \u015blubna, fotograf racib\u00f3rz, sesja w plenerze, szalony plener, reporta\u017c \u015blubny, gliwice, katowice, rybnik, bytom, tarnowskie g\u00f3ry, tychy, wodzis\u0142aw, fotograf, wideo, filmowanie wesel, wideo rejestracja, \u015bluby, wesela, imprezy\" width=\"620\" height=\"413\" class=\"aligncenter size-full wp-image-711\" srcset=\"http:\/\/www.naszdzien.com.pl\/blog\/wp-content\/uploads\/2011\/03\/0400.jpg 680w, http:\/\/www.naszdzien.com.pl\/blog\/wp-content\/uploads\/2011\/03\/0400-400x266.jpg 400w, http:\/\/www.naszdzien.com.pl\/blog\/wp-content\/uploads\/2011\/03\/0400-450x300.jpg 450w, http:\/\/www.naszdzien.com.pl\/blog\/wp-content\/uploads\/2011\/03\/0400-90x60.jpg 90w, http:\/\/www.naszdzien.com.pl\/blog\/wp-content\/uploads\/2011\/03\/0400-300x199.jpg 300w\" sizes=\"(max-width: 620px) 100vw, 620px\" \/><\/a><\/p>\n<p><a href=\"http:\/\/www.blog.naszdzien.com.pl\/wp-content\/uploads\/2011\/03\/0420.jpg\"><img loading=\"lazy\" src=\"http:\/\/www.blog.naszdzien.com.pl\/wp-content\/uploads\/2011\/03\/0420.jpg\" alt=\"\" title=\"zdj\u0119cia \u015blubne, fotografia \u015blubna, fotograf racib\u00f3rz, sesja w plenerze, szalony plener, reporta\u017c \u015blubny, gliwice, katowice, rybnik, bytom, tarnowskie g\u00f3ry, tychy, wodzis\u0142aw, fotograf, wideo, filmowanie wesel, wideo rejestracja, \u015bluby, wesela, imprezy\" width=\"620\" height=\"413\" class=\"aligncenter size-full wp-image-712\" srcset=\"http:\/\/www.naszdzien.com.pl\/blog\/wp-content\/uploads\/2011\/03\/0420.jpg 680w, http:\/\/www.naszdzien.com.pl\/blog\/wp-content\/uploads\/2011\/03\/0420-300x199.jpg 300w\" sizes=\"(max-width: 620px) 100vw, 620px\" \/><\/a><\/p>\n<p><a href=\"http:\/\/www.blog.naszdzien.com.pl\/wp-content\/uploads\/2011\/03\/0425.jpg\"><img loading=\"lazy\" src=\"http:\/\/www.blog.naszdzien.com.pl\/wp-content\/uploads\/2011\/03\/0425.jpg\" alt=\"\" title=\"zdj\u0119cia \u015blubne, fotografia \u015blubna, fotograf racib\u00f3rz, sesja w plenerze, szalony plener, reporta\u017c \u015blubny, gliwice, katowice, rybnik, bytom, tarnowskie g\u00f3ry, tychy, wodzis\u0142aw, fotograf, wideo, filmowanie wesel, wideo rejestracja, \u015bluby, wesela, imprezy\" width=\"620\" height=\"413\" class=\"aligncenter size-full wp-image-713\" srcset=\"http:\/\/www.naszdzien.com.pl\/blog\/wp-content\/uploads\/2011\/03\/0425.jpg 680w, http:\/\/www.naszdzien.com.pl\/blog\/wp-content\/uploads\/2011\/03\/0425-400x266.jpg 400w, http:\/\/www.naszdzien.com.pl\/blog\/wp-content\/uploads\/2011\/03\/0425-450x300.jpg 450w, http:\/\/www.naszdzien.com.pl\/blog\/wp-content\/uploads\/2011\/03\/0425-90x60.jpg 90w, http:\/\/www.naszdzien.com.pl\/blog\/wp-content\/uploads\/2011\/03\/0425-300x199.jpg 300w\" sizes=\"(max-width: 620px) 100vw, 620px\" \/><\/a><\/p>\n<p><a href=\"http:\/\/www.blog.naszdzien.com.pl\/wp-content\/uploads\/2011\/03\/0430.jpg\"><img loading=\"lazy\" src=\"http:\/\/www.blog.naszdzien.com.pl\/wp-content\/uploads\/2011\/03\/0430.jpg\" alt=\"\" title=\"zdj\u0119cia \u015blubne, fotografia \u015blubna, fotograf racib\u00f3rz, sesja w plenerze, szalony plener, reporta\u017c \u015blubny, gliwice, katowice, rybnik, bytom, tarnowskie g\u00f3ry, tychy, wodzis\u0142aw, fotograf, wideo, filmowanie wesel, wideo rejestracja, \u015bluby, wesela, imprezy\" width=\"620\" height=\"413\" class=\"aligncenter size-full wp-image-714\" srcset=\"http:\/\/www.naszdzien.com.pl\/blog\/wp-content\/uploads\/2011\/03\/0430.jpg 680w, http:\/\/www.naszdzien.com.pl\/blog\/wp-content\/uploads\/2011\/03\/0430-400x266.jpg 400w, http:\/\/www.naszdzien.com.pl\/blog\/wp-content\/uploads\/2011\/03\/0430-450x300.jpg 450w, http:\/\/www.naszdzien.com.pl\/blog\/wp-content\/uploads\/2011\/03\/0430-90x60.jpg 90w, http:\/\/www.naszdzien.com.pl\/blog\/wp-content\/uploads\/2011\/03\/0430-300x199.jpg 300w\" sizes=\"(max-width: 620px) 100vw, 620px\" \/><\/a><\/p>\n<p><a href=\"http:\/\/www.blog.naszdzien.com.pl\/wp-content\/uploads\/2011\/03\/0433.jpg\"><img loading=\"lazy\" src=\"http:\/\/www.blog.naszdzien.com.pl\/wp-content\/uploads\/2011\/03\/0433.jpg\" alt=\"\" title=\"zdj\u0119cia \u015blubne, fotografia \u015blubna, fotograf racib\u00f3rz, sesja w plenerze, szalony plener, reporta\u017c \u015blubny, gliwice, katowice, rybnik, bytom, tarnowskie g\u00f3ry, tychy, wodzis\u0142aw, fotograf, wideo, filmowanie wesel, wideo rejestracja, \u015bluby, wesela, imprezy\" width=\"413\" height=\"620\" class=\"aligncenter size-full wp-image-715\" srcset=\"http:\/\/www.naszdzien.com.pl\/blog\/wp-content\/uploads\/2011\/03\/0433.jpg 453w, http:\/\/www.naszdzien.com.pl\/blog\/wp-content\/uploads\/2011\/03\/0433-266x400.jpg 266w, http:\/\/www.naszdzien.com.pl\/blog\/wp-content\/uploads\/2011\/03\/0433-40x60.jpg 40w, http:\/\/www.naszdzien.com.pl\/blog\/wp-content\/uploads\/2011\/03\/0433-199x300.jpg 199w\" sizes=\"(max-width: 413px) 100vw, 413px\" \/><\/a><\/p>\n<p><a href=\"http:\/\/www.blog.naszdzien.com.pl\/wp-content\/uploads\/2011\/03\/0436.jpg\"><img loading=\"lazy\" src=\"http:\/\/www.blog.naszdzien.com.pl\/wp-content\/uploads\/2011\/03\/0436.jpg\" alt=\"\" title=\"zdj\u0119cia \u015blubne, fotografia \u015blubna, fotograf racib\u00f3rz, sesja w plenerze, szalony plener, reporta\u017c \u015blubny, gliwice, katowice, rybnik, bytom, tarnowskie g\u00f3ry, tychy, wodzis\u0142aw, fotograf, wideo, filmowanie wesel, wideo rejestracja, \u015bluby, wesela, imprezy\" width=\"620\" height=\"413\" class=\"aligncenter size-full wp-image-716\" srcset=\"http:\/\/www.naszdzien.com.pl\/blog\/wp-content\/uploads\/2011\/03\/0436.jpg 680w, http:\/\/www.naszdzien.com.pl\/blog\/wp-content\/uploads\/2011\/03\/0436-400x266.jpg 400w, http:\/\/www.naszdzien.com.pl\/blog\/wp-content\/uploads\/2011\/03\/0436-450x300.jpg 450w, http:\/\/www.naszdzien.com.pl\/blog\/wp-content\/uploads\/2011\/03\/0436-90x60.jpg 90w, http:\/\/www.naszdzien.com.pl\/blog\/wp-content\/uploads\/2011\/03\/0436-300x199.jpg 300w\" sizes=\"(max-width: 620px) 100vw, 620px\" \/><\/a><\/p>\n<p><a href=\"http:\/\/www.blog.naszdzien.com.pl\/wp-content\/uploads\/2011\/03\/0440.jpg\"><img loading=\"lazy\" src=\"http:\/\/www.blog.naszdzien.com.pl\/wp-content\/uploads\/2011\/03\/0440.jpg\" alt=\"\" title=\"zdj\u0119cia \u015blubne, fotografia \u015blubna, fotograf racib\u00f3rz, sesja w plenerze, szalony plener, reporta\u017c \u015blubny, gliwice, katowice, rybnik, bytom, tarnowskie g\u00f3ry, tychy, wodzis\u0142aw, fotograf, wideo, filmowanie wesel, wideo rejestracja, \u015bluby, wesela, imprezy\" width=\"413\" height=\"620\" class=\"aligncenter size-full wp-image-717\" srcset=\"http:\/\/www.naszdzien.com.pl\/blog\/wp-content\/uploads\/2011\/03\/0440.jpg 453w, http:\/\/www.naszdzien.com.pl\/blog\/wp-content\/uploads\/2011\/03\/0440-266x400.jpg 266w, http:\/\/www.naszdzien.com.pl\/blog\/wp-content\/uploads\/2011\/03\/0440-40x60.jpg 40w, http:\/\/www.naszdzien.com.pl\/blog\/wp-content\/uploads\/2011\/03\/0440-199x300.jpg 199w\" sizes=\"(max-width: 413px) 100vw, 413px\" \/><\/a><\/p>\n<p><a href=\"http:\/\/www.blog.naszdzien.com.pl\/wp-content\/uploads\/2011\/03\/0443.jpg\"><img loading=\"lazy\" src=\"http:\/\/www.blog.naszdzien.com.pl\/wp-content\/uploads\/2011\/03\/0443.jpg\" alt=\"\" title=\"zdj\u0119cia \u015blubne, fotografia \u015blubna, fotograf racib\u00f3rz, sesja w plenerze, szalony plener, reporta\u017c \u015blubny, gliwice, katowice, rybnik, bytom, tarnowskie g\u00f3ry, tychy, wodzis\u0142aw, fotograf, wideo, filmowanie wesel, wideo rejestracja, \u015bluby, wesela, imprezy\" width=\"620\" height=\"413\" class=\"aligncenter size-full wp-image-718\" srcset=\"http:\/\/www.naszdzien.com.pl\/blog\/wp-content\/uploads\/2011\/03\/0443.jpg 680w, http:\/\/www.naszdzien.com.pl\/blog\/wp-content\/uploads\/2011\/03\/0443-400x266.jpg 400w, http:\/\/www.naszdzien.com.pl\/blog\/wp-content\/uploads\/2011\/03\/0443-450x300.jpg 450w, http:\/\/www.naszdzien.com.pl\/blog\/wp-content\/uploads\/2011\/03\/0443-90x60.jpg 90w, http:\/\/www.naszdzien.com.pl\/blog\/wp-content\/uploads\/2011\/03\/0443-300x199.jpg 300w\" sizes=\"(max-width: 620px) 100vw, 620px\" \/><\/a><\/p>\n<p><a href=\"http:\/\/www.blog.naszdzien.com.pl\/wp-content\/uploads\/2011\/03\/0449.jpg\"><img loading=\"lazy\" src=\"http:\/\/www.blog.naszdzien.com.pl\/wp-content\/uploads\/2011\/03\/0449.jpg\" alt=\"\" title=\"\" width=\"620\" height=\"413\" class=\"aligncenter size-full wp-image-719\" srcset=\"http:\/\/www.naszdzien.com.pl\/blog\/wp-content\/uploads\/2011\/03\/0449.jpg 680w, http:\/\/www.naszdzien.com.pl\/blog\/wp-content\/uploads\/2011\/03\/0449-400x266.jpg 400w, http:\/\/www.naszdzien.com.pl\/blog\/wp-content\/uploads\/2011\/03\/0449-450x300.jpg 450w, http:\/\/www.naszdzien.com.pl\/blog\/wp-content\/uploads\/2011\/03\/0449-90x60.jpg 90w, http:\/\/www.naszdzien.com.pl\/blog\/wp-content\/uploads\/2011\/03\/0449-300x199.jpg 300w\" sizes=\"(max-width: 620px) 100vw, 620px\" \/><\/a><\/p>\n<p><a href=\"http:\/\/www.blog.naszdzien.com.pl\/wp-content\/uploads\/2011\/03\/0454.jpg\"><img loading=\"lazy\" src=\"http:\/\/www.blog.naszdzien.com.pl\/wp-content\/uploads\/2011\/03\/0454.jpg\" alt=\"\" title=\"zdj\u0119cia \u015blubne, fotografia \u015blubna, fotograf racib\u00f3rz, sesja w plenerze, szalony plener, reporta\u017c \u015blubny, gliwice, katowice, rybnik, bytom, tarnowskie g\u00f3ry, tychy, wodzis\u0142aw, fotograf, wideo, filmowanie wesel, wideo rejestracja, \u015bluby, wesela, imprezy\" width=\"620\" height=\"413\" class=\"aligncenter size-full wp-image-720\" srcset=\"http:\/\/www.naszdzien.com.pl\/blog\/wp-content\/uploads\/2011\/03\/0454.jpg 680w, http:\/\/www.naszdzien.com.pl\/blog\/wp-content\/uploads\/2011\/03\/0454-400x266.jpg 400w, http:\/\/www.naszdzien.com.pl\/blog\/wp-content\/uploads\/2011\/03\/0454-450x300.jpg 450w, http:\/\/www.naszdzien.com.pl\/blog\/wp-content\/uploads\/2011\/03\/0454-90x60.jpg 90w, http:\/\/www.naszdzien.com.pl\/blog\/wp-content\/uploads\/2011\/03\/0454-300x199.jpg 300w\" sizes=\"(max-width: 620px) 100vw, 620px\" \/><\/a><\/p>\n<p><a href=\"http:\/\/www.blog.naszdzien.com.pl\/wp-content\/uploads\/2011\/03\/0460.jpg\"><img loading=\"lazy\" src=\"http:\/\/www.blog.naszdzien.com.pl\/wp-content\/uploads\/2011\/03\/0460.jpg\" alt=\"\" title=\"zdj\u0119cia \u015blubne, fotografia \u015blubna, fotograf racib\u00f3rz, sesja w plenerze, szalony plener, reporta\u017c \u015blubny, gliwice, katowice, rybnik, bytom, tarnowskie g\u00f3ry, tychy, wodzis\u0142aw, fotograf, wideo, filmowanie wesel, wideo rejestracja, \u015bluby, wesela, imprezy\" width=\"413\" height=\"620\" class=\"aligncenter size-full wp-image-721\" srcset=\"http:\/\/www.naszdzien.com.pl\/blog\/wp-content\/uploads\/2011\/03\/0460.jpg 452w, http:\/\/www.naszdzien.com.pl\/blog\/wp-content\/uploads\/2011\/03\/0460-266x400.jpg 266w, http:\/\/www.naszdzien.com.pl\/blog\/wp-content\/uploads\/2011\/03\/0460-40x60.jpg 40w, http:\/\/www.naszdzien.com.pl\/blog\/wp-content\/uploads\/2011\/03\/0460-199x300.jpg 199w\" sizes=\"(max-width: 413px) 100vw, 413px\" \/><\/a><\/p>\n<p><a href=\"http:\/\/www.blog.naszdzien.com.pl\/wp-content\/uploads\/2011\/03\/0936.jpg\"><img loading=\"lazy\" src=\"http:\/\/www.blog.naszdzien.com.pl\/wp-content\/uploads\/2011\/03\/0936.jpg\" alt=\"\" title=\"zdj\u0119cia \u015blubne, fotografia \u015blubna, fotograf racib\u00f3rz, sesja w plenerze, szalony plener, reporta\u017c \u015blubny, gliwice, katowice, rybnik, bytom, tarnowskie g\u00f3ry, tychy, wodzis\u0142aw, fotograf, wideo, filmowanie wesel, wideo rejestracja, \u015bluby, wesela, imprezy\" width=\"620\" height=\"413\" class=\"aligncenter size-full wp-image-722\" srcset=\"http:\/\/www.naszdzien.com.pl\/blog\/wp-content\/uploads\/2011\/03\/0936.jpg 680w, http:\/\/www.naszdzien.com.pl\/blog\/wp-content\/uploads\/2011\/03\/0936-400x266.jpg 400w, http:\/\/www.naszdzien.com.pl\/blog\/wp-content\/uploads\/2011\/03\/0936-450x300.jpg 450w, http:\/\/www.naszdzien.com.pl\/blog\/wp-content\/uploads\/2011\/03\/0936-90x60.jpg 90w, http:\/\/www.naszdzien.com.pl\/blog\/wp-content\/uploads\/2011\/03\/0936-300x199.jpg 300w\" sizes=\"(max-width: 620px) 100vw, 620px\" \/><\/a><\/p>\n<p><a href=\"http:\/\/www.blog.naszdzien.com.pl\/wp-content\/uploads\/2011\/03\/0937.jpg\"><img loading=\"lazy\" src=\"http:\/\/www.blog.naszdzien.com.pl\/wp-content\/uploads\/2011\/03\/0937.jpg\" alt=\"\" title=\"zdj\u0119cia \u015blubne, fotografia \u015blubna, fotograf racib\u00f3rz, sesja w plenerze, szalony plener, reporta\u017c \u015blubny, gliwice, katowice, rybnik, bytom, tarnowskie g\u00f3ry, tychy, wodzis\u0142aw, fotograf, wideo, filmowanie wesel, wideo rejestracja, \u015bluby, wesela, imprezy\" width=\"620\" height=\"413\" class=\"aligncenter size-full wp-image-723\" srcset=\"http:\/\/www.naszdzien.com.pl\/blog\/wp-content\/uploads\/2011\/03\/0937.jpg 680w, http:\/\/www.naszdzien.com.pl\/blog\/wp-content\/uploads\/2011\/03\/0937-400x266.jpg 400w, http:\/\/www.naszdzien.com.pl\/blog\/wp-content\/uploads\/2011\/03\/0937-450x300.jpg 450w, http:\/\/www.naszdzien.com.pl\/blog\/wp-content\/uploads\/2011\/03\/0937-90x60.jpg 90w, http:\/\/www.naszdzien.com.pl\/blog\/wp-content\/uploads\/2011\/03\/0937-300x199.jpg 300w\" sizes=\"(max-width: 620px) 100vw, 620px\" \/><\/a><\/p>\n<p><a href=\"http:\/\/www.blog.naszdzien.com.pl\/wp-content\/uploads\/2011\/03\/1225.jpg\"><img loading=\"lazy\" src=\"http:\/\/www.blog.naszdzien.com.pl\/wp-content\/uploads\/2011\/03\/1225.jpg\" alt=\"\" title=\"zdj\u0119cia \u015blubne, fotografia \u015blubna, fotograf racib\u00f3rz, sesja w plenerze, szalony plener, reporta\u017c \u015blubny, gliwice, katowice, rybnik, bytom, tarnowskie g\u00f3ry, tychy, wodzis\u0142aw, fotograf, wideo, filmowanie wesel, wideo rejestracja, \u015bluby, wesela, imprezy\" width=\"412\" height=\"620\" class=\"aligncenter size-full wp-image-724\" srcset=\"http:\/\/www.naszdzien.com.pl\/blog\/wp-content\/uploads\/2011\/03\/1225.jpg 452w, http:\/\/www.naszdzien.com.pl\/blog\/wp-content\/uploads\/2011\/03\/1225-266x400.jpg 266w, http:\/\/www.naszdzien.com.pl\/blog\/wp-content\/uploads\/2011\/03\/1225-40x60.jpg 40w, http:\/\/www.naszdzien.com.pl\/blog\/wp-content\/uploads\/2011\/03\/1225-199x300.jpg 199w\" sizes=\"(max-width: 412px) 100vw, 412px\" \/><\/a><\/p>\n<p><a href=\"http:\/\/www.blog.naszdzien.com.pl\/wp-content\/uploads\/2011\/03\/1230.jpg\"><img loading=\"lazy\" src=\"http:\/\/www.blog.naszdzien.com.pl\/wp-content\/uploads\/2011\/03\/1230.jpg\" alt=\"\" title=\"zdj\u0119cia \u015blubne, fotografia \u015blubna, fotograf racib\u00f3rz, sesja w plenerze, szalony plener, reporta\u017c \u015blubny, gliwice, katowice, rybnik, bytom, tarnowskie g\u00f3ry, tychy, wodzis\u0142aw, fotograf, wideo, filmowanie wesel, wideo rejestracja, \u015bluby, wesela, imprezy\" width=\"412\" height=\"620\" class=\"aligncenter size-full wp-image-725\" srcset=\"http:\/\/www.naszdzien.com.pl\/blog\/wp-content\/uploads\/2011\/03\/1230.jpg 452w, http:\/\/www.naszdzien.com.pl\/blog\/wp-content\/uploads\/2011\/03\/1230-266x400.jpg 266w, http:\/\/www.naszdzien.com.pl\/blog\/wp-content\/uploads\/2011\/03\/1230-40x60.jpg 40w, http:\/\/www.naszdzien.com.pl\/blog\/wp-content\/uploads\/2011\/03\/1230-199x300.jpg 199w\" sizes=\"(max-width: 412px) 100vw, 412px\" \/><\/a><\/p>\n<p><a href=\"http:\/\/www.blog.naszdzien.com.pl\/wp-content\/uploads\/2011\/03\/1231.jpg\"><img loading=\"lazy\" src=\"http:\/\/www.blog.naszdzien.com.pl\/wp-content\/uploads\/2011\/03\/1231.jpg\" alt=\"\" title=\"zdj\u0119cia \u015blubne, fotografia \u015blubna, fotograf racib\u00f3rz, sesja w plenerze, szalony plener, reporta\u017c \u015blubny, gliwice, katowice, rybnik, bytom, tarnowskie g\u00f3ry, tychy, wodzis\u0142aw, fotograf, wideo, filmowanie wesel, wideo rejestracja, \u015bluby, wesela, imprezy\" width=\"620\" height=\"413\" class=\"aligncenter size-full wp-image-726\" srcset=\"http:\/\/www.naszdzien.com.pl\/blog\/wp-content\/uploads\/2011\/03\/1231.jpg 680w, http:\/\/www.naszdzien.com.pl\/blog\/wp-content\/uploads\/2011\/03\/1231-400x266.jpg 400w, http:\/\/www.naszdzien.com.pl\/blog\/wp-content\/uploads\/2011\/03\/1231-450x300.jpg 450w, http:\/\/www.naszdzien.com.pl\/blog\/wp-content\/uploads\/2011\/03\/1231-90x60.jpg 90w, http:\/\/www.naszdzien.com.pl\/blog\/wp-content\/uploads\/2011\/03\/1231-300x199.jpg 300w\" sizes=\"(max-width: 620px) 100vw, 620px\" \/><\/a><\/p>\n<p><a href=\"http:\/\/www.blog.naszdzien.com.pl\/wp-content\/uploads\/2011\/03\/1253.jpg\"><img loading=\"lazy\" src=\"http:\/\/www.blog.naszdzien.com.pl\/wp-content\/uploads\/2011\/03\/1253.jpg\" alt=\"\" title=\"zdj\u0119cia \u015blubne, fotografia \u015blubna, fotograf racib\u00f3rz, sesja w plenerze, szalony plener, reporta\u017c \u015blubny, gliwice, katowice, rybnik, bytom, tarnowskie g\u00f3ry, tychy, wodzis\u0142aw, fotograf, wideo, filmowanie wesel, wideo rejestracja, \u015bluby, wesela, imprezy\" width=\"620\" height=\"413\" class=\"aligncenter size-full wp-image-727\" srcset=\"http:\/\/www.naszdzien.com.pl\/blog\/wp-content\/uploads\/2011\/03\/1253.jpg 680w, http:\/\/www.naszdzien.com.pl\/blog\/wp-content\/uploads\/2011\/03\/1253-400x266.jpg 400w, http:\/\/www.naszdzien.com.pl\/blog\/wp-content\/uploads\/2011\/03\/1253-450x300.jpg 450w, http:\/\/www.naszdzien.com.pl\/blog\/wp-content\/uploads\/2011\/03\/1253-90x60.jpg 90w, http:\/\/www.naszdzien.com.pl\/blog\/wp-content\/uploads\/2011\/03\/1253-300x199.jpg 300w\" sizes=\"(max-width: 620px) 100vw, 620px\" \/><\/a><\/p>\n<p><a href=\"http:\/\/www.blog.naszdzien.com.pl\/wp-content\/uploads\/2011\/03\/1254.jpg\"><img loading=\"lazy\" src=\"http:\/\/www.blog.naszdzien.com.pl\/wp-content\/uploads\/2011\/03\/1254.jpg\" alt=\"\" title=\"zdj\u0119cia \u015blubne, fotografia \u015blubna, fotograf racib\u00f3rz, sesja w plenerze, szalony plener, reporta\u017c \u015blubny, gliwice, katowice, rybnik, bytom, tarnowskie g\u00f3ry, tychy, wodzis\u0142aw, fotograf, wideo, filmowanie wesel, wideo rejestracja, \u015bluby, wesela, imprezy\" width=\"620\" height=\"413\" class=\"aligncenter size-full wp-image-728\" srcset=\"http:\/\/www.naszdzien.com.pl\/blog\/wp-content\/uploads\/2011\/03\/1254.jpg 680w, http:\/\/www.naszdzien.com.pl\/blog\/wp-content\/uploads\/2011\/03\/1254-400x266.jpg 400w, http:\/\/www.naszdzien.com.pl\/blog\/wp-content\/uploads\/2011\/03\/1254-450x300.jpg 450w, http:\/\/www.naszdzien.com.pl\/blog\/wp-content\/uploads\/2011\/03\/1254-90x60.jpg 90w, http:\/\/www.naszdzien.com.pl\/blog\/wp-content\/uploads\/2011\/03\/1254-300x199.jpg 300w\" sizes=\"(max-width: 620px) 100vw, 620px\" \/><\/a><\/p>\n<p><a href=\"http:\/\/www.blog.naszdzien.com.pl\/wp-content\/uploads\/2011\/03\/1273.jpg\"><img loading=\"lazy\" src=\"http:\/\/www.blog.naszdzien.com.pl\/wp-content\/uploads\/2011\/03\/1273.jpg\" alt=\"\" title=\"zdj\u0119cia \u015blubne, fotografia \u015blubna, fotograf racib\u00f3rz, sesja w plenerze, szalony plener, reporta\u017c \u015blubny, gliwice, katowice, rybnik, bytom, tarnowskie g\u00f3ry, tychy, wodzis\u0142aw, fotograf, wideo, filmowanie wesel, wideo rejestracja, \u015bluby, wesela, imprezy\" width=\"620\" height=\"413\" class=\"aligncenter size-full wp-image-729\" srcset=\"http:\/\/www.naszdzien.com.pl\/blog\/wp-content\/uploads\/2011\/03\/1273.jpg 680w, http:\/\/www.naszdzien.com.pl\/blog\/wp-content\/uploads\/2011\/03\/1273-400x266.jpg 400w, http:\/\/www.naszdzien.com.pl\/blog\/wp-content\/uploads\/2011\/03\/1273-450x300.jpg 450w, http:\/\/www.naszdzien.com.pl\/blog\/wp-content\/uploads\/2011\/03\/1273-90x60.jpg 90w, http:\/\/www.naszdzien.com.pl\/blog\/wp-content\/uploads\/2011\/03\/1273-300x199.jpg 300w\" sizes=\"(max-width: 620px) 100vw, 620px\" \/><\/a><\/p>\n<p><a href=\"http:\/\/www.blog.naszdzien.com.pl\/wp-content\/uploads\/2011\/03\/1277.jpg\"><img loading=\"lazy\" src=\"http:\/\/www.blog.naszdzien.com.pl\/wp-content\/uploads\/2011\/03\/1277.jpg\" alt=\"\" title=\"zdj\u0119cia \u015blubne, fotografia \u015blubna, fotograf racib\u00f3rz, sesja w plenerze, szalony plener, reporta\u017c \u015blubny, gliwice, katowice, rybnik, bytom, tarnowskie g\u00f3ry, tychy, wodzis\u0142aw, fotograf, wideo, filmowanie wesel, wideo rejestracja, \u015bluby, wesela, imprezy\" width=\"620\" height=\"413\" class=\"aligncenter size-full wp-image-730\" srcset=\"http:\/\/www.naszdzien.com.pl\/blog\/wp-content\/uploads\/2011\/03\/1277.jpg 680w, http:\/\/www.naszdzien.com.pl\/blog\/wp-content\/uploads\/2011\/03\/1277-400x266.jpg 400w, http:\/\/www.naszdzien.com.pl\/blog\/wp-content\/uploads\/2011\/03\/1277-450x300.jpg 450w, http:\/\/www.naszdzien.com.pl\/blog\/wp-content\/uploads\/2011\/03\/1277-90x60.jpg 90w, http:\/\/www.naszdzien.com.pl\/blog\/wp-content\/uploads\/2011\/03\/1277-300x199.jpg 300w\" sizes=\"(max-width: 620px) 100vw, 620px\" \/><\/a><\/p>\n<p><a href=\"http:\/\/www.blog.naszdzien.com.pl\/wp-content\/uploads\/2011\/03\/1308.jpg\"><img loading=\"lazy\" src=\"http:\/\/www.blog.naszdzien.com.pl\/wp-content\/uploads\/2011\/03\/1308.jpg\" alt=\"\" title=\"zdj\u0119cia \u015blubne, fotografia \u015blubna, fotograf racib\u00f3rz, sesja w plenerze, szalony plener, reporta\u017c \u015blubny, gliwice, katowice, rybnik, bytom, tarnowskie g\u00f3ry, tychy, wodzis\u0142aw, fotograf, wideo, filmowanie wesel, wideo rejestracja, \u015bluby, wesela, imprezy\" width=\"412\" height=\"620\" class=\"aligncenter size-full wp-image-731\" srcset=\"http:\/\/www.naszdzien.com.pl\/blog\/wp-content\/uploads\/2011\/03\/1308.jpg 452w, http:\/\/www.naszdzien.com.pl\/blog\/wp-content\/uploads\/2011\/03\/1308-266x400.jpg 266w, http:\/\/www.naszdzien.com.pl\/blog\/wp-content\/uploads\/2011\/03\/1308-40x60.jpg 40w, http:\/\/www.naszdzien.com.pl\/blog\/wp-content\/uploads\/2011\/03\/1308-199x300.jpg 199w\" sizes=\"(max-width: 412px) 100vw, 412px\" \/><\/a><\/p>\n<p><a href=\"http:\/\/www.blog.naszdzien.com.pl\/wp-content\/uploads\/2011\/03\/1311.jpg\"><img loading=\"lazy\" src=\"http:\/\/www.blog.naszdzien.com.pl\/wp-content\/uploads\/2011\/03\/1311.jpg\" alt=\"\" title=\"zdj\u0119cia \u015blubne, fotografia \u015blubna, fotograf racib\u00f3rz, sesja w plenerze, szalony plener, reporta\u017c \u015blubny, gliwice, katowice, rybnik, bytom, tarnowskie g\u00f3ry, tychy, wodzis\u0142aw, fotograf, wideo, filmowanie wesel, wideo rejestracja, \u015bluby, wesela, imprezy\" width=\"620\" height=\"413\" class=\"aligncenter size-full wp-image-732\" srcset=\"http:\/\/www.naszdzien.com.pl\/blog\/wp-content\/uploads\/2011\/03\/1311.jpg 680w, http:\/\/www.naszdzien.com.pl\/blog\/wp-content\/uploads\/2011\/03\/1311-400x266.jpg 400w, http:\/\/www.naszdzien.com.pl\/blog\/wp-content\/uploads\/2011\/03\/1311-450x300.jpg 450w, http:\/\/www.naszdzien.com.pl\/blog\/wp-content\/uploads\/2011\/03\/1311-90x60.jpg 90w, http:\/\/www.naszdzien.com.pl\/blog\/wp-content\/uploads\/2011\/03\/1311-300x199.jpg 300w\" sizes=\"(max-width: 620px) 100vw, 620px\" \/><\/a><\/p>\n<p><a href=\"http:\/\/www.blog.naszdzien.com.pl\/wp-content\/uploads\/2011\/03\/1314.jpg\"><img loading=\"lazy\" src=\"http:\/\/www.blog.naszdzien.com.pl\/wp-content\/uploads\/2011\/03\/1314.jpg\" alt=\"\" title=\"zdj\u0119cia \u015blubne, fotografia \u015blubna, fotograf racib\u00f3rz, sesja w plenerze, szalony plener, reporta\u017c \u015blubny, gliwice, katowice, rybnik, bytom, tarnowskie g\u00f3ry, tychy, wodzis\u0142aw, fotograf, wideo, filmowanie wesel, wideo rejestracja, \u015bluby, wesela, imprezy\" width=\"620\" height=\"413\" class=\"aligncenter size-full wp-image-733\" srcset=\"http:\/\/www.naszdzien.com.pl\/blog\/wp-content\/uploads\/2011\/03\/1314.jpg 680w, http:\/\/www.naszdzien.com.pl\/blog\/wp-content\/uploads\/2011\/03\/1314-400x266.jpg 400w, http:\/\/www.naszdzien.com.pl\/blog\/wp-content\/uploads\/2011\/03\/1314-450x300.jpg 450w, http:\/\/www.naszdzien.com.pl\/blog\/wp-content\/uploads\/2011\/03\/1314-90x60.jpg 90w, http:\/\/www.naszdzien.com.pl\/blog\/wp-content\/uploads\/2011\/03\/1314-300x199.jpg 300w\" sizes=\"(max-width: 620px) 100vw, 620px\" \/><\/a><\/p>\n<p><a href=\"http:\/\/www.blog.naszdzien.com.pl\/wp-content\/uploads\/2011\/03\/1319.jpg\"><img loading=\"lazy\" src=\"http:\/\/www.blog.naszdzien.com.pl\/wp-content\/uploads\/2011\/03\/1319.jpg\" alt=\"\" title=\"zdj\u0119cia \u015blubne, fotografia \u015blubna, fotograf racib\u00f3rz, sesja w plenerze, szalony plener, reporta\u017c \u015blubny, gliwice, katowice, rybnik, bytom, tarnowskie g\u00f3ry, tychy, wodzis\u0142aw, fotograf, wideo, filmowanie wesel, wideo rejestracja, \u015bluby, wesela, imprezy\" width=\"413\" height=\"620\" class=\"aligncenter size-full wp-image-734\" srcset=\"http:\/\/www.naszdzien.com.pl\/blog\/wp-content\/uploads\/2011\/03\/1319.jpg 453w, http:\/\/www.naszdzien.com.pl\/blog\/wp-content\/uploads\/2011\/03\/1319-266x400.jpg 266w, http:\/\/www.naszdzien.com.pl\/blog\/wp-content\/uploads\/2011\/03\/1319-40x60.jpg 40w, http:\/\/www.naszdzien.com.pl\/blog\/wp-content\/uploads\/2011\/03\/1319-199x300.jpg 199w\" sizes=\"(max-width: 413px) 100vw, 413px\" \/><\/a><\/p>\n<p><a href=\"http:\/\/www.blog.naszdzien.com.pl\/wp-content\/uploads\/2011\/03\/1334.jpg\"><img loading=\"lazy\" src=\"http:\/\/www.blog.naszdzien.com.pl\/wp-content\/uploads\/2011\/03\/1334.jpg\" alt=\"\" title=\"zdj\u0119cia \u015blubne, fotografia \u015blubna, fotograf racib\u00f3rz, sesja w plenerze, szalony plener, reporta\u017c \u015blubny, gliwice, katowice, rybnik, bytom, tarnowskie g\u00f3ry, tychy, wodzis\u0142aw, fotograf, wideo, filmowanie wesel, wideo rejestracja, \u015bluby, wesela, imprezy\" width=\"412\" height=\"620\" class=\"aligncenter size-full wp-image-735\" srcset=\"http:\/\/www.naszdzien.com.pl\/blog\/wp-content\/uploads\/2011\/03\/1334.jpg 452w, http:\/\/www.naszdzien.com.pl\/blog\/wp-content\/uploads\/2011\/03\/1334-266x400.jpg 266w, http:\/\/www.naszdzien.com.pl\/blog\/wp-content\/uploads\/2011\/03\/1334-40x60.jpg 40w, http:\/\/www.naszdzien.com.pl\/blog\/wp-content\/uploads\/2011\/03\/1334-199x300.jpg 199w\" sizes=\"(max-width: 412px) 100vw, 412px\" \/><\/a><\/p>\n<p><a href=\"http:\/\/www.blog.naszdzien.com.pl\/wp-content\/uploads\/2011\/03\/1346.jpg\"><img loading=\"lazy\" src=\"http:\/\/www.blog.naszdzien.com.pl\/wp-content\/uploads\/2011\/03\/1346.jpg\" alt=\"\" title=\"zdj\u0119cia \u015blubne, fotografia \u015blubna, fotograf racib\u00f3rz, sesja w plenerze, szalony plener, reporta\u017c \u015blubny, gliwice, katowice, rybnik, bytom, tarnowskie g\u00f3ry, tychy, wodzis\u0142aw, fotograf, wideo, filmowanie wesel, wideo rejestracja, \u015bluby, wesela, imprezy\" width=\"620\" height=\"413\" class=\"aligncenter size-full wp-image-736\" srcset=\"http:\/\/www.naszdzien.com.pl\/blog\/wp-content\/uploads\/2011\/03\/1346.jpg 680w, http:\/\/www.naszdzien.com.pl\/blog\/wp-content\/uploads\/2011\/03\/1346-400x266.jpg 400w, http:\/\/www.naszdzien.com.pl\/blog\/wp-content\/uploads\/2011\/03\/1346-450x300.jpg 450w, http:\/\/www.naszdzien.com.pl\/blog\/wp-content\/uploads\/2011\/03\/1346-90x60.jpg 90w, http:\/\/www.naszdzien.com.pl\/blog\/wp-content\/uploads\/2011\/03\/1346-300x199.jpg 300w\" sizes=\"(max-width: 620px) 100vw, 620px\" \/><\/a><\/p>\n<p><a href=\"http:\/\/www.blog.naszdzien.com.pl\/wp-content\/uploads\/2011\/03\/1349.jpg\"><img loading=\"lazy\" src=\"http:\/\/www.blog.naszdzien.com.pl\/wp-content\/uploads\/2011\/03\/1349.jpg\" alt=\"\" title=\"zdj\u0119cia \u015blubne, fotografia \u015blubna, fotograf racib\u00f3rz, sesja w plenerze, szalony plener, reporta\u017c \u015blubny, gliwice, katowice, rybnik, bytom, tarnowskie g\u00f3ry, tychy, wodzis\u0142aw, fotograf, wideo, filmowanie wesel, wideo rejestracja, \u015bluby, wesela, imprezy\" width=\"620\" height=\"413\" class=\"aligncenter size-full wp-image-737\" srcset=\"http:\/\/www.naszdzien.com.pl\/blog\/wp-content\/uploads\/2011\/03\/1349.jpg 680w, http:\/\/www.naszdzien.com.pl\/blog\/wp-content\/uploads\/2011\/03\/1349-400x266.jpg 400w, http:\/\/www.naszdzien.com.pl\/blog\/wp-content\/uploads\/2011\/03\/1349-450x300.jpg 450w, http:\/\/www.naszdzien.com.pl\/blog\/wp-content\/uploads\/2011\/03\/1349-90x60.jpg 90w, http:\/\/www.naszdzien.com.pl\/blog\/wp-content\/uploads\/2011\/03\/1349-300x199.jpg 300w\" sizes=\"(max-width: 620px) 100vw, 620px\" \/><\/a><\/p>\n<p><a href=\"http:\/\/www.blog.naszdzien.com.pl\/wp-content\/uploads\/2011\/03\/1359.jpg\"><img loading=\"lazy\" src=\"http:\/\/www.blog.naszdzien.com.pl\/wp-content\/uploads\/2011\/03\/1359.jpg\" alt=\"\" title=\"zdj\u0119cia \u015blubne, fotografia \u015blubna, fotograf racib\u00f3rz, sesja w plenerze, szalony plener, reporta\u017c \u015blubny, gliwice, katowice, rybnik, bytom, tarnowskie g\u00f3ry, tychy, wodzis\u0142aw, fotograf, wideo, filmowanie wesel, wideo rejestracja, \u015bluby, wesela, imprezy\" width=\"413\" height=\"620\" class=\"aligncenter size-full wp-image-738\" srcset=\"http:\/\/www.naszdzien.com.pl\/blog\/wp-content\/uploads\/2011\/03\/1359.jpg 453w, http:\/\/www.naszdzien.com.pl\/blog\/wp-content\/uploads\/2011\/03\/1359-266x400.jpg 266w, http:\/\/www.naszdzien.com.pl\/blog\/wp-content\/uploads\/2011\/03\/1359-40x60.jpg 40w, http:\/\/www.naszdzien.com.pl\/blog\/wp-content\/uploads\/2011\/03\/1359-199x300.jpg 199w\" sizes=\"(max-width: 413px) 100vw, 413px\" \/><\/a><\/p>\n<p><a href=\"http:\/\/www.blog.naszdzien.com.pl\/wp-content\/uploads\/2011\/03\/1362.jpg\"><img loading=\"lazy\" src=\"http:\/\/www.blog.naszdzien.com.pl\/wp-content\/uploads\/2011\/03\/1362.jpg\" alt=\"\" title=\"zdj\u0119cia \u015blubne, fotografia \u015blubna, fotograf racib\u00f3rz, sesja w plenerze, szalony plener, reporta\u017c \u015blubny, gliwice, katowice, rybnik, bytom, tarnowskie g\u00f3ry, tychy, wodzis\u0142aw, fotograf, wideo, filmowanie wesel, wideo rejestracja, \u015bluby, wesela, imprezy\" width=\"620\" height=\"413\" class=\"aligncenter size-full wp-image-739\" srcset=\"http:\/\/www.naszdzien.com.pl\/blog\/wp-content\/uploads\/2011\/03\/1362.jpg 680w, http:\/\/www.naszdzien.com.pl\/blog\/wp-content\/uploads\/2011\/03\/1362-400x266.jpg 400w, http:\/\/www.naszdzien.com.pl\/blog\/wp-content\/uploads\/2011\/03\/1362-450x300.jpg 450w, http:\/\/www.naszdzien.com.pl\/blog\/wp-content\/uploads\/2011\/03\/1362-90x60.jpg 90w, http:\/\/www.naszdzien.com.pl\/blog\/wp-content\/uploads\/2011\/03\/1362-300x199.jpg 300w\" sizes=\"(max-width: 620px) 100vw, 620px\" \/><\/a><\/p>\n<p><a href=\"http:\/\/www.blog.naszdzien.com.pl\/wp-content\/uploads\/2011\/03\/1364.jpg\"><img loading=\"lazy\" src=\"http:\/\/www.blog.naszdzien.com.pl\/wp-content\/uploads\/2011\/03\/1364.jpg\" alt=\"\" title=\"zdj\u0119cia \u015blubne, fotografia \u015blubna, fotograf racib\u00f3rz, sesja w plenerze, szalony plener, reporta\u017c \u015blubny, gliwice, katowice, rybnik, bytom, tarnowskie g\u00f3ry, tychy, wodzis\u0142aw, fotograf, wideo, filmowanie wesel, wideo rejestracja, \u015bluby, wesela, imprezy\" width=\"620\" height=\"413\" class=\"aligncenter size-full wp-image-740\" srcset=\"http:\/\/www.naszdzien.com.pl\/blog\/wp-content\/uploads\/2011\/03\/1364.jpg 680w, http:\/\/www.naszdzien.com.pl\/blog\/wp-content\/uploads\/2011\/03\/1364-400x266.jpg 400w, http:\/\/www.naszdzien.com.pl\/blog\/wp-content\/uploads\/2011\/03\/1364-450x300.jpg 450w, http:\/\/www.naszdzien.com.pl\/blog\/wp-content\/uploads\/2011\/03\/1364-90x60.jpg 90w, http:\/\/www.naszdzien.com.pl\/blog\/wp-content\/uploads\/2011\/03\/1364-300x199.jpg 300w\" sizes=\"(max-width: 620px) 100vw, 620px\" \/><\/a><\/p>\n<p><a href=\"http:\/\/www.blog.naszdzien.com.pl\/wp-content\/uploads\/2011\/03\/1366.jpg\"><img loading=\"lazy\" src=\"http:\/\/www.blog.naszdzien.com.pl\/wp-content\/uploads\/2011\/03\/1366.jpg\" alt=\"\" title=\"zdj\u0119cia \u015blubne, fotografia \u015blubna, fotograf racib\u00f3rz, sesja w plenerze, szalony plener, reporta\u017c \u015blubny, gliwice, katowice, rybnik, bytom, tarnowskie g\u00f3ry, tychy, wodzis\u0142aw, fotograf, wideo, filmowanie wesel, wideo rejestracja, \u015bluby, wesela, imprezy\" width=\"620\" height=\"413\" class=\"aligncenter size-full wp-image-741\" srcset=\"http:\/\/www.naszdzien.com.pl\/blog\/wp-content\/uploads\/2011\/03\/1366.jpg 680w, http:\/\/www.naszdzien.com.pl\/blog\/wp-content\/uploads\/2011\/03\/1366-400x266.jpg 400w, http:\/\/www.naszdzien.com.pl\/blog\/wp-content\/uploads\/2011\/03\/1366-450x300.jpg 450w, http:\/\/www.naszdzien.com.pl\/blog\/wp-content\/uploads\/2011\/03\/1366-90x60.jpg 90w, http:\/\/www.naszdzien.com.pl\/blog\/wp-content\/uploads\/2011\/03\/1366-300x199.jpg 300w\" sizes=\"(max-width: 620px) 100vw, 620px\" \/><\/a><\/p>\n<p><a href=\"http:\/\/www.blog.naszdzien.com.pl\/wp-content\/uploads\/2011\/03\/1371.jpg\"><img loading=\"lazy\" src=\"http:\/\/www.blog.naszdzien.com.pl\/wp-content\/uploads\/2011\/03\/1371.jpg\" alt=\"\" title=\"zdj\u0119cia \u015blubne, fotografia \u015blubna, fotograf racib\u00f3rz, sesja w plenerze, szalony plener, reporta\u017c \u015blubny, gliwice, katowice, rybnik, bytom, tarnowskie g\u00f3ry, tychy, wodzis\u0142aw, fotograf, wideo, filmowanie wesel, wideo rejestracja, \u015bluby, wesela, imprezy\" width=\"620\" height=\"413\" class=\"aligncenter size-full wp-image-742\" srcset=\"http:\/\/www.naszdzien.com.pl\/blog\/wp-content\/uploads\/2011\/03\/1371.jpg 680w, http:\/\/www.naszdzien.com.pl\/blog\/wp-content\/uploads\/2011\/03\/1371-400x266.jpg 400w, http:\/\/www.naszdzien.com.pl\/blog\/wp-content\/uploads\/2011\/03\/1371-450x300.jpg 450w, http:\/\/www.naszdzien.com.pl\/blog\/wp-content\/uploads\/2011\/03\/1371-90x60.jpg 90w, http:\/\/www.naszdzien.com.pl\/blog\/wp-content\/uploads\/2011\/03\/1371-300x199.jpg 300w\" sizes=\"(max-width: 620px) 100vw, 620px\" \/><\/a><\/p>\n<p><a href=\"http:\/\/www.blog.naszdzien.com.pl\/wp-content\/uploads\/2011\/03\/1375.jpg\"><img loading=\"lazy\" src=\"http:\/\/www.blog.naszdzien.com.pl\/wp-content\/uploads\/2011\/03\/1375.jpg\" alt=\"\" title=\"zdj\u0119cia \u015blubne, fotografia \u015blubna, fotograf racib\u00f3rz, sesja w plenerze, szalony plener, reporta\u017c \u015blubny, gliwice, katowice, rybnik, bytom, tarnowskie g\u00f3ry, tychy, wodzis\u0142aw, fotograf, wideo, filmowanie wesel, wideo rejestracja, \u015bluby, wesela, imprezy\" width=\"620\" height=\"413\" class=\"aligncenter size-full wp-image-743\" srcset=\"http:\/\/www.naszdzien.com.pl\/blog\/wp-content\/uploads\/2011\/03\/1375.jpg 680w, http:\/\/www.naszdzien.com.pl\/blog\/wp-content\/uploads\/2011\/03\/1375-400x266.jpg 400w, http:\/\/www.naszdzien.com.pl\/blog\/wp-content\/uploads\/2011\/03\/1375-450x300.jpg 450w, http:\/\/www.naszdzien.com.pl\/blog\/wp-content\/uploads\/2011\/03\/1375-90x60.jpg 90w, http:\/\/www.naszdzien.com.pl\/blog\/wp-content\/uploads\/2011\/03\/1375-300x199.jpg 300w\" sizes=\"(max-width: 620px) 100vw, 620px\" \/><\/a><\/p>\n<p><a href=\"http:\/\/www.blog.naszdzien.com.pl\/wp-content\/uploads\/2011\/03\/1391.jpg\"><img loading=\"lazy\" src=\"http:\/\/www.blog.naszdzien.com.pl\/wp-content\/uploads\/2011\/03\/1391.jpg\" alt=\"\" title=\"zdj\u0119cia \u015blubne, fotografia \u015blubna, fotograf racib\u00f3rz, sesja w plenerze, szalony plener, reporta\u017c \u015blubny, gliwice, katowice, rybnik, bytom, tarnowskie g\u00f3ry, tychy, wodzis\u0142aw, fotograf, wideo, filmowanie wesel, wideo rejestracja, \u015bluby, wesela, imprezy\" width=\"620\" height=\"413\" class=\"aligncenter size-full wp-image-744\" srcset=\"http:\/\/www.naszdzien.com.pl\/blog\/wp-content\/uploads\/2011\/03\/1391.jpg 680w, http:\/\/www.naszdzien.com.pl\/blog\/wp-content\/uploads\/2011\/03\/1391-400x266.jpg 400w, http:\/\/www.naszdzien.com.pl\/blog\/wp-content\/uploads\/2011\/03\/1391-450x300.jpg 450w, http:\/\/www.naszdzien.com.pl\/blog\/wp-content\/uploads\/2011\/03\/1391-90x60.jpg 90w, http:\/\/www.naszdzien.com.pl\/blog\/wp-content\/uploads\/2011\/03\/1391-300x199.jpg 300w\" sizes=\"(max-width: 620px) 100vw, 620px\" \/><\/a><\/p>\n<p><a href=\"http:\/\/www.blog.naszdzien.com.pl\/wp-content\/uploads\/2011\/03\/1410.jpg\"><img loading=\"lazy\" src=\"http:\/\/www.blog.naszdzien.com.pl\/wp-content\/uploads\/2011\/03\/1410.jpg\" alt=\"\" title=\"zdj\u0119cia \u015blubne, fotografia \u015blubna, fotograf racib\u00f3rz, sesja w plenerze, szalony plener, reporta\u017c \u015blubny, gliwice, katowice, rybnik, bytom, tarnowskie g\u00f3ry, tychy, wodzis\u0142aw, fotograf, wideo, filmowanie wesel, wideo rejestracja, \u015bluby, wesela, imprezy\" width=\"620\" height=\"413\" class=\"aligncenter size-full wp-image-745\" srcset=\"http:\/\/www.naszdzien.com.pl\/blog\/wp-content\/uploads\/2011\/03\/1410.jpg 680w, http:\/\/www.naszdzien.com.pl\/blog\/wp-content\/uploads\/2011\/03\/1410-400x266.jpg 400w, http:\/\/www.naszdzien.com.pl\/blog\/wp-content\/uploads\/2011\/03\/1410-450x300.jpg 450w, http:\/\/www.naszdzien.com.pl\/blog\/wp-content\/uploads\/2011\/03\/1410-90x60.jpg 90w, http:\/\/www.naszdzien.com.pl\/blog\/wp-content\/uploads\/2011\/03\/1410-300x199.jpg 300w\" sizes=\"(max-width: 620px) 100vw, 620px\" \/><\/a><\/p>\n<p><a href=\"http:\/\/www.blog.naszdzien.com.pl\/wp-content\/uploads\/2011\/03\/1415.jpg\"><img loading=\"lazy\" src=\"http:\/\/www.blog.naszdzien.com.pl\/wp-content\/uploads\/2011\/03\/1415.jpg\" alt=\"\" title=\"zdj\u0119cia \u015blubne, fotografia \u015blubna, fotograf racib\u00f3rz, sesja w plenerze, szalony plener, reporta\u017c \u015blubny, gliwice, katowice, rybnik, bytom, tarnowskie g\u00f3ry, tychy, wodzis\u0142aw, fotograf, wideo, filmowanie wesel, wideo rejestracja, \u015bluby, wesela, imprezy\" width=\"620\" height=\"413\" class=\"aligncenter size-full wp-image-746\" srcset=\"http:\/\/www.naszdzien.com.pl\/blog\/wp-content\/uploads\/2011\/03\/1415.jpg 680w, http:\/\/www.naszdzien.com.pl\/blog\/wp-content\/uploads\/2011\/03\/1415-400x266.jpg 400w, http:\/\/www.naszdzien.com.pl\/blog\/wp-content\/uploads\/2011\/03\/1415-450x300.jpg 450w, http:\/\/www.naszdzien.com.pl\/blog\/wp-content\/uploads\/2011\/03\/1415-90x60.jpg 90w, http:\/\/www.naszdzien.com.pl\/blog\/wp-content\/uploads\/2011\/03\/1415-300x199.jpg 300w\" sizes=\"(max-width: 620px) 100vw, 620px\" \/><\/a><\/p>\n<p><a href=\"http:\/\/www.blog.naszdzien.com.pl\/wp-content\/uploads\/2011\/03\/1422.jpg\"><img loading=\"lazy\" src=\"http:\/\/www.blog.naszdzien.com.pl\/wp-content\/uploads\/2011\/03\/1422.jpg\" alt=\"\" title=\"zdj\u0119cia \u015blubne, fotografia \u015blubna, fotograf racib\u00f3rz, sesja w plenerze, szalony plener, reporta\u017c \u015blubny, gliwice, katowice, rybnik, bytom, tarnowskie g\u00f3ry, tychy, wodzis\u0142aw, fotograf, wideo, filmowanie wesel, wideo rejestracja, \u015bluby, wesela, imprezy\" width=\"620\" height=\"413\" class=\"aligncenter size-full wp-image-747\" srcset=\"http:\/\/www.naszdzien.com.pl\/blog\/wp-content\/uploads\/2011\/03\/1422.jpg 680w, http:\/\/www.naszdzien.com.pl\/blog\/wp-content\/uploads\/2011\/03\/1422-400x266.jpg 400w, http:\/\/www.naszdzien.com.pl\/blog\/wp-content\/uploads\/2011\/03\/1422-450x300.jpg 450w, http:\/\/www.naszdzien.com.pl\/blog\/wp-content\/uploads\/2011\/03\/1422-90x60.jpg 90w, http:\/\/www.naszdzien.com.pl\/blog\/wp-content\/uploads\/2011\/03\/1422-300x199.jpg 300w\" sizes=\"(max-width: 620px) 100vw, 620px\" \/><\/a><\/p>\n<p><a href=\"http:\/\/www.blog.naszdzien.com.pl\/wp-content\/uploads\/2011\/03\/1423.jpg\"><img loading=\"lazy\" src=\"http:\/\/www.blog.naszdzien.com.pl\/wp-content\/uploads\/2011\/03\/1423.jpg\" alt=\"\" title=\"zdj\u0119cia \u015blubne, fotografia \u015blubna, fotograf racib\u00f3rz, sesja w plenerze, szalony plener, reporta\u017c \u015blubny, gliwice, katowice, rybnik, bytom, tarnowskie g\u00f3ry, tychy, wodzis\u0142aw, fotograf, wideo, filmowanie wesel, wideo rejestracja, \u015bluby, wesela, imprezy\" width=\"620\" height=\"413\" class=\"aligncenter size-full wp-image-748\" srcset=\"http:\/\/www.naszdzien.com.pl\/blog\/wp-content\/uploads\/2011\/03\/1423.jpg 680w, http:\/\/www.naszdzien.com.pl\/blog\/wp-content\/uploads\/2011\/03\/1423-400x266.jpg 400w, http:\/\/www.naszdzien.com.pl\/blog\/wp-content\/uploads\/2011\/03\/1423-450x300.jpg 450w, http:\/\/www.naszdzien.com.pl\/blog\/wp-content\/uploads\/2011\/03\/1423-90x60.jpg 90w, http:\/\/www.naszdzien.com.pl\/blog\/wp-content\/uploads\/2011\/03\/1423-300x199.jpg 300w\" sizes=\"(max-width: 620px) 100vw, 620px\" \/><\/a><\/p>\n<p><a href=\"http:\/\/www.blog.naszdzien.com.pl\/wp-content\/uploads\/2011\/03\/1428.jpg\"><img loading=\"lazy\" src=\"http:\/\/www.blog.naszdzien.com.pl\/wp-content\/uploads\/2011\/03\/1428.jpg\" alt=\"\" title=\"zdj\u0119cia \u015blubne, fotografia \u015blubna, fotograf racib\u00f3rz, sesja w plenerze, szalony plener, reporta\u017c \u015blubny, gliwice, katowice, rybnik, bytom, tarnowskie g\u00f3ry, tychy, wodzis\u0142aw, fotograf, wideo, filmowanie wesel, wideo rejestracja, \u015bluby, wesela, imprezy\" width=\"620\" height=\"413\" class=\"aligncenter size-full wp-image-749\" srcset=\"http:\/\/www.naszdzien.com.pl\/blog\/wp-content\/uploads\/2011\/03\/1428.jpg 680w, http:\/\/www.naszdzien.com.pl\/blog\/wp-content\/uploads\/2011\/03\/1428-400x266.jpg 400w, http:\/\/www.naszdzien.com.pl\/blog\/wp-content\/uploads\/2011\/03\/1428-450x300.jpg 450w, http:\/\/www.naszdzien.com.pl\/blog\/wp-content\/uploads\/2011\/03\/1428-90x60.jpg 90w, http:\/\/www.naszdzien.com.pl\/blog\/wp-content\/uploads\/2011\/03\/1428-300x199.jpg 300w\" sizes=\"(max-width: 620px) 100vw, 620px\" \/><\/a><\/p>\n","protected":false},"excerpt":{"rendered":"<p>Przedstawiam pr\u00f3bk\u0119 z reporta\u017cu \u015blubnego Agaty i Darka. W mi\u0142ej atmosferze sp\u0119dzili\u015bmy ze sob\u0105 wiele godzin podczas wesela oraz na plenerze bawi\u0105c si\u0119 przy tym \u015bwietnie a efekty tego prezentuj\u0119 poni\u017cej. Pozdrawiam Was \ud83d\ude42<\/p>\n","protected":false},"author":1,"featured_media":722,"comment_status":"open","ping_status":"closed","sticky":false,"template":"","format":"standard","meta":[],"categories":[5],"tags":[10,39,40,16,37,11,19,14,41,48,21,38,52,86,65,12,30,29,9,7,46,44,43,31,13,22,24,45],"_links":{"self":[{"href":"http:\/\/www.naszdzien.com.pl\/blog\/wp-json\/wp\/v2\/posts\/677"}],"collection":[{"href":"http:\/\/www.naszdzien.com.pl\/blog\/wp-json\/wp\/v2\/posts"}],"about":[{"href":"http:\/\/www.naszdzien.com.pl\/blog\/wp-json\/wp\/v2\/types\/post"}],"author":[{"embeddable":true,"href":"http:\/\/www.naszdzien.com.pl\/blog\/wp-json\/wp\/v2\/users\/1"}],"replies":[{"embeddable":true,"href":"http:\/\/www.naszdzien.com.pl\/blog\/wp-json\/wp\/v2\/comments?post=677"}],"version-history":[{"count":19,"href":"http:\/\/www.naszdzien.com.pl\/blog\/wp-json\/wp\/v2\/posts\/677\/revisions"}],"predecessor-version":[{"id":843,"href":"http:\/\/www.naszdzien.com.pl\/blog\/wp-json\/wp\/v2\/posts\/677\/revisions\/843"}],"wp:featuredmedia":[{"embeddable":true,"href":"http:\/\/www.naszdzien.com.pl\/blog\/wp-json\/wp\/v2\/media\/722"}],"wp:attachment":[{"href":"http:\/\/www.naszdzien.com.pl\/blog\/wp-json\/wp\/v2\/media?parent=677"}],"wp:term":[{"taxonomy":"category","embeddable":true,"href":"http:\/\/www.naszdzien.com.pl\/blog\/wp-json\/wp\/v2\/categories?post=677"},{"taxonomy":"post_tag","embeddable":true,"href":"http:\/\/www.naszdzien.com.pl\/blog\/wp-json\/wp\/v2\/tags?post=677"}],"curies":[{"name":"wp","href":"https:\/\/api.w.org\/{rel}","templated":true}]}}